{"id":423061,"date":"2025-09-28T05:42:11","date_gmt":"2025-09-28T05:42:11","guid":{"rendered":"https:\/\/www.europesays.com\/fr\/423061\/"},"modified":"2025-09-28T05:42:11","modified_gmt":"2025-09-28T05:42:11","slug":"48-heures-pour-fouiller-chiner-vibrer-a-loctroi","status":"publish","type":"post","link":"https:\/\/www.europesays.com\/fr\/423061\/","title":{"rendered":"48 heures pour fouiller, chiner, vibrer \u00e0 l&rsquo;Octroi"},"content":{"rendered":"<p>La Foire aux disques de Nancy se tient cette\u00a0fois sur deux jours \u00e0 l\u2019Octroi. Ce rendez-vous , incontournable pour les amoureux de la musique, rassemble des exposants venus de France, d\u2019Allemagne et de Belgique, et propose une large s\u00e9lection de vinyles, disques, CD, cassettes, affiches, tee-shirts et goodies.\u00a0L&rsquo;occasion de faire de belles d\u00e9couvertes, d&rsquo;y chiner des \u00e9ditions rares, ou simplement de red\u00e9couvrir des morceaux oubli\u00e9s. Tous les styles musicaux sont repr\u00e9sent\u00e9s,l\u2019\u00e9v\u00e9nement s\u2019adresse autant aux collectionneurs avertis qu\u2019aux curieux, dans une ambiance conviviale et accessible. Et avec le retour du soleil, toutes les chances sont de votre c\u00f4t\u00e9 pour que vous passiez un moment agr\u00e9able, entre musique, rencontres et trouvailles.<\/p>\n","protected":false},"excerpt":{"rendered":"La Foire aux disques de Nancy se tient cette\u00a0fois sur deux jours \u00e0 l\u2019Octroi. Ce rendez-vous , incontournable&hellip;\n","protected":false},"author":2,"featured_media":423062,"comment_status":"","ping_status":"","sticky":false,"template":"","format":"standard","meta":{"footnotes":""},"categories":[9635],"tags":[1111,11,33,1704,1777,674,107,1685,1011,27,2798,775,873,1702,12,25],"class_list":{"0":"post-423061","1":"post","2":"type-post","3":"status-publish","4":"format-standard","5":"has-post-thumbnail","7":"category-nancy","8":"tag-actu","9":"tag-actualites","10":"tag-economie","11":"tag-edition-nancy-et-agglomeration","12":"tag-eu","13":"tag-europe","14":"tag-fil-info","15":"tag-foire-et-salon","16":"tag-fr","17":"tag-france","18":"tag-galerie-photo","19":"tag-grand-est","20":"tag-musique","21":"tag-nancy","22":"tag-news","23":"tag-republique-francaise"},"share_on_mastodon":{"url":"https:\/\/pubeurope.com\/@fr\/115280330290312355","error":""},"_links":{"self":[{"href":"https:\/\/www.europesays.com\/fr\/wp-json\/wp\/v2\/posts\/423061","targetHints":{"allow":["GET"]}}],"collection":[{"href":"https:\/\/www.europesays.com\/fr\/wp-json\/wp\/v2\/posts"}],"about":[{"href":"https:\/\/www.europesays.com\/fr\/wp-json\/wp\/v2\/types\/post"}],"author":[{"embeddable":true,"href":"https:\/\/www.europesays.com\/fr\/wp-json\/wp\/v2\/users\/2"}],"replies":[{"embeddable":true,"href":"https:\/\/www.europesays.com\/fr\/wp-json\/wp\/v2\/comments?post=423061"}],"version-history":[{"count":0,"href":"https:\/\/www.europesays.com\/fr\/wp-json\/wp\/v2\/posts\/423061\/revisions"}],"wp:featuredmedia":[{"embeddable":true,"href":"https:\/\/www.europesays.com\/fr\/wp-json\/wp\/v2\/media\/423062"}],"wp:attachment":[{"href":"https:\/\/www.europesays.com\/fr\/wp-json\/wp\/v2\/media?parent=423061"}],"wp:term":[{"taxonomy":"category","embeddable":true,"href":"https:\/\/www.europesays.com\/fr\/wp-json\/wp\/v2\/categories?post=423061"},{"taxonomy":"post_tag","embeddable":true,"href":"https:\/\/www.europesays.com\/fr\/wp-json\/wp\/v2\/tags?post=423061"}],"curies":[{"name":"wp","href":"https:\/\/api.w.org\/{rel}","templated":true}]}}