{"id":423073,"date":"2025-09-28T05:51:20","date_gmt":"2025-09-28T05:51:20","guid":{"rendered":"https:\/\/www.europesays.com\/fr\/423073\/"},"modified":"2025-09-28T05:51:20","modified_gmt":"2025-09-28T05:51:20","slug":"leglise-au-milieu-du-village","status":"publish","type":"post","link":"https:\/\/www.europesays.com\/fr\/423073\/","title":{"rendered":"L&rsquo;Eglise au milieu du village"},"content":{"rendered":"<p>            Description de l&rsquo;\u00e9pisode<\/p>\n<p>Chaque dimanche, Gavin&rsquo;s Clemente Ruiz explore la richesse des \u00e9glises de France, en r\u00e9v\u00e9lant leur histoire, leur singularit\u00e9, ainsi que les activit\u00e9s culturelles et spirituelles qui les animent. Dans ce nouvel \u00e9pisode de \u201cL\u2019Eglise au milieu du village\u201d, direction Rouen, en Seine-Maritime, pour d\u00e9couvrir l\u2019\u00e9glise Saint-Nicaise transform\u00e9e en\u2026 \u00e9glise-brasserie.<\/p>\n<p><strong>L&rsquo;Eglise au milieu du village est un podcast issu de l&rsquo;\u00e9mission Le Club de l&rsquo;\u00e9t\u00e9 sur Europe 1.<\/strong><\/p>\n<p><strong>&#8211; Pr\u00e9sentation :<\/strong> Gavin&rsquo;s Clemente Ruiz\u00a0<br \/><strong>&#8211; Diffusion :<\/strong> Clara M\u00e9nard<\/p>\n<p>\u00a0<\/p>\n","protected":false},"excerpt":{"rendered":"Description de l&rsquo;\u00e9pisode Chaque dimanche, Gavin&rsquo;s Clemente Ruiz explore la richesse des \u00e9glises de France, en r\u00e9v\u00e9lant leur&hellip;\n","protected":false},"author":2,"featured_media":423074,"comment_status":"","ping_status":"","sticky":false,"template":"","format":"standard","meta":{"footnotes":""},"categories":[9587],"tags":[1111,11,1777,674,1011,27,12,5161,25,9590],"class_list":{"0":"post-423073","1":"post","2":"type-post","3":"status-publish","4":"format-standard","5":"has-post-thumbnail","7":"category-rouen","8":"tag-actu","9":"tag-actualites","10":"tag-eu","11":"tag-europe","12":"tag-fr","13":"tag-france","14":"tag-news","15":"tag-normandie","16":"tag-republique-francaise","17":"tag-rouen"},"share_on_mastodon":{"url":"https:\/\/pubeurope.com\/@fr\/115280365744611876","error":""},"_links":{"self":[{"href":"https:\/\/www.europesays.com\/fr\/wp-json\/wp\/v2\/posts\/423073","targetHints":{"allow":["GET"]}}],"collection":[{"href":"https:\/\/www.europesays.com\/fr\/wp-json\/wp\/v2\/posts"}],"about":[{"href":"https:\/\/www.europesays.com\/fr\/wp-json\/wp\/v2\/types\/post"}],"author":[{"embeddable":true,"href":"https:\/\/www.europesays.com\/fr\/wp-json\/wp\/v2\/users\/2"}],"replies":[{"embeddable":true,"href":"https:\/\/www.europesays.com\/fr\/wp-json\/wp\/v2\/comments?post=423073"}],"version-history":[{"count":0,"href":"https:\/\/www.europesays.com\/fr\/wp-json\/wp\/v2\/posts\/423073\/revisions"}],"wp:featuredmedia":[{"embeddable":true,"href":"https:\/\/www.europesays.com\/fr\/wp-json\/wp\/v2\/media\/423074"}],"wp:attachment":[{"href":"https:\/\/www.europesays.com\/fr\/wp-json\/wp\/v2\/media?parent=423073"}],"wp:term":[{"taxonomy":"category","embeddable":true,"href":"https:\/\/www.europesays.com\/fr\/wp-json\/wp\/v2\/categories?post=423073"},{"taxonomy":"post_tag","embeddable":true,"href":"https:\/\/www.europesays.com\/fr\/wp-json\/wp\/v2\/tags?post=423073"}],"curies":[{"name":"wp","href":"https:\/\/api.w.org\/{rel}","templated":true}]}}