{"id":423076,"date":"2025-09-28T05:53:40","date_gmt":"2025-09-28T05:53:40","guid":{"rendered":"https:\/\/www.europesays.com\/fr\/423076\/"},"modified":"2025-09-28T05:53:40","modified_gmt":"2025-09-28T05:53:40","slug":"les-agriculteurs-se-mobilisent-et-veulent-se-faire-entendre-devant-la-prefecture","status":"publish","type":"post","link":"https:\/\/www.europesays.com\/fr\/423076\/","title":{"rendered":"les agriculteurs se mobilisent et veulent se faire entendre devant la pr\u00e9fecture"},"content":{"rendered":"<p>Ils n\u2019\u00e9taient pas tr\u00e8s nombreux, un peu plus d\u2019une trentaine et sept tracteurs, mais ils ont fait <a href=\"https:\/\/www.ledauphine.com\/economie\/2025\/09\/26\/isere-des-agriculteurs-se-font-entendre-a-coups-de-canon-effaroucheur-devant-la-prefecture-a-grenoble\" target=\"_blank\" rel=\"noopener\"> du bruit<\/a> ce vendredi matin devant la pr\u00e9fecture \u00e0 Grenoble. Des agriculteurs, des membres de la FDSEA38 et des Jeunes Agriculteurs Is\u00e8re <a href=\"https:\/\/www.ledauphine.com\/social\/2025\/09\/22\/nous-sommes-a-la-merci-de-tout-pourquoi-les-agriculteurs-vont-se-mobiliser-ce-vendredi\" target=\"_blank\" rel=\"noopener\">ont r\u00e9pondu<\/a> \u00e0 l\u2019appel national lanc\u00e9 par la FNSEA (F\u00e9d\u00e9ration nationale des syndicats d\u2019exploitants agricoles), pour dire que \u00ab\u00a0trop, c\u2019est trop\u00a0\u00bb.<\/p>\n<p>\u00ab\u00a0Pris pour des cons\u2026\u00a0\u00bb<\/p>\n<p>Entre deux coups de\u00a0canon effaroucheur qui ont r\u00e9sonn\u00e9 en centre-ville, certains se sont l\u00e2ch\u00e9s\u00a0: \u00ab\u00a0On est pris pour des cons\u2026\u00a0\u00bb, souffle Andr\u00e9 Mollard. \u00ab\u00a0J\u2019ai nourri la France pendant 45 ans\u00a0\u00bb, en tant que mara\u00eecher du c\u00f4t\u00e9 de&#8230;<\/p>\n","protected":false},"excerpt":{"rendered":"Ils n\u2019\u00e9taient pas tr\u00e8s nombreux, un peu plus d\u2019une trentaine et sept tracteurs, mais ils ont fait du&hellip;\n","protected":false},"author":2,"featured_media":423077,"comment_status":"","ping_status":"","sticky":false,"template":"","format":"standard","meta":{"footnotes":""},"categories":[9566],"tags":[1111,11,327,2430,33,115,112,113,116,111,114,1777,674,107,1011,27,2731,2732,108,12,25,106,104],"class_list":{"0":"post-423076","1":"post","2":"type-post","3":"status-publish","4":"format-standard","5":"has-post-thumbnail","7":"category-grenoble","8":"tag-actu","9":"tag-actualites","10":"tag-agriculture","11":"tag-auvergne-rhone-alpes","12":"tag-economie","13":"tag-edition-bourgoin-jallieu-nord-dauphine","14":"tag-edition-grenoble-agglomeration","15":"tag-edition-gresivaudan-oisans","16":"tag-edition-la-tour-du-pin-nord-dauphine","17":"tag-edition-vienne-roussillon","18":"tag-edition-voiron-saint-marcellin","19":"tag-eu","20":"tag-europe","21":"tag-fil-info","22":"tag-fr","23":"tag-france","24":"tag-grenoble","25":"tag-grenoble-bassin","26":"tag-isere","27":"tag-news","28":"tag-republique-francaise","29":"tag-selection-de-la-redaction-38","30":"tag-societe"},"share_on_mastodon":{"url":"https:\/\/pubeurope.com\/@fr\/115280373553569813","error":""},"_links":{"self":[{"href":"https:\/\/www.europesays.com\/fr\/wp-json\/wp\/v2\/posts\/423076","targetHints":{"allow":["GET"]}}],"collection":[{"href":"https:\/\/www.europesays.com\/fr\/wp-json\/wp\/v2\/posts"}],"about":[{"href":"https:\/\/www.europesays.com\/fr\/wp-json\/wp\/v2\/types\/post"}],"author":[{"embeddable":true,"href":"https:\/\/www.europesays.com\/fr\/wp-json\/wp\/v2\/users\/2"}],"replies":[{"embeddable":true,"href":"https:\/\/www.europesays.com\/fr\/wp-json\/wp\/v2\/comments?post=423076"}],"version-history":[{"count":0,"href":"https:\/\/www.europesays.com\/fr\/wp-json\/wp\/v2\/posts\/423076\/revisions"}],"wp:featuredmedia":[{"embeddable":true,"href":"https:\/\/www.europesays.com\/fr\/wp-json\/wp\/v2\/media\/423077"}],"wp:attachment":[{"href":"https:\/\/www.europesays.com\/fr\/wp-json\/wp\/v2\/media?parent=423076"}],"wp:term":[{"taxonomy":"category","embeddable":true,"href":"https:\/\/www.europesays.com\/fr\/wp-json\/wp\/v2\/categories?post=423076"},{"taxonomy":"post_tag","embeddable":true,"href":"https:\/\/www.europesays.com\/fr\/wp-json\/wp\/v2\/tags?post=423076"}],"curies":[{"name":"wp","href":"https:\/\/api.w.org\/{rel}","templated":true}]}}