{"id":423079,"date":"2025-09-28T05:55:24","date_gmt":"2025-09-28T05:55:24","guid":{"rendered":"https:\/\/www.europesays.com\/fr\/423079\/"},"modified":"2025-09-28T05:55:24","modified_gmt":"2025-09-28T05:55:24","slug":"stade-rennais-rc-lens-rennes-a-priori-sans-rongier-avec-seidu-les-compos-dequipes","status":"publish","type":"post","link":"https:\/\/www.europesays.com\/fr\/423079\/","title":{"rendered":"Stade Rennais &#8211; RC Lens. Rennes a priori sans Rongier, avec Seidu\u00a0: les compos d\u2019\u00e9quipes"},"content":{"rendered":"<p>Apr\u00e8s l\u2019OM (1-0) et Lyon (3-1), le Stade Rennais va tenter ce dimanche contre Lens d\u2019aligner un troisi\u00e8me succ\u00e8s en trois rencontres au Roazhon Park, face \u00e0 trois pr\u00e9tendants \u00e0 l\u2019Europe.<\/p>\n<p>Le coach Habib Beye devrait pouvoir compter \u00e0 droite de la d\u00e9fense sur Seidu, qui va mieux apr\u00e8s son protocole commotion d\u00e9clench\u00e9 contre Nantes (2-2) la semaine derni\u00e8re.<\/p>\n<p>Seko Fofana capitaine\u00a0bis<\/p>\n<p>La principale incertitude concernait le capitaine Valentin Rongier. A priori, et selon nos informations, Rongier ne devrait pas pouvoir jouer, insuffisamment remis d\u2019un p\u00e9pin au mollet, mais qui serait susceptible de revenir pour le d\u00e9placement au Havre dimanche 5\u00a0octobre (17\u00a0h\u00a015).<\/p>\n<p>Si cette absence est confirm\u00e9e, <a href=\"https:\/\/rennes.maville.com\/sport\/detail_-stade-rennais.-nouvelle-prolongation-de-contrat-pour-djaoui-cisse-_7-6994507_actu.Htm\" target=\"_self\" rel=\"noopener\">Djaoui Ciss\u00e9<\/a> postule comme num\u00e9ro\u00a06 \u00e0 sa place, et <a href=\"https:\/\/rennes.maville.com\/sport\/detail_-stade-rennais-rc-lens.-c-est-le-seko-de-rennes-fofana-sera-le-plus-attendu-des-ex-de-lens-_7-6995697_actu.Htm\" target=\"_self\" rel=\"noopener\">Seko Fofana r\u00e9cup\u00e9rerait le brassard de capitaine<\/a>.<\/p>\n<p>Remis de son souci aux adducteurs, Frankowski, autre ancien Lensois, pourrait d\u00e9marrer sur le banc, et Ludovic Blas \u00eatre confirm\u00e9.<\/p>\n<p>C\u00f4t\u00e9 RC Lens, il y aurait notamment un doute entre Aguilar et Abdulhamid pour le poste de piston droit. L\u2019ancien Rennais Sa\u00efd, et le champion du monde 2018 Florian Thauvin, en vue lors du derby face \u00e0 Lille (3-0) le week-end dernier, devraient d\u00e9marrer en attaque.<\/p>\n<p>Les \u00e9quipes probables<\/p>\n<p><strong>RENNES (3-5-2)<\/strong>\u00a0: 30\u00a0Samba &#8211; 36\u00a0Seidu, 97\u00a0Jacquet, 24\u00a0Rouault &#8211; 10\u00a0Blas, 45\u00a0M. Camara, 6\u00a0D. Ciss\u00e9, 8 S. Fofana (cap), 26\u00a0Merlin &#8211; 7\u00a0Embolo, 9\u00a0Lepaul<\/p>\n<p>Rempla\u00e7ants\u00a0: Silistrie (g), Brassier, Hateboer, Nagida, F. Truffert (?), Frankowski, Al Tamari, Me\u00eft\u00e9, N. Mukiele<\/p>\n<p>Entra\u00eeneur\u00a0: Habib Beye<\/p>\n<p>Absents\u00a0: Kamara, Ait Boudlal, Rongier (?)<\/p>\n<p><strong>LENS (3-4-3)<\/strong>\u00a0: 40\u00a0Risser &#8211;\u00a024\u00a0Gradit, 6\u00a0Baidoo, 20\u00a0Sarr &#8211; 2\u00a0Aguilar, 8\u00a0Sangar\u00e9, 28\u00a0Thomasson (cap), 14\u00a0Udol<\/p>\n<p>10\u00a0Thauvin, 11\u00a0Edouard, 22\u00a0Sa\u00efd.<\/p>\n<p>Rempla\u00e7ants\u00a0: Gurtner (g), Chavez, Abdulhamid, Ganiou, Bulatovic, Sotoca, Sima, Guilavogui, R. Fofana.<\/p>\n<p>Entra\u00eeneur\u00a0: Pierre Sage<\/p>\n<p>Absents\u00a0: Machado, Bermont, Sylla, Ojediran<\/p>\n<p><strong>Arbitre<\/strong>\u00a0: Bastien Dechepy.<\/p>\n<p>\u00a0<\/p>\n","protected":false},"excerpt":{"rendered":"Apr\u00e8s l\u2019OM (1-0) et Lyon (3-1), le Stade Rennais va tenter ce dimanche contre Lens d\u2019aligner un troisi\u00e8me&hellip;\n","protected":false},"author":2,"featured_media":423080,"comment_status":"","ping_status":"","sticky":false,"template":"","format":"standard","meta":{"footnotes":""},"categories":[2821],"tags":[1111,11,3809,1465,829,1777,674,63,1011,27,1792,1922,12,584,25,479,517,1470],"class_list":{"0":"post-423079","1":"post","2":"type-post","3":"status-publish","4":"format-standard","5":"has-post-thumbnail","7":"category-rennes","8":"tag-actu","9":"tag-actualites","10":"tag-ball","11":"tag-basket","12":"tag-bretagne","13":"tag-eu","14":"tag-europe","15":"tag-football","16":"tag-fr","17":"tag-france","18":"tag-handball","19":"tag-info","20":"tag-news","21":"tag-rennes","22":"tag-republique-francaise","23":"tag-rugby","24":"tag-sport","25":"tag-volley"},"share_on_mastodon":{"url":"https:\/\/pubeurope.com\/@fr\/115280381694471299","error":""},"_links":{"self":[{"href":"https:\/\/www.europesays.com\/fr\/wp-json\/wp\/v2\/posts\/423079","targetHints":{"allow":["GET"]}}],"collection":[{"href":"https:\/\/www.europesays.com\/fr\/wp-json\/wp\/v2\/posts"}],"about":[{"href":"https:\/\/www.europesays.com\/fr\/wp-json\/wp\/v2\/types\/post"}],"author":[{"embeddable":true,"href":"https:\/\/www.europesays.com\/fr\/wp-json\/wp\/v2\/users\/2"}],"replies":[{"embeddable":true,"href":"https:\/\/www.europesays.com\/fr\/wp-json\/wp\/v2\/comments?post=423079"}],"version-history":[{"count":0,"href":"https:\/\/www.europesays.com\/fr\/wp-json\/wp\/v2\/posts\/423079\/revisions"}],"wp:featuredmedia":[{"embeddable":true,"href":"https:\/\/www.europesays.com\/fr\/wp-json\/wp\/v2\/media\/423080"}],"wp:attachment":[{"href":"https:\/\/www.europesays.com\/fr\/wp-json\/wp\/v2\/media?parent=423079"}],"wp:term":[{"taxonomy":"category","embeddable":true,"href":"https:\/\/www.europesays.com\/fr\/wp-json\/wp\/v2\/categories?post=423079"},{"taxonomy":"post_tag","embeddable":true,"href":"https:\/\/www.europesays.com\/fr\/wp-json\/wp\/v2\/tags?post=423079"}],"curies":[{"name":"wp","href":"https:\/\/api.w.org\/{rel}","templated":true}]}}