{"id":423081,"date":"2025-09-28T05:56:18","date_gmt":"2025-09-28T05:56:18","guid":{"rendered":"https:\/\/www.europesays.com\/fr\/423081\/"},"modified":"2025-09-28T05:56:18","modified_gmt":"2025-09-28T05:56:18","slug":"en-octobre-de-la-danse-historique-une-expo-deter-et-des-festivals-eloignes","status":"publish","type":"post","link":"https:\/\/www.europesays.com\/fr\/423081\/","title":{"rendered":"En octobre, de la danse historique, une expo d\u00e9ter et des festivals \u00e9loign\u00e9s"},"content":{"rendered":"<p class=\"wp-block-post-excerpt__excerpt\">Alors que les jours raccourcissent et que le soleil s\u2019\u00e9loigne, voici une s\u00e9lection de sorties \u00e0 Strasbourg et un peu plus loin pour ramener le soleil en vous. <\/p>\n<p class=\"font-sans\">\n\t\t\tCet article est en acc\u00e8s libre. Pour soutenir Rue89 Strasbourg,<br \/>\n\t\t\t<a class=\"underline\" href=\"https:\/\/www.rue89strasbourg.com\/abonnement\" target=\"_blank\" rel=\"noopener\">abonnez-vous<\/a>.\n\t\t<\/p>\n<p>Rue89 Strasbourg<\/p>\n<p>Publi\u00e9 le 28 septembre 2025\u00a0\u00a0\u00b7\u00a0\u00a0<\/p>\n<p>Imprim\u00e9 le 28 septembre 2025 \u00e0 07h06\u00a0\u00a0\u00b7\u00a0\u00a0<\/p>\n<p>\t\t\t\t\t4\u00a0minutes\n<\/p>\n<p>Le marathon de danse de Kaori Ito<\/p>\n<p>Au Japon, les onomatop\u00e9es sont per\u00e7ues comme un langage primitif. Kaori Ito, directrice du Th\u00e9\u00e2tre TJP, s\u2019empare du r\u00e9cit po\u00e9tique Les pieds nus de lumi\u00e8res de Kenji Miyazawa, riche en onomatop\u00e9es, pour \u00e9voquer l\u2019amour fraternel et le sacrifice.<\/p>\n<p>Sur sc\u00e8ne, huit interpr\u00e8tes extravagant\u00b7es participent \u00e0 un marathon de danse, qui va de la pop contemporaine des ann\u00e9es 2000 jusqu\u2019aux ann\u00e9es 30, en passant par la City pop des eighties et le boogie-woogie d\u2019apr\u00e8s-guerre. <\/p>\n<p>Aller <strong>plus loin<\/strong><\/p>\n<p><a href=\"https:\/\/www.rue89strasbourg.com\/la-newsletter\" target=\"_blank\" rel=\"noopener\"><img loading=\"lazy\" decoding=\"async\" width=\"1940\" height=\"500\" src=\"https:\/\/www.europesays.com\/fr\/wp-content\/uploads\/2025\/09\/banner-desktop-970x250-1.png\" alt=\"\" class=\"wp-image-360885\" style=\"object-fit:cover;width:970px;height:250px\"  \/><\/a><\/p>\n<p>Une expo d\u00e9ter et f\u00e9ministe au Ceaac<\/p>\n<p><img loading=\"lazy\" decoding=\"async\" width=\"792\" height=\"528\" src=\"https:\/\/www.europesays.com\/fr\/wp-content\/uploads\/2025\/09\/hf-site-image-page-expo-v3-792x528.jpg\" alt=\"\" class=\"wp-image-361572\"  \/><\/p>\n<p>L\u2019exposition Hope for change. Hackney Flashers, de Londres \u00e0 Strasbourg a \u00e9t\u00e9 r\u00e9alis\u00e9e selon les principes de travail du collectif f\u00e9ministe britannique des Hackney Flashers. Dans les ann\u00e9es 1970, ces militantes li\u00e8rent engagement social et production visuelle pour d\u00e9voiler dans l\u2019espace public les conditions de vie et de travail des femmes du quartier populaire de Hackney.<\/p>\n<p>L\u2019exposition pr\u00e9sent\u00e9e au CEAAC s\u2019en inspire pour interroger les conditions des femmes et des m\u00e8res de Strasbourg de nos jours. Trois artistes-chercheuses ont \u00e9t\u00e9 invit\u00e9es\u00a0: Claude Dugit-Gros, Julie Luzoir et Pascaline Morinc\u00f4me. Leurs productions portent sur l\u2019\u00e9tat de l\u2019emploi des femmes strasbourgeoises, les politiques publiques en faveur des parents et les repr\u00e9sentations visuelles et discursives des femmes.<\/p>\n<p>Y <strong>aller<\/strong><\/p>\n<p><strong>Exposition Hope for change. Hackney Flashers, de Londres \u00e0 Strasbourg, <\/strong>du 4 octobre 2025 au 8 mars 2026, du mercredi au dimanche, de 14h \u00e0 18h au CEAAC, 7 rue de l\u2019Abreuvoir \u00e0 Strasbourg \u2013 Krutenau. Vernissage le vendredi 3 octobre \u00e0 18h30. Entr\u00e9e gratuite.<\/p>\n<p>\t\tL\u2019\u00e9nergie des quartiers populaires au Point d\u2019Eau<\/p>\n<p>Le Point d\u2019Eau \u00e0 Ostwald accueille toute la premi\u00e8re semaine d\u2019octobre une bonne partie du festival OQP, qui met \u00e0 l\u2019honneur des productions issues des quartiers populaires de Strasbourg et d\u2019ailleurs avec du rap, du breakdance et du stand-up. <\/p>\n<p>Y <strong>aller<\/strong><\/p>\n<p><strong>Festival OQP<\/strong>, du 1er au 5 octobre, au Point d\u2019Eau, 17 all\u00e9e Ren\u00e9-Cassin \u00e0 Ostwald et dans d\u2019autres lieux \u00e0 Strasbourg. <a href=\"https:\/\/www.facebook.com\/events\/2513020222430301\" target=\"_blank\" rel=\"noreferrer noopener\">Programme complet sur Facebook<\/a>. Entr\u00e9es gratuites.<\/p>\n<p>Shoot de tol\u00e9rance avec les Sacr\u00e9es journ\u00e9es<\/p>\n<p>Dans cette p\u00e9riode fractur\u00e9e, il reste tout de m\u00eame quelques personnes qui croient au dialogue, et m\u00eame au dialogue interreligieux. Ils en ont fait un festival, Sacr\u00e9es journ\u00e9es, qui depuis 13 ans permet \u00e0 des juifs et des musulmans de se rencontrer dans des \u00e9glises. Les organisateurs pr\u00e9sentent ce festival comme un \u00ab\u00a0acte de r\u00e9sistance culturelle et spirituelle, un pont entre les mondes, une c\u00e9l\u00e9bration du vivre-ensemble par la musique et la danse\u00a0\u00bb.<\/p>\n<p>Pr\u00e8s de 150 artistes issus d\u2019une vingtaine de pays du globe sont attendus dans les lieux de culte strasbourgeois avec des rituels am\u00e9rindiens, du jazz sacr\u00e9, des chants musulmans soufis, des polyphonies occitanes, du baroque italien, des traditions juives et hindoues, mantras indiens\u2026 <\/p>\n<p>Y <strong>aller<\/strong><\/p>\n<p>Un festival exploratoire \u00e0 <\/p>\n<p>Pourquoi pas aller \u00e9couter de la musique \u00e0 Hemmersdorf\u00a0? Dans ce village allemand sur la fronti\u00e8re, \u00e0 1h30 de route de Strasbourg, un festival exp\u00e9rimente depuis 2019 des mariages improbables, des sonorit\u00e9s nouvelles\u2026 \u00ab\u00a0Por qu\u00e9 no\u00a0?\u00a0\u00bb est le titre de l\u2019\u00e9dition 2025 du Hemmersdorf Pop Festival et effectivement, pourquoi pas\u00a0?<\/p>\n<\/p>\n<p>Parmi la programmation 2025, citons Sofi Paez, m\u00e9lancolie latino-am\u00e9ricaine et sonorit\u00e9s d\u2019avant-garde berlinoises, Yana et ses mondes n\u00e9o-classiques intimes au piano, violoncelle et violon, Anushka Chkheidze, de la musique \u00e9lectronique minimaliste et po\u00e9tique ou Xixa, de la cumbia psych\u00e9d\u00e9lique d\u2019Arizona\u2026 <\/p>\n<p>Y <strong>aller<\/strong><\/p>\n<p>C\u2019est pas tr\u00e8s loin dans la vall\u00e9e\u2026<\/p>\n<p>\u00c0 Sainte-Marie-aux-Mines, le festival C\u2019est dans la vall\u00e9e, s\u2019installe pour sa 16e \u00e9dition du 9 au 12 octobre. Organis\u00e9 par la compagnie de Rodolphe Burger, l\u2019\u00e9dition 2025 explore le Dreyeckland, ce territoire du sud de l\u2019Alsace qui englobe une partie de l\u2019Allemagne et de la Suisse, et les ann\u00e9es 70. Le festival mixe les expositions, les rencontres, le th\u00e9\u00e2tre et les concerts et propose parfois tout en m\u00eame temps, avec souvent Rodolphe Burger dedans\u2026 La programmation est toujours subtile et l\u2019ambiance chaleureuse comme le d\u00e9montre cette captation d\u2019un concert de 2023. <\/p>\n<\/p>\n<p>Magistrale reprise d\u2019Eisb\u00e4r par Rodolphe Burger, Olivier Cadiot et Stephan Eicher et on peut aussi \u00e9couter cette <a href=\"https:\/\/www.youtube.com\/watch?v=FKcHa3RPVGQ&amp;list=PL9ZIrqFAcj8fbXxFWrTzDKTpK8tdZRnP_&amp;index=8\" target=\"_blank\" rel=\"noreferrer noopener\">reprise de Radioactivity de Kraftwerk en 2013<\/a>.<\/p>\n<p>Y <strong>aller<\/strong><\/p>\n<p>Le blues US de Loner Deer au Blue note<\/p>\n<p>Le musicien strasbourgeois Loner Deer chante un country-folk am\u00e9ricain appuy\u00e9, quelque chose entre Johnny Cash et JJ Cale. Il est tr\u00e8s suivi sur Youtube et les plateformes d\u2019\u00e9coute mais plut\u00f4t rare en concert. C\u2019est en train de changer et il vaut mieux en profiter tant qu\u2019il est accessible dans de petites salles. <\/p>\n<\/p>\n<p>Florian Hueber de son vrai nom compose lui-m\u00eame ses morceaux, des histoires de c\u0153urs \u00e9gar\u00e9s et d\u2019horizons lointains qui font mouche. Loner Deer sort le 10 octobre <a href=\"https:\/\/lonerdeer.ffm.to\/greatmullein\" target=\"_blank\" rel=\"noreferrer noopener\">son deuxi\u00e8me album, Great Mullein<\/a>. Pour son concert au Blue note, Loner Deer sera pr\u00e9c\u00e9d\u00e9 de <a href=\"https:\/\/www.rue89strasbourg.com\/the-wooden-wolf-7e-opus-marche-off-222670\" target=\"_blank\" rel=\"noopener\">The Wooden Wolf<\/a>, ce qui fera deux chanteurs solitaires au m\u00eame endroit. Le d\u00e9but d\u2019un club\u00a0?<\/p>\n<p>Y <strong>aller<\/strong><\/p>\n<p><strong>Concert de Loner Deer<\/strong>, vendredi 17 octobre \u00e0 20h30, au Blue note caf\u00e9, place Dauphine \u00e0 Strasbourg \u2013 \u00c9toile. <a href=\"https:\/\/www.billetweb.fr\/blue-note-presente-loner-deer-the-wooden-wolf\" target=\"_blank\" rel=\"noreferrer noopener\">Billetterie \u00e0 8\u20ac<\/a>.<\/p>\n","protected":false},"excerpt":{"rendered":"Alors que les jours raccourcissent et que le soleil s\u2019\u00e9loigne, voici une s\u00e9lection de sorties \u00e0 Strasbourg et&hellip;\n","protected":false},"author":2,"featured_media":423082,"comment_status":"","ping_status":"","sticky":false,"template":"","format":"standard","meta":{"footnotes":""},"categories":[2820],"tags":[1111,11,55248,251,1777,674,1011,27,775,12,50789,25,640,55249],"class_list":{"0":"post-423081","1":"post","2":"type-post","3":"status-publish","4":"format-standard","5":"has-post-thumbnail","7":"category-strasbourg","8":"tag-actu","9":"tag-actualites","10":"tag-ceaac","11":"tag-culture","12":"tag-eu","13":"tag-europe","14":"tag-fr","15":"tag-france","16":"tag-grand-est","17":"tag-news","18":"tag-point-deau","19":"tag-republique-francaise","20":"tag-strasbourg","21":"tag-tjp"},"share_on_mastodon":{"url":"https:\/\/pubeurope.com\/@fr\/115280385844454879","error":""},"_links":{"self":[{"href":"https:\/\/www.europesays.com\/fr\/wp-json\/wp\/v2\/posts\/423081","targetHints":{"allow":["GET"]}}],"collection":[{"href":"https:\/\/www.europesays.com\/fr\/wp-json\/wp\/v2\/posts"}],"about":[{"href":"https:\/\/www.europesays.com\/fr\/wp-json\/wp\/v2\/types\/post"}],"author":[{"embeddable":true,"href":"https:\/\/www.europesays.com\/fr\/wp-json\/wp\/v2\/users\/2"}],"replies":[{"embeddable":true,"href":"https:\/\/www.europesays.com\/fr\/wp-json\/wp\/v2\/comments?post=423081"}],"version-history":[{"count":0,"href":"https:\/\/www.europesays.com\/fr\/wp-json\/wp\/v2\/posts\/423081\/revisions"}],"wp:featuredmedia":[{"embeddable":true,"href":"https:\/\/www.europesays.com\/fr\/wp-json\/wp\/v2\/media\/423082"}],"wp:attachment":[{"href":"https:\/\/www.europesays.com\/fr\/wp-json\/wp\/v2\/media?parent=423081"}],"wp:term":[{"taxonomy":"category","embeddable":true,"href":"https:\/\/www.europesays.com\/fr\/wp-json\/wp\/v2\/categories?post=423081"},{"taxonomy":"post_tag","embeddable":true,"href":"https:\/\/www.europesays.com\/fr\/wp-json\/wp\/v2\/tags?post=423081"}],"curies":[{"name":"wp","href":"https:\/\/api.w.org\/{rel}","templated":true}]}}