{"id":423087,"date":"2025-09-28T05:59:16","date_gmt":"2025-09-28T05:59:16","guid":{"rendered":"https:\/\/www.europesays.com\/fr\/423087\/"},"modified":"2025-09-28T05:59:16","modified_gmt":"2025-09-28T05:59:16","slug":"nice-une-manifestation-dans-le-centre-ville-pour-le-climat-voici-le-parcours","status":"publish","type":"post","link":"https:\/\/www.europesays.com\/fr\/423087\/","title":{"rendered":"Nice. Une manifestation dans le centre-ville pour le climat : voici le parcours"},"content":{"rendered":"<p>            Par<br \/>\n        <strong><br \/>\n            <a href=\"https:\/\/actu.fr\/auteur\/ugo-maillard\" title=\"Consulter tous les articles de Ugo Maillard\" target=\"_blank\" rel=\"noopener\">Ugo Maillard<\/a><br \/>\n        <\/strong><\/p>\n<p>        Publi\u00e9 le<\/p>\n<p>            28 sept. 2025 \u00e0 6h06        <\/p>\n<p>Une mobilisation d\u2019ampleur dans \u00ab\u2009un esprit carnavalesque et bon enfant\u2009\u00bb. Une centaine d\u2019organisations, de collectifs, de mouvements et d\u2019associations locales appellent \u00e0 rejoindre la grande journ\u00e9e nationale de mobilisation \u00ab\u2009Climat, Justice, Libert\u00e9s\u2009\u00bb, le dimanche 28\u00a0septembre 2025.<\/p>\n<p class=\" wall-content\">\u00c0 Nice, une <strong>marche est pr\u00e9vue<\/strong> dans les rues du centre-ville. L\u2019objectif est de \u00ab\u2009mettre certaines questions sur le devant de la sc\u00e8ne, notamment les probl\u00e9matiques li\u00e9es au climat pour d\u00e9fendre une justice sociale et \u00e9cologique\u2009\u00bb, explique C\u00e9dric Pharisien, du collectif Citoyens Pour Le Climat, \u00e0 la r\u00e9daction d\u2019<a href=\"https:\/\/actu.fr\/nice\/\" target=\"_blank\" rel=\"noopener\">actu Nice<\/a>.<\/p>\n<p class=\" wall-content\">Le rendez-vous est donn\u00e9 \u00e0 14 sur la place du Palais de Justice, avant une d\u00e9ambulation.<\/p>\n<p>Le parcours de la manifestation<\/p>\n<p class=\" wall-content\">Selon les informations obtenues par notre r\u00e9daction, les manifestants partiront de la place du Palais de Justice et <strong>rejoindront la place Mass\u00e9na<\/strong> de Nice (<a href=\"https:\/\/actu.fr\/provence-alpes-cote-d-azur\/alpes-maritimes_06\" target=\"_blank\" rel=\"noopener\">Alpes-Maritimes<\/a>).<\/p>\n<p>    <a href=\"https:\/\/www.google.com\/maps\/embed?pb=!1m50!1m12!1m3!1d5769.3741315557945!2d7.261118397439949!3d43.696268791495825!2m3!1f0!2f0!3f0!3m2!1i1024!2i768!4f13.1!4m35!3e2!4m5!1s0x12cddaa311b8ed39%3A0x34fe40deea1d4e68!2sPalais%20de%20Justice%2C%2006300%20Nice!3m2!1d43.6965022!2d7.2741115999999995!4m5!1s0x12cddaa161703019%3A0x4069c261780c67c!2sPlace%20Massena%2C%20Nice!3m2!1d43.697205!2d7.2705956!4m5!1s0x12cddaa0c2b14fc7%3A0xcb0539cd86b5b7b5!2sRue%20Massena%2C%20Nice!3m2!1d43.6975875!2d7.2672079!4m3!3m2!1d43.6949999!2d7.2634868!4m5!1s0x12cdd183ed3530b7%3A0x108ac11e62bcbbe4!2sLe%20Negresco%2C%20Promenade%20des%20Anglais%2C%20Nice!3m2!1d43.6945528!2d7.2583297!4m5!1s0x12cddaa1075ee81f%3A0x827b46f3d32fcc86!2sJardin%20Albert%201er%2C%20Avenue%20de%20Verdun%2C%20Nice!3m2!1d43.695771699999995!2d7.2682636!5e0!3m2!1sfr!2sfr!4v1758888255085!5m2!1sfr!2sfr\" title=\"Ouvrie le lien\" target=\"_blank\" rel=\"noopener\">Cliquez ici pour visualiser le contenu<\/a><\/p>\n<p class=\" wall-content\">Le cort\u00e8ge empruntera ensuite la rue pi\u00e9tonne Mass\u00e9na avant de prendre la direction de la promenade des Anglais. Une fois le Negresco atteint, les manifestants rebrousseront chemin sur la prom\u2019 et rallieront le <strong>jardin Albert 1er<\/strong>, point final de la marche.<\/p>\n<p>Les organisations \u00e0 l&rsquo;initiative de la marche<\/p>\n<p>Organis\u00e9e par L\u2019AES 06 regroupant : Alternatiba 06, ANV-COP21 06, ATTAC 06, CAPRE 06, CCFD-Terre Solidaire 06, CGT \u00e9duc&rsquo;Action 06, Conf\u00e9d\u00e9ration paysanne 06, Collectif Citoyen 06, Collectif Plaine du Var, Citoyens Pour Le Climat Nice, DAL (droit au logement), Extinction Rebellion 06, FSU 06, Gadseca 06, Graines populaires, Greenpeace Nice, Une Base \u00e0 Nice, La Nef 06, Les potagers de la V\u00e9subie, Les Amis de la Terre 06, Nord-Sud D\u00e9veloppement 06, Oxfam 06, Pom&rsquo;\u00e9colo, Solidaires 06<\/p>\n<p>Votre r\u00e9gion, votre actu !<\/p>\n<p>Recevez chaque jour les infos qui comptent pour vous.<\/p>\n<p>\t<a href=\"https:\/\/actu.fr\/newsletter\" class=\"ac-btn ac-btn--corner ac-btn--medium ac-btn--blue800\" target=\"_blank\" rel=\"noopener\">S&rsquo;incrire<\/a><\/p>\n<p class=\" wall-content\">Selon les organisateurs de la marche, <strong>un millier de personnes est attendu<\/strong> ce dimanche.<\/p>\n<p class=\" wall-content\">Personnalisez votre actualit\u00e9 en ajoutant vos villes et m\u00e9dias en favori avec <a href=\"https:\/\/moncompte.actu.fr\" title=\"D\u00e9couvez Mon Actu\" rel=\"nofollow noopener\" data-trk=\"{&quot;cta&quot;:{&quot;action&quot;:&quot;https:\\\/\\\/moncompte.actu.fr&quot;,&quot;category&quot;:&quot;mon compte&quot;,&quot;from&quot;:&quot;article footer&quot;,&quot;name&quot;:&quot;Mon actu&quot;,&quot;type&quot;:&quot;cta&quot;}}\" target=\"_blank\">Mon Actu<\/a>.<\/p>\n","protected":false},"excerpt":{"rendered":"Par Ugo Maillard Publi\u00e9 le 28 sept. 2025 \u00e0 6h06 Une mobilisation d\u2019ampleur dans \u00ab\u2009un esprit carnavalesque et&hellip;\n","protected":false},"author":2,"featured_media":423088,"comment_status":"","ping_status":"","sticky":false,"template":"","format":"standard","meta":{"footnotes":""},"categories":[2819],"tags":[1111,11,1777,674,1011,27,1272,12,2401,882,5140,25,104],"class_list":{"0":"post-423087","1":"post","2":"type-post","3":"status-publish","4":"format-standard","5":"has-post-thumbnail","7":"category-nice","8":"tag-actu","9":"tag-actualites","10":"tag-eu","11":"tag-europe","12":"tag-fr","13":"tag-france","14":"tag-manifestations","15":"tag-news","16":"tag-nice","17":"tag-provence-alpes-cote-dazur","18":"tag-rechauffement-climatique","19":"tag-republique-francaise","20":"tag-societe"},"share_on_mastodon":{"url":"https:\/\/pubeurope.com\/@fr\/115280397280472079","error":""},"_links":{"self":[{"href":"https:\/\/www.europesays.com\/fr\/wp-json\/wp\/v2\/posts\/423087","targetHints":{"allow":["GET"]}}],"collection":[{"href":"https:\/\/www.europesays.com\/fr\/wp-json\/wp\/v2\/posts"}],"about":[{"href":"https:\/\/www.europesays.com\/fr\/wp-json\/wp\/v2\/types\/post"}],"author":[{"embeddable":true,"href":"https:\/\/www.europesays.com\/fr\/wp-json\/wp\/v2\/users\/2"}],"replies":[{"embeddable":true,"href":"https:\/\/www.europesays.com\/fr\/wp-json\/wp\/v2\/comments?post=423087"}],"version-history":[{"count":0,"href":"https:\/\/www.europesays.com\/fr\/wp-json\/wp\/v2\/posts\/423087\/revisions"}],"wp:featuredmedia":[{"embeddable":true,"href":"https:\/\/www.europesays.com\/fr\/wp-json\/wp\/v2\/media\/423088"}],"wp:attachment":[{"href":"https:\/\/www.europesays.com\/fr\/wp-json\/wp\/v2\/media?parent=423087"}],"wp:term":[{"taxonomy":"category","embeddable":true,"href":"https:\/\/www.europesays.com\/fr\/wp-json\/wp\/v2\/categories?post=423087"},{"taxonomy":"post_tag","embeddable":true,"href":"https:\/\/www.europesays.com\/fr\/wp-json\/wp\/v2\/tags?post=423087"}],"curies":[{"name":"wp","href":"https:\/\/api.w.org\/{rel}","templated":true}]}}