{"id":423093,"date":"2025-09-28T06:02:10","date_gmt":"2025-09-28T06:02:10","guid":{"rendered":"https:\/\/www.europesays.com\/fr\/423093\/"},"modified":"2025-09-28T06:02:10","modified_gmt":"2025-09-28T06:02:10","slug":"la-compagnie-ola-a-suivi-les-agents-de-proprete-de-bordeaux-metropole","status":"publish","type":"post","link":"https:\/\/www.europesays.com\/fr\/423093\/","title":{"rendered":"la Compagnie Ola a suivi les agents de propret\u00e9 de Bordeaux M\u00e9tropole"},"content":{"rendered":"<p>Les organisateurs de <a href=\"https:\/\/www.sudouest.fr\/gironde\/bordeaux\/bordeaux-metropole-le-fabuleux-destin-des-dechets-menagers-une-expo-ou-rien-n-est-a-jeter-26089573.php\" rel=\"nofollow noopener\" target=\"_blank\">l\u2019exposition \u00ab\u00a0Le fabuleux destin des d\u00e9chets m\u00e9nagers\u00a0\u00bb<\/a>, \u00e0 voir aux Archives de Bordeaux M\u00e9tropole jusqu\u2019en mai 2026, ont eu la riche id\u00e9e de demander \u00e0 la Compagnie Ola de partager les tourn\u00e9es (nuit et jour) des agents des services de propret\u00e9. Les vid\u00e9os de leur travail et le son de leurs t\u00e9moignages donnent un autre relief \u00e0 l\u2019exposition.<\/p>\n<p>\u00ab\u00a0Hyper bien accueillis\u00a0\u00bb par les \u00e9quipes, Anne-C\u00e9cile Paredes, pour les images, et Johann Maz\u00e9, pour les prises de son, ont \u00e9t\u00e9 impressionn\u00e9s par le rythme et l\u2019extr\u00eame pr\u00e9cision du travail effectu\u00e9. \u00ab\u00a0C\u2019est tr\u00e8s chor\u00e9graphi\u00e9, rapide, pr\u00e9cis, ils dansent\u00a0\u00bb, dit la premi\u00e8re, quand le second a eu la sensation auditive d\u2019un entra\u00eenement \u00e0 la salle de boxe\u00a0: \u00ab\u00a0Boum, boum, boum, c\u2019est rythm\u00e9, \u00e7a ne ch\u00f4me pas.\u00a0\u00bb<\/p>\n<p>\u00ab\u00a0L\u2019appel de 4\u00a0heures du matin\u00a0\u00bb<\/p>\n<p>Eux qui aiment m\u00ealer art et sociologie et qui ont le go\u00fbt \u00ab\u00a0des r\u00e9cits de l\u2019ombre\u00a0\u00bb ont pu mesurer la technicit\u00e9 et la difficult\u00e9 de ces m\u00e9tiers (ripeurs, chauffeurs ou laveurs de bennes) invisibles au regard de la soci\u00e9t\u00e9, sauf en p\u00e9riode de Covid, et en d\u00e9calage avec nos rythmes de vie.<\/p>\n<p>\u00ab\u00a0Je me souviens d\u2019une tourn\u00e9e de nuit le soir de la qualification du PSG en finale de la Ligue des champions, les \u00e9boueurs \u00e9taient acclam\u00e9s, c\u2019\u00e9tait tr\u00e8s festif\u00a0\u00bb, sourit Johann Maz\u00e9, qui n\u2019a pas oubli\u00e9 non plus \u00ab\u00a0l\u2019odeur et les conditions difficiles de travail\u00a0\u00bb de <a href=\"https:\/\/www.sudouest.fr\/gironde\/cenon\/toujours-en-activite-l-incinerateur-de-dechets-a-cenon-a-ete-relooke-et-vegetalise-24723772.php\" rel=\"nofollow noopener\" target=\"_blank\">l\u2019incin\u00e9rateur de Cenon<\/a>.<\/p>\n<p>Anne-C\u00e9cile Paredes a elle \u00e9t\u00e9 frapp\u00e9e par le c\u00e9r\u00e9monial de \u00ab\u00a0l\u2019appel \u00e0\u00a04\u00a0heures du matin\u00a0\u00bb, et par la d\u00e9couverte de la ville autrement, \u00ab\u00a0tr\u00e8s t\u00f4t le matin ou tard le soir\u00a0\u00bb. Et la fa\u00e7on dont les agents de la propret\u00e9 \u00ab\u00a0font corps\u00a0\u00bb. Socialement, \u00ab\u00a0ils ont un potentiel de r\u00e9volte tr\u00e8s fort. S\u2019ils arr\u00eatent de travailler, c\u2019est notre enfer.\u00a0\u00bb<\/p>\n","protected":false},"excerpt":{"rendered":"Les organisateurs de l\u2019exposition \u00ab\u00a0Le fabuleux destin des d\u00e9chets m\u00e9nagers\u00a0\u00bb, \u00e0 voir aux Archives de Bordeaux M\u00e9tropole jusqu\u2019en&hellip;\n","protected":false},"author":2,"featured_media":423094,"comment_status":"","ping_status":"","sticky":false,"template":"","format":"standard","meta":{"footnotes":""},"categories":[2817],"tags":[1111,11,1997,1777,674,1011,27,12,2219,25],"class_list":{"0":"post-423093","1":"post","2":"type-post","3":"status-publish","4":"format-standard","5":"has-post-thumbnail","7":"category-bordeaux","8":"tag-actu","9":"tag-actualites","10":"tag-bordeaux","11":"tag-eu","12":"tag-europe","13":"tag-fr","14":"tag-france","15":"tag-news","16":"tag-nouvelle-aquitaine","17":"tag-republique-francaise"},"share_on_mastodon":{"url":"https:\/\/pubeurope.com\/@fr\/115280409032272747","error":""},"_links":{"self":[{"href":"https:\/\/www.europesays.com\/fr\/wp-json\/wp\/v2\/posts\/423093","targetHints":{"allow":["GET"]}}],"collection":[{"href":"https:\/\/www.europesays.com\/fr\/wp-json\/wp\/v2\/posts"}],"about":[{"href":"https:\/\/www.europesays.com\/fr\/wp-json\/wp\/v2\/types\/post"}],"author":[{"embeddable":true,"href":"https:\/\/www.europesays.com\/fr\/wp-json\/wp\/v2\/users\/2"}],"replies":[{"embeddable":true,"href":"https:\/\/www.europesays.com\/fr\/wp-json\/wp\/v2\/comments?post=423093"}],"version-history":[{"count":0,"href":"https:\/\/www.europesays.com\/fr\/wp-json\/wp\/v2\/posts\/423093\/revisions"}],"wp:featuredmedia":[{"embeddable":true,"href":"https:\/\/www.europesays.com\/fr\/wp-json\/wp\/v2\/media\/423094"}],"wp:attachment":[{"href":"https:\/\/www.europesays.com\/fr\/wp-json\/wp\/v2\/media?parent=423093"}],"wp:term":[{"taxonomy":"category","embeddable":true,"href":"https:\/\/www.europesays.com\/fr\/wp-json\/wp\/v2\/categories?post=423093"},{"taxonomy":"post_tag","embeddable":true,"href":"https:\/\/www.europesays.com\/fr\/wp-json\/wp\/v2\/tags?post=423093"}],"curies":[{"name":"wp","href":"https:\/\/api.w.org\/{rel}","templated":true}]}}