{"id":423095,"date":"2025-09-28T06:03:14","date_gmt":"2025-09-28T06:03:14","guid":{"rendered":"https:\/\/www.europesays.com\/fr\/423095\/"},"modified":"2025-09-28T06:03:14","modified_gmt":"2025-09-28T06:03:14","slug":"a-bordeaux-le-fabuleux-destin-des-dechets-menagers-une-expo-darchives-ou-rien-nest-a-jeter","status":"publish","type":"post","link":"https:\/\/www.europesays.com\/fr\/423095\/","title":{"rendered":"\u00c0 Bordeaux, \u00ab\u00a0Le fabuleux destin des d\u00e9chets m\u00e9nagers\u00a0\u00bb, une expo d\u2019archives o\u00f9 rien n\u2019est \u00e0 jeter"},"content":{"rendered":"<p>On les jette, on les oublie, et pourtant\u2026 Ils racontent notre histoire. Les d\u00e9chets m\u00e9nagers, t\u00e9moins silencieux de nos modes de vie, sont au c\u0153ur d\u2019une exposition surprenante et passionnante aux Archives de Bordeaux M\u00e9tropole. Intitul\u00e9e \u00ab\u00a0Le fabuleux destin des d\u00e9chets m\u00e9nagers, une \u00e9pop\u00e9e m\u00e9tropolitaine du\u00a0XIVe au XXIe\u00a0si\u00e8cle\u00a0\u00bb, cette plong\u00e9e dans les poubelles du pass\u00e9 (et du pr\u00e9sent) en dit beaucoup sur notre soci\u00e9t\u00e9 et devrait pousser le public \u00e0 reconsid\u00e9rer ce que nous voyons comme de simples ordures.<\/p>\n<p>\u00ab\u00a0La s\u00e9lection a \u00e9t\u00e9 terrible\u00a0\u00bb\u00a0: Jean-Cyril Lopez, responsable du service des publics des Archives et commissaire de l\u2019expo, reconna\u00eet qu\u2019il y avait d\u2019abord beaucoup \u00e0\u2026 trier pour s\u00e9lectionner la centaine de documents, films, objets parmi les 18\u00a0km de lin\u00e9aires des Archives de Bordeaux M\u00e9tropole, avec la contrainte des 150\u00a0m\u00b2 de l\u2019espace d\u00e9volu au projet.<\/p>\n<p>Premi\u00e8re trace \u00e9crite en 1336<\/p>\n<p>Une v\u00e9ritable enqu\u00eate qui d\u00e9bute par <a href=\"https:\/\/www.sudouest.fr\/gironde\/bordeaux\/c-est-choregraphie-rapide-precis-la-compagnie-ola-a-suivi-les-agents-de-proprete-de-bordeaux-metropole-26094410.php\" rel=\"nofollow noopener\" target=\"_blank\">l\u2019immersion, de nos jours, de la Compagnie Ola<\/a> avec les services de la M\u00e9tropole, sur le terrain de la collecte. Puis on fait un grand bond dans le temps, sept si\u00e8cles en arri\u00e8re, avec la toute premi\u00e8re mention \u00e9crite, sur parchemin, le 11\u00a0ao\u00fbt 1336, parmi les 29\u00a0articles des r\u00e8glements des maire et jurats de Bordeaux, que \u00ab\u00a0nul ne doit jeter de la paille ou des ordures [\u2026] sous peine de 65\u00a0sous d\u2019amende\u00a0\u00bb.<\/p>\n<blockquote><p>Les \u00e9pid\u00e9mies menacent, la collecte est confi\u00e9e aux \u00ab\u00a0fermiers des boues\u00a0\u00bb, premiers entrepreneurs du genre<\/p><\/blockquote>\n<p>Au XVIe\u00a0si\u00e8cle, les d\u00e9chets occupent alors les abords de la cit\u00e9 bordelaise, \u00ab\u00a0rempart qui s\u2019ajoute au premier\u00a0\u00bb comme l\u2019a \u00e9crit Camille Jullian. Une fouille arch\u00e9ologique pr\u00e8s de la place Gambetta, alors hors les murs, comme le montre un extraordinaire dessin \u00e0 la plume de L\u00e9o Drouyn, donne \u00e0 voir les habitudes de l\u2019\u00e9poque\u00a0: hu\u00eetres plates, coquillages et fragments de c\u00e9ramiques et un canif avec lame rentr\u00e9e.<\/p>\n<p>Les \u00e9pid\u00e9mies menacent la population, la collecte est confi\u00e9e aux \u00ab\u00a0fermiers des boues\u00a0\u00bb, premiers entrepreneurs du genre. Les tombeliers emplissent des tombereaux. Les premiers \u00ab\u00a0bourriers\u00a0\u00bb sont situ\u00e9s place du Palais-Gallien et sur les quais\u00a0: \u00ab\u00a0Les d\u00e9tritus sont alors transport\u00e9s en bateaux du c\u00f4t\u00e9 de Libourne et Saint-Denis-de-Pile pour servir d\u2019engrais aux paysans. L\u2019\u00e9conomie circulaire avant l\u2019heure\u00a0\u00bb, sourit Jean-Cyril Lopez.<\/p>\n<p>Tombeliers et chiffonniers<\/p>\n<p>Au XIXe\u00a0si\u00e8cle, \u00e8re de l\u2019industrialisation, les chiffonniers recyclent \u00e0 M\u00e9riadeck, le quartier chaud de Bordeaux, avec une population d\u00e9crite par une note de la mairie comme \u00ab\u00a0g\u00e9n\u00e9ralement tar\u00e9s, grossiers et violents, sans probit\u00e9 ni moralit\u00e9\u00a0\u00bb (sic). Depuis 1883, la collecte des d\u00e9chets est g\u00e9r\u00e9e en r\u00e9gie directe par la Ville de Bordeaux.<\/p>\n<p>        <img decoding=\"async\" id=\"26094962\" src=\"https:\/\/www.europesays.com\/fr\/wp-content\/uploads\/2025\/09\/archives-de-bordeaux-metropole-bordeaux-xxix-e-1-3.jpg\" alt=\"L\u2019usine municipales d\u2019incin\u00e9rations des ordures de Bordeaux mise en service en 1933.\" itemprop=\"contentURL\"\/><\/p>\n<p>    L\u2019usine municipales d\u2019incin\u00e9rations des ordures de Bordeaux mise en service en 1933.<\/p>\n<p>Archives Bordeaux M\u00e9tropole Fi XXIX E<\/p>\n<p>Au si\u00e8cle suivant, ce sont les premiers camions-poubelles motoris\u00e9s dans les ann\u00e9es 1920-1930, les taxes pour les particuliers (1926). \u00ab\u00a0\u00c0 l\u2019\u00e9poque, Bordeaux et sa m\u00e9tropole croulent sous les d\u00e9chets\u00a0\u00bb, souligne Jean-Cyril Lopez. En 1933, la premi\u00e8re usine d\u2019incin\u00e9ration \u00e0 Bacalan est mise en service, mais elle ne survivra pas \u00e0 la baisse d\u2019activit\u00e9 de la Deuxi\u00e8me Guerre mondiale.<\/p>\n<p>        <img decoding=\"async\" id=\"26094706\" src=\"https:\/\/www.europesays.com\/fr\/wp-content\/uploads\/2025\/09\/archives-de-bordeaux-metropole-bordeaux-1038-w-79-1.jpg\" alt=\"La longue file des camions poubelles dans les ann\u00e9es 1950, image extraite du film \u00ab\u00a0Coup de balai\u00a0\u00bb de Pierre Thomas.\" itemprop=\"contentURL\"\/><\/p>\n<p>    La longue file des camions poubelles dans les ann\u00e9es 1950, image extraite du film \u00ab\u00a0Coup de balai\u00a0\u00bb de Pierre Thomas.<\/p>\n<p>Archives de Bordeaux M\u00e9tropole 1038W79<\/p>\n<p>Avec les Trente Glorieuses \u00ab\u00a0fleurissent\u00a0\u00bb les grandes d\u00e9charges comme celle du chemin de Labarbe, sur 8\u00a0hectares \u00e0 Bordeaux. Il est temps de mutualiser la charge pour les communes. C\u2019est la cr\u00e9ation en 1965 du Sivom, et celle, tr\u00e8s attendue, de la Communaut\u00e9 urbaine de Bordeaux (CUB) trois ans plus tard.<\/p>\n<p>        <img decoding=\"async\" id=\"26094783\" src=\"https:\/\/www.europesays.com\/fr\/wp-content\/uploads\/2025\/09\/archives-de-bordeaux-metropole-bordeaux-lii-86-1.jpg\" alt=\"Incitation \u00e0 utiliser les nouveaux sacs individuels.\" itemprop=\"contentURL\"\/><\/p>\n<p>    Incitation \u00e0 utiliser les nouveaux sacs individuels.<\/p>\n<p>Archives de Bordeaux M\u00e9tropole LII 86<\/p>\n<p>Apr\u00e8s la premi\u00e8re distribution de sacs de collectes individuels (1984), les quarante derni\u00e8res ann\u00e9es voient arriver la collecte m\u00e9canis\u00e9e (1986), le plan Trivac (trier, recycler, incin\u00e9rer, valoriser, communiquer) en r\u00e9ponse \u00e0 la loi Royal de 1992 qui interdit d\u2019enfouir les d\u00e9chets et les d\u00e9chetteries devenues centres de recyclages un peu partout dans la m\u00e9tropole. Enfin, le complexe Astria de B\u00e8gles est con\u00e7u comme un \u00ab\u00a0geste\u00a0\u00bb architectural en plus de concentrer les derni\u00e8res technologies.<\/p>\n<p>En esp\u00e9rant que bient\u00f4t, il sera \u00e9vident pour tous que le meilleur d\u00e9chet est celui qu\u2019on ne fabrique pas.<\/p>\n<p>        <img decoding=\"async\" id=\"26097078\" src=\"https:\/\/www.europesays.com\/fr\/wp-content\/uploads\/2025\/09\/sudouest-photo-1-9470206.jpg\" alt=\"Le center de traitement dernier cri Astria \u00e0 B\u00e8gles.\" itemprop=\"contentURL\"\/><\/p>\n<p>    Le center de traitement dernier cri Astria \u00e0 B\u00e8gles.<\/p>\n<p>Archives SO<\/p>\n<p>    Infos pratiques<br \/>\nExposition jusqu\u2019au 29\u00a0mai 2026, ouverte du lundi au vendredi aux Archives de Bordeaux M\u00e9tropole (parvis des Archives \u00e0 Bordeaux), de\u00a09\u00a0h\u00a030 \u00e0\u00a017\u00a0heures. Entr\u00e9e libre et gratuite. Visites comment\u00e9es gratuites (y compris hors des horaires d\u2019ouverture) sur r\u00e9servation \u00e0 service.mediation.archives@bordeaux-metropole.fr et au 05\u00a056\u00a010\u00a020\u00a055.<\/p>\n","protected":false},"excerpt":{"rendered":"On les jette, on les oublie, et pourtant\u2026 Ils racontent notre histoire. Les d\u00e9chets m\u00e9nagers, t\u00e9moins silencieux de&hellip;\n","protected":false},"author":2,"featured_media":423096,"comment_status":"","ping_status":"","sticky":false,"template":"","format":"standard","meta":{"footnotes":""},"categories":[2817],"tags":[1111,11,1997,1777,674,1011,27,12,2219,25],"class_list":{"0":"post-423095","1":"post","2":"type-post","3":"status-publish","4":"format-standard","5":"has-post-thumbnail","7":"category-bordeaux","8":"tag-actu","9":"tag-actualites","10":"tag-bordeaux","11":"tag-eu","12":"tag-europe","13":"tag-fr","14":"tag-france","15":"tag-news","16":"tag-nouvelle-aquitaine","17":"tag-republique-francaise"},"share_on_mastodon":{"url":"https:\/\/pubeurope.com\/@fr\/115280413530516583","error":""},"_links":{"self":[{"href":"https:\/\/www.europesays.com\/fr\/wp-json\/wp\/v2\/posts\/423095","targetHints":{"allow":["GET"]}}],"collection":[{"href":"https:\/\/www.europesays.com\/fr\/wp-json\/wp\/v2\/posts"}],"about":[{"href":"https:\/\/www.europesays.com\/fr\/wp-json\/wp\/v2\/types\/post"}],"author":[{"embeddable":true,"href":"https:\/\/www.europesays.com\/fr\/wp-json\/wp\/v2\/users\/2"}],"replies":[{"embeddable":true,"href":"https:\/\/www.europesays.com\/fr\/wp-json\/wp\/v2\/comments?post=423095"}],"version-history":[{"count":0,"href":"https:\/\/www.europesays.com\/fr\/wp-json\/wp\/v2\/posts\/423095\/revisions"}],"wp:featuredmedia":[{"embeddable":true,"href":"https:\/\/www.europesays.com\/fr\/wp-json\/wp\/v2\/media\/423096"}],"wp:attachment":[{"href":"https:\/\/www.europesays.com\/fr\/wp-json\/wp\/v2\/media?parent=423095"}],"wp:term":[{"taxonomy":"category","embeddable":true,"href":"https:\/\/www.europesays.com\/fr\/wp-json\/wp\/v2\/categories?post=423095"},{"taxonomy":"post_tag","embeddable":true,"href":"https:\/\/www.europesays.com\/fr\/wp-json\/wp\/v2\/tags?post=423095"}],"curies":[{"name":"wp","href":"https:\/\/api.w.org\/{rel}","templated":true}]}}