{"id":423097,"date":"2025-09-28T06:04:09","date_gmt":"2025-09-28T06:04:09","guid":{"rendered":"https:\/\/www.europesays.com\/fr\/423097\/"},"modified":"2025-09-28T06:04:09","modified_gmt":"2025-09-28T06:04:09","slug":"lete-les-temperatures-y-seront-bientot-plus-supportables","status":"publish","type":"post","link":"https:\/\/www.europesays.com\/fr\/423097\/","title":{"rendered":"l&rsquo;\u00e9t\u00e9, les temp\u00e9ratures y seront bient\u00f4t plus supportables"},"content":{"rendered":"<p>            Par<br \/>\n        <strong><br \/>\n            <a href=\"https:\/\/actu.fr\/auteur\/david-saint-sernin\" title=\"Consulter tous les articles de David Saint-Sernin\" target=\"_blank\" rel=\"noopener\">David Saint-Sernin<\/a><br \/>\n        <\/strong><\/p>\n<p>        Publi\u00e9 le<\/p>\n<p>            28 sept. 2025 \u00e0 7h12        <\/p>\n<p>Depuis leur ouverture en 2023, <a href=\"https:\/\/actu.fr\/occitanie\/toulouse_31555\/toulouse-on-est-dans-un-modele-anticapitaliste-les-halles-de-la-cartoucherie-gagnent-elles-de-l-argent_63116386.html\" target=\"_blank\" rel=\"noopener\">les Halles de la Cartoucherie de Toulouse<\/a> accueillent chaque ann\u00e9e un peu plus de 2,2 millions de personnes. Avec ses multiples points de restauration, ses activit\u00e9s de loisirs et l\u2019offre culturelle qui y est d\u00e9velopp\u00e9e, ce lieu est devenu incontournable dans la Ville rose.<br \/>Tout autour des halles, les am\u00e9nagements ont vu le jour. Le prochain en date \u00e9tant l\u2019ouverture d\u2019un cin\u00e9ma. Le quartier a donc pris son rythme de croisi\u00e8re mais son parvis affiche le m\u00eame d\u00e9faut que nombre de places de la Ville rose\u2009: sans ombre, le soleil y est \u00e9crasant lors des \u00e9pisodes de fortes chaleurs. <strong>Pour att\u00e9nuer le ph\u00e9nom\u00e8ne, la mairie a act\u00e9 un nouveau projet.<\/strong> Voici lequel.<\/p>\n<p>Un parvis \u00e9cras\u00e9 par le soleil<\/p>\n<p class=\" wall-content\">La municipalit\u00e9 a d\u00e9cid\u00e9 de cr\u00e9er<strong> une ombri\u00e8re<\/strong> sur ce parvis, \u00e0 l\u2019image de ce qu\u2019elle est en train de faire du c\u00f4t\u00e9 d\u2019Arnaud-Bernard. Le projet a \u00e9t\u00e9 act\u00e9 en conseil municipal ce vendredi 26 septembre 2025.<\/p>\n<p class=\" wall-content\">\u00ab\u2009Le projet d\u2019ombri\u00e8re vise \u00e0 constituer un ouvrage embl\u00e9matique, repr\u00e9sentatif de l\u2019identit\u00e9 du site de la Cartoucherie. Il est attendu une r\u00e9alisation conjuguant innovation architecturale et solutions techniques sp\u00e9cifiques [\u2026] Il s\u2019agit de concevoir des structures innovantes et p\u00e9rennes capables d\u2019accueillir et de soutenir la croissance saine et durable de v\u00e9g\u00e9tation naturelle en milieu urbain, l\u00e0 o\u00f9 la pleine terre est inaccessible et insuffisante\u2009\u00bb.<\/p>\n<p class=\" wall-content\">Et la Ville de conclure\u2009:<\/p>\n<p class=\" wall-content\">\u00ab\u2009Cet am\u00e9nagement structurant <strong>favorisera l\u2019utilisation de la place toute l\u2019ann\u00e9e<\/strong>, en apportant une protection solaire et en contribuant \u00e0 l\u2019adaptation du quartier au changement climatique\u2009\u00bb.<\/p>\n<p class=\" wall-content\">Le montant de l\u2019op\u00e9ration est fix\u00e9 \u00e0<strong> 1\u00a0million d\u2019euros<\/strong> selon une premi\u00e8re estimation.<\/p>\n<p>Nombreuses ombri\u00e8res en ville<\/p>\n<p class=\" wall-content\">Outre cette future ombri\u00e8re \u00e0 la Cartoucherie, de nombreuses ombri\u00e8res ont vu le jour \u00e0 Toulouse.<\/p>\n<p>Votre r\u00e9gion, votre actu !<\/p>\n<p>Recevez chaque jour les infos qui comptent pour vous.<\/p>\n<p>\t<a href=\"https:\/\/actu.fr\/newsletter\" class=\"ac-btn ac-btn--corner ac-btn--medium ac-btn--blue800\" target=\"_blank\" rel=\"noopener\">S&rsquo;incrire<\/a><\/p>\n<p class=\" wall-content\">Certaines, uniquement l\u2019\u00e9t\u00e9, comme celle de la place du Capitole ou celle qui a \u00e9t\u00e9 install\u00e9e sur<a href=\"https:\/\/actu.fr\/occitanie\/toulouse_31555\/toulouse-pourquoi-cette-place-quasiment-toute-neuve-est-deja-en-partie-demolie-une-facture-a-450-000-euros_62333660.html\" target=\"_blank\" rel=\"noopener\"> la place Aline Viadieu,<\/a> \u00e0 Empalot, cet \u00e9t\u00e9.<\/p>\n<p class=\" wall-content\">Mais la mairie de Toulouse a aussi install\u00e9 des ombri\u00e8res permanentes dans certains lieux de la ville comme cela sera bient\u00f4t le cas \u00e0 la Cartoucherie. C\u2019est le cas pour quelques jardins, places et aires de jeux. Voici lesquels\u2009:<\/p>\n<ul class=\" wall-content\">\n<li>Jardin Michelet\u2009: voiles d\u2019ombrage \u2013 108 m\u00b2<\/li>\n<li>Place des Pradettes\u2009: voiles d\u2019ombrage \u2013 108 m\u00b2<\/li>\n<li>Place Soupetard\u2009: voiles d\u2019ombrage \u2013 118 m\u00b2<\/li>\n<li>aire de jeu des Ramassiers \u2013 105 m\u00b2<\/li>\n<li>aire de jeu de Saint-Simon \u2013 65 m\u00b2<\/li>\n<li>Place de l\u2019A\u00e9ropostale (Montaudran) \u2013 55 m\u00b2<\/li>\n<li>aire de jeu Gironis (Lafourguette) \u2013 123 m\u00b2<\/li>\n<li>Rue Bertran (Borderouge) \u2013 565 m\u00b2<\/li>\n<li>aire de jeu La Salade (Minimes) \u2013 285 m\u00b2<\/li>\n<\/ul>\n<p class=\" wall-content\">Dans le cadre de cette m\u00eame politique, il y a \u00e9galement <a href=\"https:\/\/actu.fr\/occitanie\/toulouse_31555\/en-images-la-place-arnaud-bernard-a-toulouse-se-transforme-decouvrez-cette-nouvelle-installation_63022879.html\" target=\"_blank\" rel=\"noopener\">celle en cours de r\u00e9alisation, place Arnaud-Bernaud,<\/a> et dont l\u2019ach\u00e8vement s\u2019approche \u00e0 grand pas.<\/p>\n<p class=\" wall-content\">Un projet d\u2019ombri\u00e8re est \u00e9galement act\u00e9 <strong>au carr\u00e9 de la Maourine<\/strong>, quartier Borderouge dans le cadre du r\u00e9am\u00e9nagement de la place.<\/p>\n<p>Quels effets sous les ombri\u00e8res\u2009?<\/p>\n<p class=\" wall-content\">Les effets de ces ombri\u00e8res sur la temp\u00e9rature sont perceptibles estime la mairie de Toulouse. <a href=\"https:\/\/actu.fr\/occitanie\/toulouse_31555\/toulouse-trois-fois-plus-d-ombrieres-en-ville-cet-ete-les-secteurs-concernes_60994690.html\" target=\"_blank\" rel=\"noopener\">En 2024, Jean-Luc Moudenc expliquait en effet<\/a> que sous l\u2019ombri\u00e8re du Capitole, \u00ab\u20094,1\u00a0\u00b0C de moins avaient \u00e9t\u00e9 relev\u00e9s par rapport \u00e0 une mesure sans ombri\u00e8re\u2009\u00bb.<\/p>\n<p class=\" wall-content\">Personnalisez votre actualit\u00e9 en ajoutant vos villes et m\u00e9dias en favori avec <a href=\"https:\/\/moncompte.actu.fr\" title=\"D\u00e9couvez Mon Actu\" rel=\"nofollow noopener\" data-trk=\"{&quot;cta&quot;:{&quot;action&quot;:&quot;https:\\\/\\\/moncompte.actu.fr&quot;,&quot;category&quot;:&quot;mon compte&quot;,&quot;from&quot;:&quot;article footer&quot;,&quot;name&quot;:&quot;Mon actu&quot;,&quot;type&quot;:&quot;cta&quot;}}\" target=\"_blank\">Mon Actu<\/a>.<\/p>\n","protected":false},"excerpt":{"rendered":"Par David Saint-Sernin Publi\u00e9 le 28 sept. 2025 \u00e0 7h12 Depuis leur ouverture en 2023, les Halles de&hellip;\n","protected":false},"author":2,"featured_media":423098,"comment_status":"","ping_status":"","sticky":false,"template":"","format":"standard","meta":{"footnotes":""},"categories":[2816],"tags":[1111,11,6698,1777,674,1011,27,2857,12,2680,25,104,2312],"class_list":{"0":"post-423097","1":"post","2":"type-post","3":"status-publish","4":"format-standard","5":"has-post-thumbnail","7":"category-toulouse","8":"tag-actu","9":"tag-actualites","10":"tag-canicule","11":"tag-eu","12":"tag-europe","13":"tag-fr","14":"tag-france","15":"tag-jean-luc-moudenc","16":"tag-news","17":"tag-occitanie","18":"tag-republique-francaise","19":"tag-societe","20":"tag-toulouse"},"share_on_mastodon":{"url":"https:\/\/pubeurope.com\/@fr\/115280416929798125","error":""},"_links":{"self":[{"href":"https:\/\/www.europesays.com\/fr\/wp-json\/wp\/v2\/posts\/423097","targetHints":{"allow":["GET"]}}],"collection":[{"href":"https:\/\/www.europesays.com\/fr\/wp-json\/wp\/v2\/posts"}],"about":[{"href":"https:\/\/www.europesays.com\/fr\/wp-json\/wp\/v2\/types\/post"}],"author":[{"embeddable":true,"href":"https:\/\/www.europesays.com\/fr\/wp-json\/wp\/v2\/users\/2"}],"replies":[{"embeddable":true,"href":"https:\/\/www.europesays.com\/fr\/wp-json\/wp\/v2\/comments?post=423097"}],"version-history":[{"count":0,"href":"https:\/\/www.europesays.com\/fr\/wp-json\/wp\/v2\/posts\/423097\/revisions"}],"wp:featuredmedia":[{"embeddable":true,"href":"https:\/\/www.europesays.com\/fr\/wp-json\/wp\/v2\/media\/423098"}],"wp:attachment":[{"href":"https:\/\/www.europesays.com\/fr\/wp-json\/wp\/v2\/media?parent=423097"}],"wp:term":[{"taxonomy":"category","embeddable":true,"href":"https:\/\/www.europesays.com\/fr\/wp-json\/wp\/v2\/categories?post=423097"},{"taxonomy":"post_tag","embeddable":true,"href":"https:\/\/www.europesays.com\/fr\/wp-json\/wp\/v2\/tags?post=423097"}],"curies":[{"name":"wp","href":"https:\/\/api.w.org\/{rel}","templated":true}]}}