{"id":423114,"date":"2025-09-28T06:17:12","date_gmt":"2025-09-28T06:17:12","guid":{"rendered":"https:\/\/www.europesays.com\/fr\/423114\/"},"modified":"2025-09-28T06:17:12","modified_gmt":"2025-09-28T06:17:12","slug":"a-paris-la-cohabitation-subie-des-jeunes-face-a-la-penurie-dappartements","status":"publish","type":"post","link":"https:\/\/www.europesays.com\/fr\/423114\/","title":{"rendered":"\u00e0 Paris, la cohabitation subie des jeunes face \u00e0 la p\u00e9nurie d\u2019appartements"},"content":{"rendered":"<p>                         <img loading=\"lazy\" decoding=\"async\" src=\"https:\/\/www.europesays.com\/fr\/wp-content\/uploads\/2025\/09\/edffe17_upload-1-dyhktsfmmc4z-finale-colocation.jpg\" alt=\"\"   width=\"664\" height=\"443\"\/>      YIMENG SUN                 <\/p>\n<p class=\"article__paragraph  \">\u00ab\u00a0Un consensus de non-intimit\u00e9\u00a0\u00bb\u00a0: tel est le dr\u00f4le d\u2019arrangement que doit passer Samy (qui n\u2019a pas donn\u00e9 son nom) avec ses colocataires lorsqu\u2019il emm\u00e9nage, \u00e0 21\u00a0ans, dans son premier appartement, \u00e0 Issy-les-Moulineaux (Hauts-de-Seine), en banlieue parisienne. Jeune actif dans la restauration, il a certes essay\u00e9 de trouver un logement pour lui seul. Mais il a rapidement \u00e9t\u00e9 confront\u00e9 \u00e0 l\u2019\u00e2pret\u00e9 du march\u00e9 immobilier parisien, o\u00f9 le loyer m\u00e9dian s\u2019\u00e9l\u00e8ve \u00e0 25,70\u00a0euros par m\u00e8tre carr\u00e9, selon <a href=\"https:\/\/www.observatoires-des-loyers.org\/connaitre-les-loyers\/carte-des-niveaux-de-loyers\/paris-intra-muros\" target=\"_blank\" rel=\"noopener nofollow\" title=\"Nouvelle fen\u00eatre\">l\u2019Observatoire des loyers<\/a>.<\/p>\n<p class=\"article__paragraph  \">\u00ab\u00a0Soit c\u2019\u00e9tait trop cher, soit mon dossier ne passait pas\u00a0\u00bb, explique le jeune homme, qui se r\u00e9sout \u00e0 partager un T2\u00a0avec un couple d\u2019amis. Il se retrouve \u00e0 dormir dans le salon-cuisine, qui donne sur la porte d\u2019entr\u00e9e, la cuisine et la chambre de ses colocataires\u00a0: \u00ab\u00a0J\u2019\u00e9tais t\u00e9moin de la vie priv\u00e9e du couple. Et je ne pouvais pas accueillir ma propre petite amie. C\u2019\u00e9tait dur.\u00a0\u00bb<\/p>\n<p class=\"article__paragraph  \">La situation de Samy est loin d\u2019\u00eatre un cas isol\u00e9. A Paris, le taux de suroccupation des logements \u2013 c\u2019est-\u00e0-dire quand le nombre d\u2019occupants d\u00e9passe celui des pi\u00e8ces \u2013 est de 23\u00a0%, d\u2019apr\u00e8s <a href=\"https:\/\/www.apur.org\/fr\/logement-hebergement\/evolution-parc-logements\/taux-suroccupation-logements-metropole-grand-paris\" target=\"_blank\" rel=\"noopener nofollow\" title=\"Nouvelle fen\u00eatre\">une \u00e9tude de l\u2019Atelier parisien d\u2019urbanisme<\/a> publi\u00e9e en\u00a02021, qui ne prend en compte que les logements occup\u00e9s par deux personnes au moins. En premi\u00e8re ligne face \u00e0 la crise du logement, de nombreux \u00e9tudiants et jeunes actifs sont contraints de partager des espaces con\u00e7us pour une seule personne, au prix de nombreux sacrifices, \u00e0 commencer par la pr\u00e9servation de l\u2019intimit\u00e9.<\/p>\n<p class=\"reading-mode-only \"><strong>Il vous reste 70.16% de cet article \u00e0 lire. La suite est r\u00e9serv\u00e9e aux abonn\u00e9s.<\/strong><\/p>\n","protected":false},"excerpt":{"rendered":"YIMENG SUN \u00ab\u00a0Un consensus de non-intimit\u00e9\u00a0\u00bb\u00a0: tel est le dr\u00f4le d\u2019arrangement que doit passer Samy (qui n\u2019a pas&hellip;\n","protected":false},"author":2,"featured_media":423115,"comment_status":"","ping_status":"","sticky":false,"template":"","format":"standard","meta":{"footnotes":""},"categories":[1888],"tags":[1111,1928,11,1927,1777,674,1011,27,12,1926,626,1925,25],"class_list":{"0":"post-423114","1":"post","2":"type-post","3":"status-publish","4":"format-standard","5":"has-post-thumbnail","7":"category-paris","8":"tag-actu","9":"tag-actu-paris","10":"tag-actualites","11":"tag-actualites-paris","12":"tag-eu","13":"tag-europe","14":"tag-fr","15":"tag-france","16":"tag-news","17":"tag-news-paris","18":"tag-paris","19":"tag-paris-news","20":"tag-republique-francaise"},"share_on_mastodon":{"url":"https:\/\/pubeurope.com\/@fr\/115280468046292065","error":""},"_links":{"self":[{"href":"https:\/\/www.europesays.com\/fr\/wp-json\/wp\/v2\/posts\/423114","targetHints":{"allow":["GET"]}}],"collection":[{"href":"https:\/\/www.europesays.com\/fr\/wp-json\/wp\/v2\/posts"}],"about":[{"href":"https:\/\/www.europesays.com\/fr\/wp-json\/wp\/v2\/types\/post"}],"author":[{"embeddable":true,"href":"https:\/\/www.europesays.com\/fr\/wp-json\/wp\/v2\/users\/2"}],"replies":[{"embeddable":true,"href":"https:\/\/www.europesays.com\/fr\/wp-json\/wp\/v2\/comments?post=423114"}],"version-history":[{"count":0,"href":"https:\/\/www.europesays.com\/fr\/wp-json\/wp\/v2\/posts\/423114\/revisions"}],"wp:featuredmedia":[{"embeddable":true,"href":"https:\/\/www.europesays.com\/fr\/wp-json\/wp\/v2\/media\/423115"}],"wp:attachment":[{"href":"https:\/\/www.europesays.com\/fr\/wp-json\/wp\/v2\/media?parent=423114"}],"wp:term":[{"taxonomy":"category","embeddable":true,"href":"https:\/\/www.europesays.com\/fr\/wp-json\/wp\/v2\/categories?post=423114"},{"taxonomy":"post_tag","embeddable":true,"href":"https:\/\/www.europesays.com\/fr\/wp-json\/wp\/v2\/tags?post=423114"}],"curies":[{"name":"wp","href":"https:\/\/api.w.org\/{rel}","templated":true}]}}