{"id":423116,"date":"2025-09-28T06:18:21","date_gmt":"2025-09-28T06:18:21","guid":{"rendered":"https:\/\/www.europesays.com\/fr\/423116\/"},"modified":"2025-09-28T06:18:21","modified_gmt":"2025-09-28T06:18:21","slug":"cet-arrondissement-fait-desormais-partie-de-ceux-a-plus-de-10-000-euros-le-m%c2%b2","status":"publish","type":"post","link":"https:\/\/www.europesays.com\/fr\/423116\/","title":{"rendered":"cet arrondissement fait d\u00e9sormais partie de ceux \u00e0 plus de 10 000 euros le m\u00b2"},"content":{"rendered":"<p>            Par<br \/>\n        <strong><br \/>\n            <a href=\"https:\/\/actu.fr\/auteur\/thomas-martin\" title=\"Consulter tous les articles de Thomas Martin\" target=\"_blank\" rel=\"noopener\">Thomas Martin<\/a><br \/>\n        <\/strong><\/p>\n<p>        Publi\u00e9 le<\/p>\n<p>            28 sept. 2025 \u00e0 6h56        <\/p>\n<p>La stabilisation des prix est de mise sur le march\u00e9 <a href=\"https:\/\/actu.fr\/tag\/immobilier\" target=\"_blank\" rel=\"noopener\">immobilier<\/a> en \u00cele-de-France. Selon les derniers chiffres d\u00e9voil\u00e9s par les notaires du <a href=\"https:\/\/actu.fr\/tag\/grand-paris\" target=\"_blank\" rel=\"noopener\">Grand Paris<\/a>, les prix des appartements \u00e0 Paris n\u2019ont pas \u00e9volu\u00e9 ces derniers mois et restent proches de 9 500 euros le m\u00b2 au premier semestre 2025, comme depuis pr\u00e8s d\u2019un an et demi. Une hausse pourrait toutefois intervenir en octobre : le prix au m\u00b2 devrait mod\u00e9r\u00e9ment augmenter \u00e0 Paris (+1,8% en un an) et s\u2019\u00e9tablir \u00e0 9 650 euros.\u00a0<\/p>\n<p>Les quartiers les plus chers et les plus abordables de Paris<\/p>\n<p class=\" wall-content\">A l\u2019\u00e9chelle des arrondissements, les prix au m\u00b2 s\u2019\u00e9chelonnent au 2e trimestre 2025 entre 7 430 euros dans le 19e arrondissement et 13 310 euros dans le 6e (1,79 fois plus cher que le 19e). Le 9e arrondissement rejoint les 8 premiers arrondissements et le 16e \u00e0 plus de 10 000 euros le m\u00b2 . \u00ab\u00a0On observe \u00e0 nouveau des variations annuelles de prix h\u00e9t\u00e9rog\u00e8nes, variant de -6,7% dans Paris Centre \u00e0 +4,3% dans le 8e arrondissement\u00a0\u00bb, compl\u00e8tent les notaires.\u00a0<\/p>\n<p class=\" wall-content\">Concernant plus pr\u00e9cis\u00e9ment les quartiers, les prix au m\u00b2 varient de 6 510 euros dans le quartier Pont de Flandre du 19e arrondissement, \u00e0 15 090 euros dans le quartier Saint-Thomas d\u2019Aquin dans le 7e. \u00ab\u00a0Les variations annuelles sont tr\u00e8s h\u00e9t\u00e9rog\u00e8nes d\u2019un quartier \u00e0 l\u2019autre, pr\u00e9cisent les notaires. Environ la moiti\u00e9 des quartiers ont vu leurs prix baisser en un an\u00a0\u00bb.\u00a0<\/p>\n<p>    <img   decoding=\"async\" loading=\"lazy\" src=\"https:\/\/www.europesays.com\/fr\/wp-content\/uploads\/2025\/09\/immo-960x621.png\" alt=\"Les prix au m\u00b2 s'\u00e9chelonnent entre 7 430 euros dans le 19e&#10; arrondissement et 13 310 euros dans le 6e\" width=\"960\" height=\"621\"\/><br \/>\n    Les prix au m\u00b2 s\u2019\u00e9chelonnent entre 7 430 euros dans le 19e<br \/>arrondissement et 13 310 euros dans le 6e (\u00a9Notaires du Grand Paris)<\/p>\n<p class=\" wall-content\">Dans ce contexte, les quartiers les plus chers sont :\u00a0<\/p>\n<ul class=\" wall-content\">\n<li>Saint-Thomas-d\u2019Aquin (7e) : 15 090 euros\/m\u00b2 (-7,4% sur un an)<\/li>\n<li>Archives (3e) : 14 230 euros\/m\u00b2 (+7,3%)<\/li>\n<li>Od\u00e9on (6e) : 14 070 euros\/m\u00b2 (-2,1%)<\/li>\n<li>Faubourg du Roule (8e) : 13 620 euros\/m\u00b2 (+12,4%)<\/li>\n<li>Sainte-Avoye (3e) : 13 610 euros\/m\u00b2 (+19,3%)<\/li>\n<\/ul>\n<p class=\" wall-content\">Les quartiers les plus abordables demeurent dans le nord de Paris :\u00a0<\/p>\n<p>Votre r\u00e9gion, votre actu !<\/p>\n<p>Recevez chaque jour les infos qui comptent pour vous.<\/p>\n<p>\t<a href=\"https:\/\/actu.fr\/newsletter\" class=\"ac-btn ac-btn--corner ac-btn--medium ac-btn--blue800\" target=\"_blank\" rel=\"noopener\">S&rsquo;incrire<\/a><\/p>\n<ul class=\" wall-content\">\n<li>Pont de Flandre (19e) : 6 510 euros\/m\u00b2 (-14,8%)<\/li>\n<li>La Chapelle (18e) : 6 830 euros\/m\u00b2 (-4,1%)<\/li>\n<li>La Goutte d\u2019Or (18e) : 6 940 euros\/m\u00b2 (-2%)<\/li>\n<li>Am\u00e9rique (19e) : 7 290 euros\/m\u00b2 (+2,7%)<\/li>\n<li>La Villette (19e) : 7 410 euros\/m\u00b2 (+3,3%)\u00a0<\/li>\n<\/ul>\n<p class=\" wall-content\">Personnalisez votre actualit\u00e9 en ajoutant vos villes et m\u00e9dias en favori avec <a href=\"https:\/\/moncompte.actu.fr\" title=\"D\u00e9couvez Mon Actu\" rel=\"nofollow noopener\" data-trk=\"{&quot;cta&quot;:{&quot;action&quot;:&quot;https:\\\/\\\/moncompte.actu.fr&quot;,&quot;category&quot;:&quot;mon compte&quot;,&quot;from&quot;:&quot;article footer&quot;,&quot;name&quot;:&quot;Mon actu&quot;,&quot;type&quot;:&quot;cta&quot;}}\" target=\"_blank\">Mon Actu<\/a>.<\/p>\n","protected":false},"excerpt":{"rendered":"Par Thomas Martin Publi\u00e9 le 28 sept. 2025 \u00e0 6h56 La stabilisation des prix est de mise sur&hellip;\n","protected":false},"author":2,"featured_media":423117,"comment_status":"","ping_status":"","sticky":false,"template":"","format":"standard","meta":{"footnotes":""},"categories":[1888],"tags":[11,33,1777,674,1011,27,1116,1908,12,626,25],"class_list":{"0":"post-423116","1":"post","2":"type-post","3":"status-publish","4":"format-standard","5":"has-post-thumbnail","7":"category-paris","8":"tag-actualites","9":"tag-economie","10":"tag-eu","11":"tag-europe","12":"tag-fr","13":"tag-france","14":"tag-immobilier","15":"tag-logement","16":"tag-news","17":"tag-paris","18":"tag-republique-francaise"},"share_on_mastodon":{"url":"https:\/\/pubeurope.com\/@fr\/115280471929745228","error":""},"_links":{"self":[{"href":"https:\/\/www.europesays.com\/fr\/wp-json\/wp\/v2\/posts\/423116","targetHints":{"allow":["GET"]}}],"collection":[{"href":"https:\/\/www.europesays.com\/fr\/wp-json\/wp\/v2\/posts"}],"about":[{"href":"https:\/\/www.europesays.com\/fr\/wp-json\/wp\/v2\/types\/post"}],"author":[{"embeddable":true,"href":"https:\/\/www.europesays.com\/fr\/wp-json\/wp\/v2\/users\/2"}],"replies":[{"embeddable":true,"href":"https:\/\/www.europesays.com\/fr\/wp-json\/wp\/v2\/comments?post=423116"}],"version-history":[{"count":0,"href":"https:\/\/www.europesays.com\/fr\/wp-json\/wp\/v2\/posts\/423116\/revisions"}],"wp:featuredmedia":[{"embeddable":true,"href":"https:\/\/www.europesays.com\/fr\/wp-json\/wp\/v2\/media\/423117"}],"wp:attachment":[{"href":"https:\/\/www.europesays.com\/fr\/wp-json\/wp\/v2\/media?parent=423116"}],"wp:term":[{"taxonomy":"category","embeddable":true,"href":"https:\/\/www.europesays.com\/fr\/wp-json\/wp\/v2\/categories?post=423116"},{"taxonomy":"post_tag","embeddable":true,"href":"https:\/\/www.europesays.com\/fr\/wp-json\/wp\/v2\/tags?post=423116"}],"curies":[{"name":"wp","href":"https:\/\/api.w.org\/{rel}","templated":true}]}}