{"id":423118,"date":"2025-09-28T06:19:11","date_gmt":"2025-09-28T06:19:11","guid":{"rendered":"https:\/\/www.europesays.com\/fr\/423118\/"},"modified":"2025-09-28T06:19:11","modified_gmt":"2025-09-28T06:19:11","slug":"diffusion-nice-paris-fc-a-quelle-heure-et-sur-quelle-chaine-voir-le-match-en-direct","status":"publish","type":"post","link":"https:\/\/www.europesays.com\/fr\/423118\/","title":{"rendered":"Diffusion Nice \u2013 Paris FC : \u00e0 quelle heure et sur quelle cha\u00eene voir le match en direct ?"},"content":{"rendered":"<p class=\"paragraph text_align_left lp-f-body-02\">\u00c0 l\u2019issue de la cinqui\u00e8me journ\u00e9e de Ligue 1 McDonald\u2019s, l\u2019OGC Nice occupe la douzi\u00e8me place du classement, avec six points au compteur. Jusqu\u2019\u00e0 pr\u00e9sent, la Gym reste sur deux victoires et trois d\u00e9faites contre le Toulouse FC (0-1), Le Havre (3-1) et le Stade brestois 29 (4-1). Cette semaine, les Aiglons n\u2019ont pas d\u2019autre choix que de renouer avec le succ\u00e8s pour s\u2019\u00e9loigner des places de rel\u00e9gation. En parall\u00e8le, Nice a fait son entr\u00e9e en UEFA Europa League contre l\u2019AS Roma. De son c\u00f4t\u00e9, le Paris FC est onzi\u00e8me. Le club issu de la Ligue 2 BKT enregistre lui aussi trois revers (Nantes, Angers et Marseille) et deux succ\u00e8s (FC Metz et Brest). Ce dimanche, le club de la capitale va tout faire pour d\u00e9crocher trois points suppl\u00e9mentaires et se rapprocher de Marseille, la premi\u00e8re \u00e9quipe en position europ\u00e9enne. Dans ces lignes on vous dit \u00e0 quelle heure et sur quelle cha\u00eene regarder le match Nice \u2013 Paris FC en direct ce dimanche apr\u00e8s-midi.<\/p>\n<p>Diffusion Nice \u2013 Paris FC en direct : sur quelle cha\u00eene regarder le match ?<\/p>\n<p class=\"paragraph text_align_left lp-f-body-02\"><b>Le match qui oppose l\u2019OGC Nice et le Paris FC est diffus\u00e9 ce dimanche <\/b><a href=\"https:\/\/www.tkqlhce.com\/click-100434109-17139035\" target=\"_blank\" rel=\"sponsored nofollow noopener\"><b>en direct sur Ligue 1+<\/b><\/a><b>. Le coup d\u2019envoi de la rencontre est pr\u00e9vu \u00e0 15h \u00e0 l\u2019Allianz Riviera.<\/b> L\u2019arbitre Abdelatif Kherradji a \u00e9t\u00e9 d\u00e9sign\u00e9 pour diriger le choc. Il sera assist\u00e9 de Cl\u00e9ment Turpin et de Mathieu Grosbost \u00e0 la VAR. Les commentateurs prennent l\u2019antenne quelques minutes avant le d\u00e9but du match pour faire le point sur les forces en vigueur et les derni\u00e8res actualit\u00e9s du championnat. Ils d\u00e9cryptent ensuite les prestations des \u00e9quipes et analysent les temps forts.<\/p>\n<p class=\"paragraph text_align_left lp-f-body-02\"><a href=\"https:\/\/www.tkqlhce.com\/click-100434109-17139035\" target=\"_blank\" rel=\"sponsored nofollow noopener\"><b>Cliquez ici pour regarder le match sur Ligue 1+<\/b><\/a><\/p>\n<p class=\"paragraph text_align_left lp-f-body-02\"><b>Abonnement Ligue 1+ en direct : <\/b><a href=\"https:\/\/www.tkqlhce.com\/click-100434109-17139035\" rel=\"sponsored nofollow noopener\" target=\"_blank\"><b>\u00e0 partir de 9,99\u20ac\/mois<\/b><\/a><\/p>\n<p class=\"paragraph text_align_left lp-f-body-02\"><b>Abonnement Ligue 1+ et DAZN : <\/b><a href=\"https:\/\/dazn.prf.hn\/click\/camref:1011lSfUI\" rel=\"sponsored nofollow noopener\" target=\"_blank\"><b>\u00e0 partir de 16,99\u20ac\/mois<\/b><\/a><\/p>\n<p class=\"paragraph text_align_left lp-f-body-02\"><b>Abonnement Ligue 1+ et RMC Sport : <\/b><a href=\"https:\/\/www.awin1.com\/awclick.php?gid=448180&amp;mid=33125&amp;awinaffid=467845&amp;linkid=3247029&amp;clickref=\" rel=\"sponsored nofollow noopener\" target=\"_blank\"><b>\u00e0 partir de 19\u20ac\/mois<\/b><\/a><\/p>\n<p class=\"paragraph text_align_left lp-f-body-02\"><b>Abonnement Ligue 1+ via Prime Video : <\/b><a href=\"https:\/\/www.primevideo.com\/offers\/?benefitId=ligueonefr&amp;?tag=lepar03-21\" rel=\"sponsored nofollow noopener\" target=\"_blank\"><b>\u00e0 partir de 14,99 \u20ac\/mois<\/b><\/a><\/p>\n","protected":false},"excerpt":{"rendered":"\u00c0 l\u2019issue de la cinqui\u00e8me journ\u00e9e de Ligue 1 McDonald\u2019s, l\u2019OGC Nice occupe la douzi\u00e8me place du classement,&hellip;\n","protected":false},"author":2,"featured_media":423119,"comment_status":"","ping_status":"","sticky":false,"template":"","format":"standard","meta":{"footnotes":""},"categories":[1888],"tags":[11,55250,1777,674,1011,27,749,12,55251,626,25,6718],"class_list":{"0":"post-423118","1":"post","2":"type-post","3":"status-publish","4":"format-standard","5":"has-post-thumbnail","7":"category-paris","8":"tag-actualites","9":"tag-diffusion-nice-paris-fc","10":"tag-eu","11":"tag-europe","12":"tag-fr","13":"tag-france","14":"tag-guide-shopping","15":"tag-news","16":"tag-nice-paris-fc","17":"tag-paris","18":"tag-republique-francaise","19":"tag-tv-streaming"},"share_on_mastodon":{"url":"https:\/\/pubeurope.com\/@fr\/115280475817915399","error":""},"_links":{"self":[{"href":"https:\/\/www.europesays.com\/fr\/wp-json\/wp\/v2\/posts\/423118","targetHints":{"allow":["GET"]}}],"collection":[{"href":"https:\/\/www.europesays.com\/fr\/wp-json\/wp\/v2\/posts"}],"about":[{"href":"https:\/\/www.europesays.com\/fr\/wp-json\/wp\/v2\/types\/post"}],"author":[{"embeddable":true,"href":"https:\/\/www.europesays.com\/fr\/wp-json\/wp\/v2\/users\/2"}],"replies":[{"embeddable":true,"href":"https:\/\/www.europesays.com\/fr\/wp-json\/wp\/v2\/comments?post=423118"}],"version-history":[{"count":0,"href":"https:\/\/www.europesays.com\/fr\/wp-json\/wp\/v2\/posts\/423118\/revisions"}],"wp:featuredmedia":[{"embeddable":true,"href":"https:\/\/www.europesays.com\/fr\/wp-json\/wp\/v2\/media\/423119"}],"wp:attachment":[{"href":"https:\/\/www.europesays.com\/fr\/wp-json\/wp\/v2\/media?parent=423118"}],"wp:term":[{"taxonomy":"category","embeddable":true,"href":"https:\/\/www.europesays.com\/fr\/wp-json\/wp\/v2\/categories?post=423118"},{"taxonomy":"post_tag","embeddable":true,"href":"https:\/\/www.europesays.com\/fr\/wp-json\/wp\/v2\/tags?post=423118"}],"curies":[{"name":"wp","href":"https:\/\/api.w.org\/{rel}","templated":true}]}}