{"id":423125,"date":"2025-09-28T06:23:14","date_gmt":"2025-09-28T06:23:14","guid":{"rendered":"https:\/\/www.europesays.com\/fr\/423125\/"},"modified":"2025-09-28T06:23:14","modified_gmt":"2025-09-28T06:23:14","slug":"gaza-bientot-dirigee-par-tony-blair-ce-que-lon-sait-de-cette-hypothese-qui-circule-dans-les-medias-britanniques-2","status":"publish","type":"post","link":"https:\/\/www.europesays.com\/fr\/423125\/","title":{"rendered":"Gaza bient\u00f4t dirig\u00e9e par Tony Blair\u00a0? Ce que l\u2019on sait de cette hypoth\u00e8se qui circule dans les m\u00e9dias britanniques"},"content":{"rendered":"<p>        <img decoding=\"async\" loading=\"lazy\" src=\"https:\/\/www.europesays.com\/fr\/wp-content\/uploads\/2025\/09\/bf29bcc_1658681423521-5c93753e240000350005b67c.jpeg\"  width=\"728\" height=\"410\" alt=\"Gaza bient\u00f4t dirig\u00e9e par Tony Blair\u00a0? Ce que l\u2019on sait de cette hypoth\u00e8se qui circule dans les m\u00e9dias britanniques. (image d\u2019illustration)\"\/>  <\/p>\n<p>AFP<\/p>\n<p>Gaza bient\u00f4t dirig\u00e9e par Tony Blair\u00a0? Ce que l\u2019on sait de cette hypoth\u00e8se qui circule dans les m\u00e9dias britanniques. (image d\u2019illustration)<\/p>\n<p class=\"asset asset-text\">INTERNATIONAL &#8211; Un Britannique pour diriger l\u2019enclave palestinienne\u00a0? L\u2019ancien Premier ministre Tony Blair pourrait jouer un r\u00f4le de premier plan au sein d\u2019une future autorit\u00e9 de transition \u00e0 <a href=\"https:\/\/www.huffingtonpost.fr\/international\/article\/flottille-pour-gaza-l-executif-francais-mis-sous-pression-pour-proteger-les-bateaux-qui-font-etat-d-attaques-d-israel_255262.html\" target=\"_blank\" rel=\"noopener\">Gaza<\/a>, institu\u00e9e dans le cadre du plan de paix des <a href=\"https:\/\/www.huffingtonpost.fr\/international\/video\/donald-trump-signe-un-accord-pour-que-tiktok-continue-aux-etats-unis-voici-ce-qu-il-contient_255278.html\" target=\"_blank\" rel=\"noopener\">\u00c9tats-Unis<\/a>, ont rapport\u00e9 ce vendredi 26\u00a0septembre plusieurs m\u00e9dias britanniques.<\/p>\n<p class=\"asset asset-text\">D\u2019apr\u00e8s eux, le politicien travailliste, qui a dirig\u00e9 le Royaume-Uni entre 1997 et 2007, a particip\u00e9 \u00e0 des discussions avec l\u2019administration <a href=\"https:\/\/www.huffingtonpost.fr\/culture\/article\/pour-comprendre-la-haine-que-donald-trump-voue-a-james-comey-il-faut-regarder-cette-mini-serie_255283.html\" target=\"_blank\" rel=\"noopener\">Trump<\/a> et d\u2019autres responsables sur l\u2019avenir du territoire palestinien apr\u00e8s la guerre. Des articles parus dans plusieurs m\u00e9dias outre-Manche, du Financial Times \u00e0 la BBC, indiquent d\u00e9sormais que Tony Blair pourrait diriger cette future entit\u00e9 avec le soutien de l\u2019ONU et des pays du Golfe.<\/p>\n<p class=\"asset asset-text\">Selon <a href=\"https:\/\/www.theguardian.com\/world\/2025\/sep\/25\/washington-backing-plan-for-tony-blair-to-head-transitional-gaza-authority\" target=\"_blank\" rel=\"noopener\" title=\"Nouvelle fen\u00eatre\">The Guardian<\/a> et <a href=\"https:\/\/www.economist.com\/middle-east-and-africa\/2025\/09\/25\/could-tony-blair-run-gaza\" target=\"_blank\" rel=\"noopener\" title=\"Nouvelle fen\u00eatre\">The Economist<\/a>, cet organe appel\u00e9 \u00ab\u00a0Autorit\u00e9 internationale de transition \u00e0 Gaza\u00a0\u00bb demanderait un mandat de l\u2019ONU pour \u00eatre reconnu comme \u00ab\u00a0l\u2019autorit\u00e9 politique et juridique supr\u00eame\u00a0\u00bb pendant cinq ans, avant de transf\u00e9rer le contr\u00f4le aux Palestiniens. La <a href=\"https:\/\/www.bbc.com\/news\/articles\/c3drmk95xlzo\" target=\"_blank\" rel=\"noopener\" title=\"Nouvelle fen\u00eatre\">BBC<\/a> indique pour sa part que cette entit\u00e9 serait dans un premier temps bas\u00e9e en \u00c9gypte, proche de la fronti\u00e8re avec Gaza, avant d\u2019\u00eatre d\u00e9plac\u00e9e dans l\u2019enclave quand les conditions de s\u00e9curit\u00e9 seraient r\u00e9unies.<\/p>\n<p class=\"asset asset-text\">Ce projet, qui a le soutien de la Maison Blanche d\u2019apr\u00e8s la presse britannique, a en tout cas convaincu Yossi Cohen, ex-chef du Mossad interrog\u00e9 vendredi sur la radio de la BBC. Il a dit qu\u2019il \u00ab\u00a0adorait\u00a0\u00bb l\u2019id\u00e9e, d\u00e9crivant Tony Blair comme une \u00ab\u00a0personne formidable\u00a0\u00bb.<\/p>\n<p>                     Tony Blair n\u2019a pas souhait\u00e9 commenter les rumeurs    <\/p>\n<p class=\"asset asset-text\">La piste d\u2019une autorit\u00e9 de transition est ressortie dans plusieurs m\u00e9dias isra\u00e9liens dont le Haaretz et le Times of Isra\u00ebl. Tous deux affirment que cette entit\u00e9 internationale s\u2019inspire des administrations qui ont supervis\u00e9 l\u2019ind\u00e9pendance du Timor oriental ou du <a href=\"https:\/\/www.huffingtonpost.fr\/culture\/article\/pourquoi-dua-lipa-pourtant-chanteuse-britannique-a-obtenu-la-citoyennete-au-kosovo_253254.html\" target=\"_blank\" rel=\"noopener\">Kosovo<\/a>, leur permettant de devenir des \u00c9tats \u00e0 part enti\u00e8re. D\u2019apr\u00e8s le Guardian, l\u2019objectif final serait \u00ab\u00a0l\u2019unification totale de tout le territoire palestinien sous l\u2019Autorit\u00e9 palestinienne\u00a0\u00bb.<\/p>\n<p class=\"asset asset-text\">C\u2019est Tony Blair lui-m\u00eame, tr\u00e8s impliqu\u00e9 comme m\u00e9diateur pour la paix au Proche-Orient de 2007\u00a0\u00e0 2015, qui a demand\u00e9 \u00e0 faire partie du conseil de surveillance de l\u2019autorit\u00e9 de transition, \u00e9crit le <a href=\"https:\/\/www.ft.com\/content\/938ff3cb-f073-41e1-bb5c-381c79adff13\" target=\"_blank\" rel=\"noopener\" title=\"Nouvelle fen\u00eatre\">Financial Times<\/a> dans son article. De son c\u00f4t\u00e9, la fondation de Tony Blair, le Tony Blair Institute for Global Change, n\u2019a pas souhait\u00e9 commenter ces affirmations aupr\u00e8s de l\u2019AFP.<\/p>\n<p class=\"asset asset-text\">Une source proche de l\u2019ancien Premier ministre a confirm\u00e9 qu\u2019il travaillait sur un projet visant \u00e0 mettre fin au conflit. Elle a toutefois indiqu\u00e9 \u00e0 l\u2019AFP que l\u2019ex-dirigeant ne soutiendrait aucune proposition visant \u00e0 d\u00e9placer d\u00e9finitivement les Gazaouis, et que toute autorit\u00e9 de transition transf\u00e9rerait \u00e0 terme le pouvoir \u00e0 l\u2019Autorit\u00e9 palestinienne, bas\u00e9e \u00e0 Ramallah en Cisjordanie.<\/p>\n<p class=\"asset asset-text\">Le bilan de Tony Blair au Proche-Orient est tr\u00e8s loin d\u2019\u00eatre immacul\u00e9. En 2003, le travailliste avait engag\u00e9 le Royaume-Uni dans la guerre en Irak derri\u00e8re les \u00c9tats-Unis, une d\u00e9cision vivement critiqu\u00e9e dans son pays. Une commission d\u2019enqu\u00eate ind\u00e9pendante avait conclu en 2016 qu\u2019il avait lui aussi d\u00e9lib\u00e9r\u00e9ment exag\u00e9r\u00e9 la menace pos\u00e9e par le r\u00e9gime irakien.<\/p>\n","protected":false},"excerpt":{"rendered":"AFP Gaza bient\u00f4t dirig\u00e9e par Tony Blair\u00a0? Ce que l\u2019on sait de cette hypoth\u00e8se qui circule dans les&hellip;\n","protected":false},"author":2,"featured_media":423126,"comment_status":"","ping_status":"","sticky":false,"template":"","format":"standard","meta":{"footnotes":""},"categories":[1588],"tags":[11,1777,674,665,14,12,3518,473,1853,51573,1851,1850,1852],"class_list":{"0":"post-423125","1":"post","2":"type-post","3":"status-publish","4":"format-standard","5":"has-post-thumbnail","7":"category-royaume-uni","8":"tag-actualites","9":"tag-eu","10":"tag-europe","11":"tag-gaza","12":"tag-international","13":"tag-news","14":"tag-palestine","15":"tag-royaume-uni","16":"tag-royaume-uni-de-grande-bretagne-et-dirlande-du-nord","17":"tag-tony-blair","18":"tag-uk","19":"tag-united-kingdom","20":"tag-united-kingdom-of-great-britain-and-northern-ireland"},"share_on_mastodon":{"url":"https:\/\/pubeurope.com\/@fr\/115280491641651205","error":""},"_links":{"self":[{"href":"https:\/\/www.europesays.com\/fr\/wp-json\/wp\/v2\/posts\/423125","targetHints":{"allow":["GET"]}}],"collection":[{"href":"https:\/\/www.europesays.com\/fr\/wp-json\/wp\/v2\/posts"}],"about":[{"href":"https:\/\/www.europesays.com\/fr\/wp-json\/wp\/v2\/types\/post"}],"author":[{"embeddable":true,"href":"https:\/\/www.europesays.com\/fr\/wp-json\/wp\/v2\/users\/2"}],"replies":[{"embeddable":true,"href":"https:\/\/www.europesays.com\/fr\/wp-json\/wp\/v2\/comments?post=423125"}],"version-history":[{"count":0,"href":"https:\/\/www.europesays.com\/fr\/wp-json\/wp\/v2\/posts\/423125\/revisions"}],"wp:featuredmedia":[{"embeddable":true,"href":"https:\/\/www.europesays.com\/fr\/wp-json\/wp\/v2\/media\/423126"}],"wp:attachment":[{"href":"https:\/\/www.europesays.com\/fr\/wp-json\/wp\/v2\/media?parent=423125"}],"wp:term":[{"taxonomy":"category","embeddable":true,"href":"https:\/\/www.europesays.com\/fr\/wp-json\/wp\/v2\/categories?post=423125"},{"taxonomy":"post_tag","embeddable":true,"href":"https:\/\/www.europesays.com\/fr\/wp-json\/wp\/v2\/tags?post=423125"}],"curies":[{"name":"wp","href":"https:\/\/api.w.org\/{rel}","templated":true}]}}