{"id":423150,"date":"2025-09-28T06:40:28","date_gmt":"2025-09-28T06:40:28","guid":{"rendered":"https:\/\/www.europesays.com\/fr\/423150\/"},"modified":"2025-09-28T06:40:28","modified_gmt":"2025-09-28T06:40:28","slug":"gerard-holtz-va-faire-son-grand-retour-a-la-tele-sur-la-chaine-parlementaire","status":"publish","type":"post","link":"https:\/\/www.europesays.com\/fr\/423150\/","title":{"rendered":"G\u00e9rard Holtz va faire son grand retour \u00e0 la t\u00e9l\u00e9 sur La Cha\u00eene parlementaire"},"content":{"rendered":"<p>C\u2019est reparti pour un tour\u00a0! Neuf ans apr\u00e8s avoir fait ses adieux \u00e0 l\u2019antenne, il va faire son grand retour dans votre petit \u00e9cran. G\u00e9rard Holtz, bien connu des amateurs de <a href=\"https:\/\/www.20minutes.fr\/sport\/\" class=\"c-link c-link--is-underlined\" target=\"_blank\" rel=\"noopener\">sport<\/a> et des t\u00e9l\u00e9spectateurs de <a href=\"https:\/\/www.20minutes.fr\/television\/france_televisions\/\" class=\"c-link c-link--is-underlined\" target=\"_blank\" rel=\"noopener\">France T\u00e9l\u00e9visions<\/a>, prendra, le 24 octobre prochain, la t\u00eate d\u2019un magazine\u2026 culturel\u00a0! Programm\u00e9e en prime time, cette \u00e9mission sera diffus\u00e9e sur La Cha\u00eene parlementaire, d\u00e9taille <a href=\"https:\/\/www.leparisien.fr\/culture-loisirs\/tv\/revenir-cetait-evident-gerard-holtz-fait-son-grand-retour-a-la-tele-avec-un-magazine-culturel-sur-lcp-27-09-2025-44LB452EPRB5ZHNWQOOIUUVPDU.php\" target=\"_blank\" class=\"c-link c-link--is-underlined\" rel=\"noopener\">Le Parisien.<\/a><\/p>\n<p>Baptis\u00e9 \u00ab\u00a0Le banquet\u00a0\u00bb, ce programme sera visible deux fois par mois \u00e0 21 heures sur LCP. G\u00e9rard Holtz sera \u00e9paul\u00e9 notamment par Anna Cabana, qui a su convaincre l\u2019ex-journaliste sportif de replonger dans le grand bain. \u00ab\u00a0J\u2019ai dit oui tout de suite. Je n\u2019ai pas r\u00e9fl\u00e9chi. C\u2019\u00e9tait \u00e9vident\u00a0\u00bb, a r\u00e9agi le principal int\u00e9ress\u00e9 aupr\u00e8s de nos confr\u00e8res, \u00e9voquant m\u00eame un \u00ab\u00a0coup de foudre\u00a0\u00bb professionnel.<\/p>\n<p>Un ton \u00ab\u00a0piquant\u00a0\u00bb et \u00ab\u00a0dr\u00f4le\u00a0\u00bb<\/p>\n<p>Au programme de l\u2019\u00e9mission\u00a0: \u00ab\u00a0Ce sera la culture, de Platon \u00e0 <a href=\"https:\/\/www.20minutes.fr\/culture\/asterix\/\" class=\"c-link c-link--is-underlined\" target=\"_blank\" rel=\"noopener\">Ast\u00e9rix<\/a>. Nous traiterons de romans, de th\u00e9\u00e2tre, de ballet mais aussi de <a href=\"https:\/\/www.20minutes.fr\/arts-stars\/culture\/bd\/\" class=\"c-link c-link--is-underlined\" target=\"_blank\" rel=\"noopener\">BD<\/a>, en partant \u00e0 chaque fois d\u2019un fait de l\u2019actualit\u00e9 culturelle.\u00a0\u00bb Le tout sur un ton \u00ab\u00a0piquant\u00a0\u00bb et \u00ab\u00a0dr\u00f4le\u00a0\u00bb, assure-t-il.<\/p>\n<p>G\u00e9rard Holtz avait fait ses adieux au petit \u00e9cran, en juillet\u00a02016, lors d\u2019une ultime \u00e9tape du <a href=\"https:\/\/www.20minutes.fr\/sport\/tour-de-france\/\" class=\"c-link c-link--is-underlined\" target=\"_blank\" rel=\"noopener\">Tour de France<\/a>, apr\u00e8s quatre d\u00e9cennies de carri\u00e8re dont trois qu\u2019il a d\u00e9di\u00e9es corps et \u00e2me \u00e0 sa passion pour le sport.<\/p>\n","protected":false},"excerpt":{"rendered":"C\u2019est reparti pour un tour\u00a0! Neuf ans apr\u00e8s avoir fait ses adieux \u00e0 l\u2019antenne, il va faire son&hellip;\n","protected":false},"author":2,"featured_media":423151,"comment_status":"","ping_status":"","sticky":false,"template":"","format":"standard","meta":{"footnotes":""},"categories":[1359],"tags":[58,59,1011,27,2400,500,973,517,252],"class_list":{"0":"post-423150","1":"post","2":"type-post","3":"status-publish","4":"format-standard","5":"has-post-thumbnail","7":"category-people","8":"tag-divertissement","9":"tag-entertainment","10":"tag-fr","11":"tag-france","12":"tag-france-televisions","13":"tag-medias","14":"tag-people","15":"tag-sport","16":"tag-television"},"share_on_mastodon":{"url":"https:\/\/pubeurope.com\/@fr\/115280558472934727","error":""},"_links":{"self":[{"href":"https:\/\/www.europesays.com\/fr\/wp-json\/wp\/v2\/posts\/423150","targetHints":{"allow":["GET"]}}],"collection":[{"href":"https:\/\/www.europesays.com\/fr\/wp-json\/wp\/v2\/posts"}],"about":[{"href":"https:\/\/www.europesays.com\/fr\/wp-json\/wp\/v2\/types\/post"}],"author":[{"embeddable":true,"href":"https:\/\/www.europesays.com\/fr\/wp-json\/wp\/v2\/users\/2"}],"replies":[{"embeddable":true,"href":"https:\/\/www.europesays.com\/fr\/wp-json\/wp\/v2\/comments?post=423150"}],"version-history":[{"count":0,"href":"https:\/\/www.europesays.com\/fr\/wp-json\/wp\/v2\/posts\/423150\/revisions"}],"wp:featuredmedia":[{"embeddable":true,"href":"https:\/\/www.europesays.com\/fr\/wp-json\/wp\/v2\/media\/423151"}],"wp:attachment":[{"href":"https:\/\/www.europesays.com\/fr\/wp-json\/wp\/v2\/media?parent=423150"}],"wp:term":[{"taxonomy":"category","embeddable":true,"href":"https:\/\/www.europesays.com\/fr\/wp-json\/wp\/v2\/categories?post=423150"},{"taxonomy":"post_tag","embeddable":true,"href":"https:\/\/www.europesays.com\/fr\/wp-json\/wp\/v2\/tags?post=423150"}],"curies":[{"name":"wp","href":"https:\/\/api.w.org\/{rel}","templated":true}]}}