{"id":423158,"date":"2025-09-28T06:44:20","date_gmt":"2025-09-28T06:44:20","guid":{"rendered":"https:\/\/www.europesays.com\/fr\/423158\/"},"modified":"2025-09-28T06:44:20","modified_gmt":"2025-09-28T06:44:20","slug":"cinq-bonnes-raisons-daller-au-festival-baisers-iodes-a-saint-malo","status":"publish","type":"post","link":"https:\/\/www.europesays.com\/fr\/423158\/","title":{"rendered":"Cinq bonnes raisons d&rsquo;aller au festival Baisers iod\u00e9s \u00e0 Saint-Malo"},"content":{"rendered":"<p>            Par<br \/>\n        <strong><br \/>\n            <a href=\"https:\/\/actu.fr\/auteur\/bernadette-ramel\" title=\"Consulter tous les articles de Bernadette Ramel\" target=\"_blank\" rel=\"noopener\">Bernadette Ramel<\/a><br \/>\n        <\/strong><\/p>\n<p>        Publi\u00e9 le<\/p>\n<p>            26 sept. 2025 \u00e0 17h48        <\/p>\n<p>Le festival Baisers iod\u00e9s, premier du nom, va s\u2019installer \u00e0 La Nouvelle Vague de <a href=\"https:\/\/actu.fr\/bretagne\/saint-malo_35288\" target=\"_blank\" rel=\"noopener\">Saint-Malo<\/a> pour deux soir\u00e9es de concerts. Cet <a href=\"https:\/\/actu.fr\/bretagne\/saint-malo_35288\/bagarre-miki-yoa-julien-granel-voici-toute-la-programmation-du-festival-baisers-iodes-a-saint-malo_62664918.html\" target=\"_blank\" rel=\"noopener\">\u00e9v\u00e9nement d\u00e9fricheur<\/a>, anciennement nomm\u00e9 Baisers vol\u00e9s, n\u2019a pas chang\u00e9 d\u2019esprit : il fait d\u00e9couvrir le meilleur de la sc\u00e8ne francophone du moment. Si vous avez besoin de raisons pour y aller, en voici\u2026<\/p>\n<p>1. Pour les voir \u00ab avant tout le monde \u00bb<\/p>\n<p class=\" wall-content\">En 2018, la premi\u00e8re \u00e9dition avait accueilli Jeanne Added, Eddy de Pretto et Clara Luciani. En 2022, on y avait d\u00e9couvert Pierre de Maere, en 2023, Zaho de Sagazan et, l\u2019an dernier, Aliocha Schneider \u00e9tait programm\u00e9. Bref, ce festival malouin d\u00e9di\u00e9 \u00e0 la pop francophone est souvent bien inspir\u00e9 pour d\u00e9tecter \u00ab les t\u00eates d\u2019affiche de demain \u00bb. Baisers iod\u00e9s est donc l\u2019occasion de les voir \u00ab avant tout le monde \u00bb et \u00ab peut-\u00eatre pour la derni\u00e8re fois dans une jauge intimiste \u00bb.<\/p>\n<p>    <img   decoding=\"async\" loading=\"lazy\" class=\"size-large\" src=\"https:\/\/www.europesays.com\/fr\/wp-content\/uploads\/2025\/09\/c985013062d8646b5013062d8e3f50v-824x640.jpg\" alt=\"Yoa (c) Colin SOLAL\" width=\"824\" height=\"640\"\/><br \/>\n    Yoa, \u00e0 d\u00e9couvrir vendredi soir. \u00a9(Photo : Colin Solal)2. Saisir les tendances du moment<\/p>\n<p class=\" wall-content\">Si vous voulez vous mettre \u00e0 la page, d\u00e9couvrir en live l\u2019hyperpop et l\u2019emo, c\u2019est le moment ou jamais. Vendredi soir, on d\u00e9couvrira les meilleurs artistes du genre, et uniquement des femmes. Parmi elles, Miki, sensation du moment, \u00e0 qui l\u2019on doit entre autres la chanson Echec et mat. Th\u00e9a, r\u00e9cemment programm\u00e9e au festival Rock en Seine, exprime sans fards le spleen de sa g\u00e9n\u00e9ration, tout comme Yoa, r\u00e9v\u00e9lation sc\u00e8ne aux derni\u00e8res Victoires de la musique. Ne pas manquer non plus la Briochine Ar\u00f8ne, la Tourangelle Crenoka et le duo rennais Graphy-T.<\/p>\n<p>3. D\u00e9couvrir des artistes hors des sentiers battus<\/p>\n<p class=\" wall-content\">Le fil conducteur de la deuxi\u00e8me soir\u00e9e ? Des personnalit\u00e9s hors des sentiers battus, voire d\u00e9routantes sur sc\u00e8ne. Julien Granel d\u00e9ploiera son univers chatoyant et r\u00e9solument positif, Jan Verstraeten m\u00ealera les arts visuels \u00e0 sa \u00ab pop vibrante \u00bb. Quant \u00e0 la \u00ab po\u00e9tesse satirique \u00bb Gildaa, \u00ab au carrefour de la chanson et du baile funk \u00bb, elle sera tout sauf fade. On n\u2019oublie pas Tonique &amp; Man, \u00ab entre disco d\u00e9contract\u00e9e et pop moderne \u00bb. Pour ne pas faire retomber l\u2019ambiance, les interplateaux seront assur\u00e9s par une Rennaise, Dig\u00e9 Momo, \u00e0 la fois DJ et artiste plasticienne.<\/p>\n<p>Vid\u00e9os : en ce moment sur Actu4. Assister \u00e0 la derni\u00e8re Bagarre<\/p>\n<p class=\" wall-content\">C\u2019est un \u00e9v\u00e9nement dans l\u2019\u00e9v\u00e9nement. Samedi soir, le groupe Bagarre, 10\u00a0ans de carri\u00e8re au compteur, donnera \u00e0 La Nouvelle Vague, l\u2019un de ses derniers concerts. \u00ab Bagarre c\u2019est l\u2019\u00e9motion du Club, du collectif, de la nuit, du partage, de la musique qu\u2019on vit ensemble, en live et en dansant. Bagarre c\u2019est cinq personnalit\u00e9s alli\u00e9es pour une c\u00e9l\u00e9bration d\u2019amour et de libert\u00e9 \u00bb, souligne le festival. Lequel avait d\u00e9j\u00e0 accueilli le groupe, en 2018, pour sa toute premi\u00e8re \u00e9dition\u2026<\/p>\n<p>5. Passer des soir\u00e9es sans temps mort<\/p>\n<p class=\" wall-content\">\u00c0 Baisers iod\u00e9s, les portes s\u2019ouvrent \u00e0 20 h et les concerts s\u2019encha\u00eenent en alternance dans la Grande salle et sur la sc\u00e8ne du Club, ce qui permet de limiter les temps morts ! Vous aurez tout de m\u00eame le temps de boire un verre au bar ou de vous restaurer \u00e0 l\u2019ext\u00e9rieur de la salle avec le foodtruck El Patron. On ajoutera que Baisers iod\u00e9s pratique des tarifs mod\u00e9r\u00e9s : le pass 2 jours est \u00e0 42 \u20ac. Pas excessif pour une douzaine de concerts\u2026<\/p>\n<p>Votre r\u00e9gion, votre actu !<\/p>\n<p>Recevez chaque jour les infos qui comptent pour vous.<\/p>\n<p>\t<a href=\"https:\/\/actu.fr\/newsletter\" class=\"ac-btn ac-btn--corner ac-btn--medium ac-btn--blue800\" target=\"_blank\" rel=\"noopener\">S&rsquo;incrire<\/a><\/p>\n<p>Baisers iod\u00e9s \u00e0 Saint-Malo, vendredi\u00a026 et samedi 27\u00a0septembre. Billetterie sur https:\/\/billetterie.lanouvellevague.org\/ \u2013 Tarif : 42\u00a0\u20ac les deux soirs. Un soir : abo : 21\u00a0\u20ac \/ r\u00e9duit : 24\u00a0\u20ac \/ pr\u00e9vente : 28\u00a0\u20ac. Attention la soir\u00e9e du vendredi risque d\u2019afficher complet.Les horaires : vendredi 26\u00a0septembre : 20 h 15 Crenoka, 20 h 55 Ar\u00f8ne, 22 h Miki, 23 h 10 Yoa, 00 h 05 Graphy-T, 00 h 45 Th\u00e9a. Samedi 27\u00a0septembre : 20 h 15 Tonique &amp; Man, 21 h Gildaa, 21 h 40 Dig\u00e9 Momo, 22 h 10 Jan Verstraeten, 23 h Dig\u00e9 Momo, 22 h 10 Jan Verstraeten, 23 h Dig\u00e9 Momo, 23 h 30 Julien Granel, 00 h 30 Dig\u00e9 Momo, 00 h 55 Bagarre.<\/p>\n<p class=\" wall-content\">Personnalisez votre actualit\u00e9 en ajoutant vos villes et m\u00e9dias en favori avec <a href=\"https:\/\/moncompte.actu.fr\" title=\"D\u00e9couvez Mon Actu\" rel=\"nofollow noopener\" data-trk=\"{&quot;cta&quot;:{&quot;action&quot;:&quot;https:\\\/\\\/moncompte.actu.fr&quot;,&quot;category&quot;:&quot;mon compte&quot;,&quot;from&quot;:&quot;article footer&quot;,&quot;name&quot;:&quot;Mon actu&quot;,&quot;type&quot;:&quot;cta&quot;}}\" target=\"_blank\">Mon Actu<\/a>.<\/p>\n","protected":false},"excerpt":{"rendered":"Par Bernadette Ramel Publi\u00e9 le 26 sept. 2025 \u00e0 17h48 Le festival Baisers iod\u00e9s, premier du nom, va&hellip;\n","protected":false},"author":2,"featured_media":423159,"comment_status":"","ping_status":"","sticky":false,"template":"","format":"standard","meta":{"footnotes":""},"categories":[1355],"tags":[1695,1697,58,59,1011,27,1652,1361,873,16610],"class_list":{"0":"post-423158","1":"post","2":"type-post","3":"status-publish","4":"format-standard","5":"has-post-thumbnail","7":"category-musique","8":"tag-chanson","9":"tag-concert","10":"tag-divertissement","11":"tag-entertainment","12":"tag-fr","13":"tag-france","14":"tag-loisirs-culture","15":"tag-music","16":"tag-musique","17":"tag-sortir-a-saint-malo"},"share_on_mastodon":{"url":"https:\/\/pubeurope.com\/@fr\/115280574299467754","error":""},"_links":{"self":[{"href":"https:\/\/www.europesays.com\/fr\/wp-json\/wp\/v2\/posts\/423158","targetHints":{"allow":["GET"]}}],"collection":[{"href":"https:\/\/www.europesays.com\/fr\/wp-json\/wp\/v2\/posts"}],"about":[{"href":"https:\/\/www.europesays.com\/fr\/wp-json\/wp\/v2\/types\/post"}],"author":[{"embeddable":true,"href":"https:\/\/www.europesays.com\/fr\/wp-json\/wp\/v2\/users\/2"}],"replies":[{"embeddable":true,"href":"https:\/\/www.europesays.com\/fr\/wp-json\/wp\/v2\/comments?post=423158"}],"version-history":[{"count":0,"href":"https:\/\/www.europesays.com\/fr\/wp-json\/wp\/v2\/posts\/423158\/revisions"}],"wp:featuredmedia":[{"embeddable":true,"href":"https:\/\/www.europesays.com\/fr\/wp-json\/wp\/v2\/media\/423159"}],"wp:attachment":[{"href":"https:\/\/www.europesays.com\/fr\/wp-json\/wp\/v2\/media?parent=423158"}],"wp:term":[{"taxonomy":"category","embeddable":true,"href":"https:\/\/www.europesays.com\/fr\/wp-json\/wp\/v2\/categories?post=423158"},{"taxonomy":"post_tag","embeddable":true,"href":"https:\/\/www.europesays.com\/fr\/wp-json\/wp\/v2\/tags?post=423158"}],"curies":[{"name":"wp","href":"https:\/\/api.w.org\/{rel}","templated":true}]}}