{"id":423165,"date":"2025-09-28T06:48:10","date_gmt":"2025-09-28T06:48:10","guid":{"rendered":"https:\/\/www.europesays.com\/fr\/423165\/"},"modified":"2025-09-28T06:48:10","modified_gmt":"2025-09-28T06:48:10","slug":"un-psychopathe-constitutionnel-la-face-cachee-et-les-mensonges-dherve-bazin-lauteur-de-vipere-au-poing","status":"publish","type":"post","link":"https:\/\/www.europesays.com\/fr\/423165\/","title":{"rendered":"\u00ab\u00a0Un psychopathe constitutionnel\u00a0\u00bb\u00a0:\u00a0la face cach\u00e9e et les mensonges d\u2019Herv\u00e9 Bazin, l\u2019auteur de Vip\u00e8re au poing"},"content":{"rendered":"<p><strong>R\u00c9CIT &#8211; <\/strong>Un incroyable livre-enqu\u00eate r\u00e9v\u00e8le comment l\u2019ancien pr\u00e9sident de l\u2019acad\u00e9mie Goncourt a dissimul\u00e9 ses errements et ses impostures derri\u00e8re une mystification litt\u00e9raire.<\/p>\n<p class=\"fig-paragraph\">Vip\u00e8re au poing d\u2019<a href=\"https:\/\/www.lefigaro.fr\/livres\/2017\/10\/06\/03005-20171006ARTFIG00159--vipere-au-poing-en-1948-herve-bazin-vu-par-jean-blanzat.php\" data-fig-type=\"Article\" data-gtm-custom-categorie=\"navigation\" data-gtm-custom-action=\"crossclick\" data-gtm-custom-label=\"Contextuel\" data-gtm-event=\"customEventSPE\" data-fig-domain=\"LEFIGARO\" target=\"_blank\" rel=\"noopener\">Herv\u00e9 Bazin<\/a>\u00a0a r\u00e9ussi la performance d\u2019\u00eatre un \u00e9norme succ\u00e8s lors de sa sortie, en 1948, et de devenir un classique de la litt\u00e9rature fran\u00e7aise d\u2019apr\u00e8s-guerre du vivant de son auteur (1911-1996). Le coup de ma\u00eetre d\u2019un premier roman qui fut pour des g\u00e9n\u00e9rations de coll\u00e9giens ou de lyc\u00e9ens une lecture oblig\u00e9e. Au c\u0153ur de l\u2019\u0153uvre se trouve le personnage inoubliable d\u2019une m\u00e8re tyrannique surnomm\u00e9e Folcoche, exer\u00e7ant sur ses trois fils s\u00e9vices et privations.<\/p>\n<p class=\"fig-paragraph\">L\u2019un d\u2019eux, baptis\u00e9 Brasse-Bouillon, double de l\u2019auteur et narrateur du roman pr\u00e9sent\u00e9 comme autobiographique, se rebelle contre l\u2019emprise de la tortionnaire au point de tenter de l\u2019assassiner. Cette peinture au vitriol d\u2019une certaine bourgeoisie provinciale se vendra \u00e0 plus de cinq millions d\u2019exemplaires, sera traduite dans une trentaine de pays, fera l\u2019objet d\u2019une adaptation t\u00e9l\u00e9vis\u00e9e et d\u2019une autre au cin\u00e9ma.<\/p>\n<p class=\"fig-paragraph\">Quant \u00e0 son auteur, Jean Herv\u00e9-Bazin \u00e0 l\u2019\u00e9tat civil, s\u2019il ne renoua pas ensuite avec un tel succ\u00e8s, il s\u2019installa\u2026<\/p>\n<p class=\"fig-premium-paywall__infos\">\n        Cet article est r\u00e9serv\u00e9 aux abonn\u00e9s.        Il vous reste 85% \u00e0 d\u00e9couvrir.\n    <\/p>\n<p>                <img  data- alt=\"Le Figaro\" class=\"fig-img--complete fig-img\"\/><\/p>\n<p class=\"fig-premium-paywall__title\">Vous avez envie de lire la suite ?<\/p>\n<p class=\"fig-premium-paywall__subtitle\">D\u00e9bloquez tous les articles imm\u00e9diatement.<\/p>\n<p class=\"fig-premium-paywall__connect\">\n                D\u00e9j\u00e0 abonn\u00e9\u00a0?                <a class=\"fig-premium-paywall__connect-link\" href=\"https:\/\/connect.lefigaro.fr\/login?client=horizon_web&amp;type=main&amp;redirect_uri=https%3A%2F%2Fwww.lefigaro.fr%2Flivres%2Fun-psychopathe-constitutionnel-la-face-cachee-d-herve-bazin-20250928\" data-js-gtm=\"{&quot;customCategorie&quot;: &quot;conversion&quot;, &quot;customAction&quot;: &quot;before_Landing_Connexion_paywall_auto&quot;, &quot;customLabel&quot;: &quot;bGVmaWdhcm8uZnJfXzFmMDk5ZTdhLTE1ZmItNmRlNi04OWRiLWJiZTk5ZTllZmJlMl9fQXJ0aWNsZQ==_\u00ab\u00a0Un psychopathe constitutionnel\u00a0\u00bb\u00a0:\u00a0la face cach\u00e9e et les mensonges d\u2019Herv\u00e9 Bazin, l\u2019auteur de &lt;i&gt;Vip\u00e8re au poing&lt;\/i&gt;_110&quot;, &quot;customIDSPE&quot;: &quot;bGVmaWdhcm8uZnJfXzFmMDk5ZTdhLTE1ZmItNmRlNi04OWRiLWJiZTk5ZTllZmJlMl9fQXJ0aWNsZQ==&quot;, &quot;event&quot;: &quot;customEventSPE&quot;}\" target=\"_blank\" rel=\"noopener\"><br \/>\n                    Connectez-vous<br \/>\n                <\/a>\n            <\/p>\n","protected":false},"excerpt":{"rendered":"R\u00c9CIT &#8211; Un incroyable livre-enqu\u00eate r\u00e9v\u00e8le comment l\u2019ancien pr\u00e9sident de l\u2019acad\u00e9mie Goncourt a dissimul\u00e9 ses errements et ses&hellip;\n","protected":false},"author":2,"featured_media":423166,"comment_status":"","ping_status":"","sticky":false,"template":"","format":"standard","meta":{"footnotes":""},"categories":[8],"tags":[58,59,1011,27,1351],"class_list":{"0":"post-423165","1":"post","2":"type-post","3":"status-publish","4":"format-standard","5":"has-post-thumbnail","7":"category-divertissement","8":"tag-divertissement","9":"tag-entertainment","10":"tag-fr","11":"tag-france","12":"tag-litterature"},"share_on_mastodon":{"url":"https:\/\/pubeurope.com\/@fr\/115280589877217107","error":""},"_links":{"self":[{"href":"https:\/\/www.europesays.com\/fr\/wp-json\/wp\/v2\/posts\/423165","targetHints":{"allow":["GET"]}}],"collection":[{"href":"https:\/\/www.europesays.com\/fr\/wp-json\/wp\/v2\/posts"}],"about":[{"href":"https:\/\/www.europesays.com\/fr\/wp-json\/wp\/v2\/types\/post"}],"author":[{"embeddable":true,"href":"https:\/\/www.europesays.com\/fr\/wp-json\/wp\/v2\/users\/2"}],"replies":[{"embeddable":true,"href":"https:\/\/www.europesays.com\/fr\/wp-json\/wp\/v2\/comments?post=423165"}],"version-history":[{"count":0,"href":"https:\/\/www.europesays.com\/fr\/wp-json\/wp\/v2\/posts\/423165\/revisions"}],"wp:featuredmedia":[{"embeddable":true,"href":"https:\/\/www.europesays.com\/fr\/wp-json\/wp\/v2\/media\/423166"}],"wp:attachment":[{"href":"https:\/\/www.europesays.com\/fr\/wp-json\/wp\/v2\/media?parent=423165"}],"wp:term":[{"taxonomy":"category","embeddable":true,"href":"https:\/\/www.europesays.com\/fr\/wp-json\/wp\/v2\/categories?post=423165"},{"taxonomy":"post_tag","embeddable":true,"href":"https:\/\/www.europesays.com\/fr\/wp-json\/wp\/v2\/tags?post=423165"}],"curies":[{"name":"wp","href":"https:\/\/api.w.org\/{rel}","templated":true}]}}