{"id":423169,"date":"2025-09-28T06:50:17","date_gmt":"2025-09-28T06:50:17","guid":{"rendered":"https:\/\/www.europesays.com\/fr\/423169\/"},"modified":"2025-09-28T06:50:17","modified_gmt":"2025-09-28T06:50:17","slug":"coup-de-theatre-chez-tesla-elon-musk-reembauche-en-urgence-toute-lequipe-supercharger-apres-larret-brutal-du-developpement","status":"publish","type":"post","link":"https:\/\/www.europesays.com\/fr\/423169\/","title":{"rendered":"Coup de th\u00e9\u00e2tre chez Tesla : Elon Musk r\u00e9embauche en urgence toute l\u2019\u00e9quipe Supercharger apr\u00e8s l\u2019arr\u00eat brutal du d\u00e9veloppement"},"content":{"rendered":"<p><strong>R\u00e9cemment, Elon Musk a pris une d\u00e9cision qui a eu des cons\u00e9quences majeures pour l\u2019une des branches \u00e0 la croissance la plus rapide de Tesla : il a licenci\u00e9 l\u2019ensemble de l\u2019\u00e9quipe responsable du r\u00e9seau de Superchargeurs. <\/strong><\/p>\n<p><strong>Cette action s\u2019inscrit dans une s\u00e9rie de mesures de r\u00e9duction des co\u00fbts, incluant une vague de suppressions de postes \u00e0 l\u2019\u00e9chelle mondiale. La d\u00e9cision est intervenue alors que les ventes de Tesla rencontraient des obstacles, et Musk a estim\u00e9 devoir r\u00e9agir avec fermet\u00e9 pour d\u00e9montrer qu\u2019il gardait la main sur l\u2019entreprise.<\/strong><\/p>\n<p><strong>Une d\u00e9cision impulsive aux effets imm\u00e9diats<\/strong><\/p>\n<p>Tout a commenc\u00e9 par un <strong>geste impulsif<\/strong> de Musk qui, dans l\u2019objectif de rassurer des actionnaires \u00e9branl\u00e9s, a choisi de cong\u00e9dier plus de 500 employ\u00e9s de l\u2019\u00e9quipe Superchargeurs, y compris Rebecca Tinucci, la responsable du d\u00e9partement.<\/p>\n<p>\u00c0 court terme, ce mouvement a eu un effet favorable, le cours de <strong>Tesla<\/strong> ayant progress\u00e9. Mais l\u2019impact r\u00e9el s\u2019est rapidement fait sentir : les chantiers de nouvelles stations de recharge ont \u00e9t\u00e9 <strong>gel\u00e9s<\/strong>, perturbant les plans d\u2019expansion de l\u2019entreprise \u00e0 un moment crucial pour son d\u00e9veloppement.<\/p>\n<p>\u00c0 la suite de cette d\u00e9cision, Musk a \u00e9t\u00e9 contraint d\u2019annoncer publiquement un investissement de <strong>500 millions de dollars<\/strong> pour l\u2019extension du r\u00e9seau de Superchargeurs.<\/p>\n<p>Toutefois, cette d\u00e9claration est intervenue alors que les <strong>projets de construction<\/strong> \u00e9taient d\u00e9j\u00e0 stopp\u00e9s, et l\u2019<strong>incertitude<\/strong> quant aux calendriers de d\u00e9ploiement des nouvelles stations s\u2019est accrue.<\/p>\n<p><strong>R\u00e9embauche de l\u2019\u00e9quipe et le\u00e7ons tir\u00e9es du pass\u00e9<\/strong><\/p>\n<p>Quelques jours plus tard, <strong>Musk<\/strong> a reconnu l\u2019erreur commise et a commenc\u00e9 \u00e0 r\u00e9int\u00e9grer une partie des membres de l\u2019\u00e9quipe Superchargeurs. Parmi les personnes rappel\u00e9es figure <strong>Max de Zegher<\/strong>, un cadre majeur de la division du transport nord-am\u00e9ricain de Tesla.<\/p>\n<p>M\u00eame si le nombre exact de salari\u00e9s r\u00e9embauch\u00e9s n\u2019a pas \u00e9t\u00e9 rendu public, des sources proches du dossier confirment que cette d\u00e9marche vise \u00e0 relancer les <strong>projets strat\u00e9giques<\/strong> indispensables \u00e0 l\u2019expansion de Tesla.<\/p>\n<p>Ironie du sort, cette situation n\u2019est pas sans pr\u00e9c\u00e9dent pour Musk, qui a d\u00e9j\u00e0 recouru \u00e0 des m\u00e9thodes similaires par le pass\u00e9 chez Twitter, o\u00f9 il avait proc\u00e9d\u00e9 \u00e0 des licenciements massifs avant de r\u00e9embaucher certaines personnes.<\/p>\n<p>Ces mouvements de yo-yo dans les effectifs ont souvent \u00e9t\u00e9 critiqu\u00e9s, mais Musk semble pers\u00e9v\u00e9rer dans cette approche, quand bien m\u00eame les enseignements \u00e0 en tirer ne sont pas toujours <strong>positifs<\/strong>.<\/p>\n<p>En fin de compte, cette s\u00e9quence rappelle \u00e0 quel point il est <strong>important<\/strong> pour toute entreprise de s\u2019appuyer sur une \u00e9quipe stable et comp\u00e9tente, surtout en phase d\u2019<strong>expansion<\/strong>.<\/p>\n<p>Des d\u00e9cisions h\u00e2tives de r\u00e9duction d\u2019effectifs peuvent provoquer des effets impr\u00e9visibles sur le long terme et, pour Tesla, cet \u00e9pisode a servi de le\u00e7on douloureuse.<\/p>\n","protected":false},"excerpt":{"rendered":"R\u00e9cemment, Elon Musk a pris une d\u00e9cision qui a eu des cons\u00e9quences majeures pour l\u2019une des branches \u00e0&hellip;\n","protected":false},"author":2,"featured_media":423170,"comment_status":"","ping_status":"","sticky":false,"template":"","format":"standard","meta":{"footnotes":""},"categories":[6],"tags":[150,48941,35,3530,3952,8882,33,34,12074,1011,27,27775,10856,3997,55252,55253,320,1347,7822,3083],"class_list":{"0":"post-423169","1":"post","2":"type-post","3":"status-publish","4":"format-standard","5":"has-post-thumbnail","7":"category-economie","8":"tag-apres","9":"tag-brutal","10":"tag-business","11":"tag-chez","12":"tag-coup","13":"tag-developpement","14":"tag-economie","15":"tag-economy","16":"tag-elon","17":"tag-fr","18":"tag-france","19":"tag-larret","20":"tag-lequipe","21":"tag-musk","22":"tag-reembauche","23":"tag-supercharger","24":"tag-tesla","25":"tag-theatre","26":"tag-toute","27":"tag-urgence"},"share_on_mastodon":{"url":"https:\/\/pubeurope.com\/@fr\/115280597710676927","error":""},"_links":{"self":[{"href":"https:\/\/www.europesays.com\/fr\/wp-json\/wp\/v2\/posts\/423169","targetHints":{"allow":["GET"]}}],"collection":[{"href":"https:\/\/www.europesays.com\/fr\/wp-json\/wp\/v2\/posts"}],"about":[{"href":"https:\/\/www.europesays.com\/fr\/wp-json\/wp\/v2\/types\/post"}],"author":[{"embeddable":true,"href":"https:\/\/www.europesays.com\/fr\/wp-json\/wp\/v2\/users\/2"}],"replies":[{"embeddable":true,"href":"https:\/\/www.europesays.com\/fr\/wp-json\/wp\/v2\/comments?post=423169"}],"version-history":[{"count":0,"href":"https:\/\/www.europesays.com\/fr\/wp-json\/wp\/v2\/posts\/423169\/revisions"}],"wp:featuredmedia":[{"embeddable":true,"href":"https:\/\/www.europesays.com\/fr\/wp-json\/wp\/v2\/media\/423170"}],"wp:attachment":[{"href":"https:\/\/www.europesays.com\/fr\/wp-json\/wp\/v2\/media?parent=423169"}],"wp:term":[{"taxonomy":"category","embeddable":true,"href":"https:\/\/www.europesays.com\/fr\/wp-json\/wp\/v2\/categories?post=423169"},{"taxonomy":"post_tag","embeddable":true,"href":"https:\/\/www.europesays.com\/fr\/wp-json\/wp\/v2\/tags?post=423169"}],"curies":[{"name":"wp","href":"https:\/\/api.w.org\/{rel}","templated":true}]}}