{"id":423173,"date":"2025-09-28T06:52:15","date_gmt":"2025-09-28T06:52:15","guid":{"rendered":"https:\/\/www.europesays.com\/fr\/423173\/"},"modified":"2025-09-28T06:52:15","modified_gmt":"2025-09-28T06:52:15","slug":"un-trou-dans-le-ciel-de-provence-lexplication-derriere-ce-phenomene-meteorologique-rare","status":"publish","type":"post","link":"https:\/\/www.europesays.com\/fr\/423173\/","title":{"rendered":"Un trou dans le ciel de Provence\u00a0? L\u2019explication derri\u00e8re ce ph\u00e9nom\u00e8ne m\u00e9t\u00e9orologique rare"},"content":{"rendered":"<p>        <img decoding=\"async\" loading=\"lazy\" src=\"https:\/\/www.europesays.com\/fr\/wp-content\/uploads\/2025\/09\/f03cb95_upload-1-2ddftab55gqs-capture-d-a-cran-2025-09-27-223308.png\"  width=\"728\" height=\"409\" alt=\"Sur les r\u00e9seaux sociaux, des curieux ont partag\u00e9 des images de ce ph\u00e9nom\u00e8ne connu sous le nom de \u00ab\u00a0cavum\u00a0\u00bb ou  \u00ab\u00a0trou de virga \u00bb.\"\/>  <\/p>\n<p>Captuyre d\u2019\u00e9cran X Paul Marquis<\/p>\n<p>Sur les r\u00e9seaux sociaux, des curieux ont partag\u00e9 des images de ce ph\u00e9nom\u00e8ne connu sous le nom de \u00ab\u00a0cavum\u00a0\u00bb ou  \u00ab\u00a0trou de virga \u00bb.<\/p>\n<p class=\"asset asset-text\">M\u00c9T\u00c9O &#8211; Il n\u2019y a pas que la morosit\u00e9 m\u00e9t\u00e9orologique de cette fin de mois de septembre qui fait parler. Car en levant les yeux vers le ciel ce samedi 27\u00a0septembre, de nombreux curieux ont peut-\u00eatre eu la chance d\u2019observer un immense trou perforer le ciel de Provence.<\/p>\n<p class=\"asset asset-text\">Comme le rapportent <a href=\"https:\/\/www.francebleu.fr\/infos\/environnement\/mais-quel-est-ce-trou-bleu-observe-dans-le-ciel-d-aix-en-provence-8238596\" target=\"_blank\" rel=\"noopener\" title=\"Nouvelle fen\u00eatre\">Ici<\/a> ou <a href=\"https:\/\/www.lefigaro.fr\/meteo\/qu-est-ce-que-le-cavum-ce-mysterieux-nuage-observe-dans-le-gard-ce-samedi-20250927\" target=\"_blank\" rel=\"noopener\" title=\"Nouvelle fen\u00eatre\">Le Figaro<\/a> ce samedi, ce <a href=\"https:\/\/www.huffingtonpost.fr\/france\/video\/les-belles-images-de-l-eclipse-totale-de-la-lune-capturees-en-france-ce-dimanche-soir_254535.html\" target=\"_blank\" rel=\"noopener\" title=\"Nouvelle fen\u00eatre\">ph\u00e9nom\u00e8ne m\u00e9t\u00e9orologique rare<\/a> pouvait \u00eatre observ\u00e9 \u00e0 Aix-en-Provence, Marseille, Salon-de-Provence, Corbi\u00e8res-en-Provence, Arles ou Avignon. Des images impressionnantes ont d\u2019ailleurs \u00e9t\u00e9 partag\u00e9es sur les r\u00e9seaux sociaux.<\/p>\n<p class=\"asset asset-text\">\u00ab\u00a0Vous avez \u00e9t\u00e9 des dizaines \u00e0 m\u2019envoyer des photos de ce ph\u00e9nom\u00e8ne m\u00e9t\u00e9o aussi curieux que beau\u00a0\u00bb, s\u2019est r\u00e9joui le m\u00e9t\u00e9orologue Paul Marquis sur X, avant d\u2019en dire plus sur ce ph\u00e9nom\u00e8ne impressionnant clairement visible au milieu d\u2019une mer de nuages.<\/p>\n<p> La lecture de ce contenu est susceptible d\u2019entra\u00eener un d\u00e9p\u00f4t de cookies de la part de l\u2019op\u00e9rateur tiers qui l\u2019h\u00e9berge. Compte-tenu des choix que vous avez exprim\u00e9s en mati\u00e8re de d\u00e9p\u00f4t de cookies, nous avons bloqu\u00e9 l\u2019affichage de ce contenu. Si vous souhaitez y acc\u00e9der, vous devez accepter la cat\u00e9gorie de cookies \u201cContenus tiers\u201d en cliquant sur le bouton ci-dessous. <\/p>\n<p> Lire la Vid\u00e9o        <\/p>\n<p class=\"asset asset-text\">Comme il l\u2019explique dans la suite de son message, cette curiosit\u00e9 observable dans une partie du sud de la France s\u2019appelle un \u00ab\u00a0cavum\u00a0\u00bb ou \u00ab\u00a0trou de virga\u00a0\u00bb. Sa cause\u00a0? \u00ab\u00a0Une petite turbulence localis\u00e9e en altitude engendrant un changement d\u2019\u00e9tat du nuage principal\u00a0\u00bb, d\u00e9veloppe-t-il.<\/p>\n<p>                     Spectacle naturel    <\/p>\n<p class=\"asset asset-text\">Sur Facebook, le compte <a href=\"https:\/\/www.facebook.com\/meteosorguaiseetavignonaise?__cft__[0]=AZUqw2gxvXwDAQYKHh7uk2yxzPC9cFr9HatzvcE07OUb-myAAlTDrPvPB-n4-w336ggyUSOcnxOdwqSDp2cVKriatTkBUPAN3VDZ9R6sGR1rlhsVlRgz0TNCTCZbwIWTyVptA_S9EHT53oxrWPOYpmd6bRALY1ImuRdM9cLEpaGabg&amp;__tn__=-UC%2CP-R\" target=\"_blank\" rel=\"noopener\" title=\"Nouvelle fen\u00eatre\">M\u00e9t\u00e9o Sorguaise et Avignonnaise<\/a> en dit plus encore. Il s\u2019agit d\u2019\u00ab\u00a0une grande ouverture circulaire ou elliptique qui appara\u00eet dans un nuage de type altocumulus ou cirrocumulus\u00a0\u00bb. Sa formation est permise \u00ab\u00a0lorsque des cristaux de glace se d\u00e9veloppent \u00e0 l\u2019int\u00e9rieur du nuage (souvent d\u00e9clench\u00e9s par le passage d\u2019un avion). Ces cristaux entra\u00eenent une \u00e9vaporation rapide des gouttelettes d\u2019eau environnantes par effet de Bergeron-Findeisen (la glace se forme aux d\u00e9pens de l\u2019eau liquide)\u00a0\u00bb. Ce changement d\u2019\u00e9tat au sein du nuage se r\u00e9pand comme un disque, indique \u00e9galement Ici.<\/p>\n<p> La lecture de ce contenu est susceptible d\u2019entra\u00eener un d\u00e9p\u00f4t de cookies de la part de l\u2019op\u00e9rateur tiers qui l\u2019h\u00e9berge. Compte-tenu des choix que vous avez exprim\u00e9s en mati\u00e8re de d\u00e9p\u00f4t de cookies, nous avons bloqu\u00e9 l\u2019affichage de ce contenu. Si vous souhaitez y acc\u00e9der, vous devez accepter la cat\u00e9gorie de cookies \u201cContenus tiers\u201d en cliquant sur le bouton ci-dessous. <\/p>\n<p> Lire la Vid\u00e9o        <\/p>\n<p class=\"asset asset-text\">Le r\u00e9sultat est aussi spectaculaire que rare puisqu\u2019un une partie du nuage concern\u00e9 se dissipe, laissant ce fameux trou b\u00e9ant appara\u00eetre dans le ciel.<\/p>\n<p class=\"asset asset-text\">En conclusion de ce spectacle naturel, des irisations \u00e9taient observables au milieu du trou form\u00e9 par ce ph\u00e9nom\u00e8ne, comme le note un internaute sur X.<\/p>\n<p> La lecture de ce contenu est susceptible d\u2019entra\u00eener un d\u00e9p\u00f4t de cookies de la part de l\u2019op\u00e9rateur tiers qui l\u2019h\u00e9berge. Compte-tenu des choix que vous avez exprim\u00e9s en mati\u00e8re de d\u00e9p\u00f4t de cookies, nous avons bloqu\u00e9 l\u2019affichage de ce contenu. Si vous souhaitez y acc\u00e9der, vous devez accepter la cat\u00e9gorie de cookies \u201cContenus tiers\u201d en cliquant sur le bouton ci-dessous. <\/p>\n<p> Lire la Vid\u00e9o        <\/p>\n<p class=\"asset asset-text\">Autrement dit, les couleurs de l\u2019arc-en-ciel se sont invit\u00e9es \u00e0 la f\u00eate pour parfaire cette curiosit\u00e9, qui s\u2019est \u00e9tendue sur une cinquantaine de kilom\u00e8tres comme le signale M\u00e9t\u00e9o Sorguaise et Avignonnaise.<\/p>\n","protected":false},"excerpt":{"rendered":"Captuyre d\u2019\u00e9cran X Paul Marquis Sur les r\u00e9seaux sociaux, des curieux ont partag\u00e9 des images de ce ph\u00e9nom\u00e8ne&hellip;\n","protected":false},"author":2,"featured_media":423174,"comment_status":"","ping_status":"","sticky":false,"template":"","format":"standard","meta":{"footnotes":""},"categories":[4],"tags":[11,1011,27,2487,12,3759,17616,55254,1186,25],"class_list":{"0":"post-423173","1":"post","2":"type-post","3":"status-publish","4":"format-standard","5":"has-post-thumbnail","7":"category-france","8":"tag-actualites","9":"tag-fr","10":"tag-france","11":"tag-meteo","12":"tag-news","13":"tag-nuage","14":"tag-phenomene-meteorologique","15":"tag-phenomene-naturel","16":"tag-provence","17":"tag-republique-francaise"},"share_on_mastodon":{"url":"https:\/\/pubeurope.com\/@fr\/115280606041368133","error":""},"_links":{"self":[{"href":"https:\/\/www.europesays.com\/fr\/wp-json\/wp\/v2\/posts\/423173","targetHints":{"allow":["GET"]}}],"collection":[{"href":"https:\/\/www.europesays.com\/fr\/wp-json\/wp\/v2\/posts"}],"about":[{"href":"https:\/\/www.europesays.com\/fr\/wp-json\/wp\/v2\/types\/post"}],"author":[{"embeddable":true,"href":"https:\/\/www.europesays.com\/fr\/wp-json\/wp\/v2\/users\/2"}],"replies":[{"embeddable":true,"href":"https:\/\/www.europesays.com\/fr\/wp-json\/wp\/v2\/comments?post=423173"}],"version-history":[{"count":0,"href":"https:\/\/www.europesays.com\/fr\/wp-json\/wp\/v2\/posts\/423173\/revisions"}],"wp:featuredmedia":[{"embeddable":true,"href":"https:\/\/www.europesays.com\/fr\/wp-json\/wp\/v2\/media\/423174"}],"wp:attachment":[{"href":"https:\/\/www.europesays.com\/fr\/wp-json\/wp\/v2\/media?parent=423173"}],"wp:term":[{"taxonomy":"category","embeddable":true,"href":"https:\/\/www.europesays.com\/fr\/wp-json\/wp\/v2\/categories?post=423173"},{"taxonomy":"post_tag","embeddable":true,"href":"https:\/\/www.europesays.com\/fr\/wp-json\/wp\/v2\/tags?post=423173"}],"curies":[{"name":"wp","href":"https:\/\/api.w.org\/{rel}","templated":true}]}}