{"id":423177,"date":"2025-09-28T06:57:51","date_gmt":"2025-09-28T06:57:51","guid":{"rendered":"https:\/\/www.europesays.com\/fr\/423177\/"},"modified":"2025-09-28T06:57:51","modified_gmt":"2025-09-28T06:57:51","slug":"resume-video-saint-etienne-guingamp-8eme-journee-de-ligue-2","status":"publish","type":"post","link":"https:\/\/www.europesays.com\/fr\/423177\/","title":{"rendered":"R\u00e9sum\u00e9 vid\u00e9o Saint-\u00c9tienne Guingamp, 8\u00e8me journ\u00e9e de Ligue 2"},"content":{"rendered":"<p style=\"text-align: justify;\"><b>LIGUE 2 2025-2026 \u2013 Ce samedi, Saint-\u00c9tienne recevait Guingamp pour le compte de la huiti\u00e8me journ\u00e9e de Ligue 2.<\/b><\/p>\n<p style=\"text-align: justify;\">Leader de <strong>Ligue<\/strong> <strong>2<\/strong> apr\u00e8s sept journ\u00e9es, l\u2019<strong>AS Saint-\u00c9tienne<\/strong> voulait encha\u00eener avec la r\u00e9ception de <strong>Guingamp<\/strong>. Les Verts r\u00e9alisent un bon d\u00e9but de saison m\u00eame s\u2019ils ont par moment montr\u00e9 de la f\u00e9brilit\u00e9 dans le secteur d\u00e9fensif. Port\u00e9s par un tr\u00e8s bon <strong>Lucas<\/strong> <strong>Stassin<\/strong>, ils ont pris 17 points sur 21 possibles depuis leur retour en Ligue 2.<\/p>\n<p style=\"text-align: justify;\">Les <strong>Bretons<\/strong> r\u00e9alisent eux une entame de saison correcte et sont au milieu du classement avant cette rencontre. <strong>Guingamp<\/strong> reste sur une belle victoire \u00e0 la maison face \u00e0 <strong>Dunkerque<\/strong> en milieu de semaine.<\/p>\n<p>Ligue 2 : Le r\u00e9sum\u00e9 vid\u00e9o de Saint-\u00c9tienne \u2013 Guingamp<br \/>\n<img decoding=\"async\" style=\"max-width: 800px; max-height: 800px\" class=\"perfmatters-lazy\" src=\"https:\/\/www.europesays.com\/fr\/wp-content\/uploads\/2025\/09\/1759042671_382_maxresdefault.jpg\"\/><\/p>\n<p>R\u00e9sum\u00e9 : PREMIER COUP D\u2019ARR\u00caT pour SAINT-ETIENNE, victime de Guingamp !<\/p>\n<p>Lire l&rsquo;article<\/p>\n","protected":false},"excerpt":{"rendered":"LIGUE 2 2025-2026 \u2013 Ce samedi, Saint-\u00c9tienne recevait Guingamp pour le compte de la huiti\u00e8me journ\u00e9e de Ligue&hellip;\n","protected":false},"author":2,"featured_media":423178,"comment_status":"","ping_status":"","sticky":false,"template":"","format":"standard","meta":{"footnotes":""},"categories":[9653],"tags":[1111,11,2430,9222,2113,1777,674,63,1011,27,12,25,4001,133],"class_list":{"0":"post-423177","1":"post","2":"type-post","3":"status-publish","4":"format-standard","5":"has-post-thumbnail","7":"category-saint-etienne","8":"tag-actu","9":"tag-actualites","10":"tag-auvergne-rhone-alpes","11":"tag-barca","12":"tag-breve","13":"tag-eu","14":"tag-europe","15":"tag-football","16":"tag-fr","17":"tag-france","18":"tag-news","19":"tag-republique-francaise","20":"tag-saint-etienne","21":"tag-video"},"share_on_mastodon":{"url":"https:\/\/pubeurope.com\/@fr\/115280629724221898","error":""},"_links":{"self":[{"href":"https:\/\/www.europesays.com\/fr\/wp-json\/wp\/v2\/posts\/423177","targetHints":{"allow":["GET"]}}],"collection":[{"href":"https:\/\/www.europesays.com\/fr\/wp-json\/wp\/v2\/posts"}],"about":[{"href":"https:\/\/www.europesays.com\/fr\/wp-json\/wp\/v2\/types\/post"}],"author":[{"embeddable":true,"href":"https:\/\/www.europesays.com\/fr\/wp-json\/wp\/v2\/users\/2"}],"replies":[{"embeddable":true,"href":"https:\/\/www.europesays.com\/fr\/wp-json\/wp\/v2\/comments?post=423177"}],"version-history":[{"count":0,"href":"https:\/\/www.europesays.com\/fr\/wp-json\/wp\/v2\/posts\/423177\/revisions"}],"wp:featuredmedia":[{"embeddable":true,"href":"https:\/\/www.europesays.com\/fr\/wp-json\/wp\/v2\/media\/423178"}],"wp:attachment":[{"href":"https:\/\/www.europesays.com\/fr\/wp-json\/wp\/v2\/media?parent=423177"}],"wp:term":[{"taxonomy":"category","embeddable":true,"href":"https:\/\/www.europesays.com\/fr\/wp-json\/wp\/v2\/categories?post=423177"},{"taxonomy":"post_tag","embeddable":true,"href":"https:\/\/www.europesays.com\/fr\/wp-json\/wp\/v2\/tags?post=423177"}],"curies":[{"name":"wp","href":"https:\/\/api.w.org\/{rel}","templated":true}]}}