{"id":423179,"date":"2025-09-28T07:02:15","date_gmt":"2025-09-28T07:02:15","guid":{"rendered":"https:\/\/www.europesays.com\/fr\/423179\/"},"modified":"2025-09-28T07:02:15","modified_gmt":"2025-09-28T07:02:15","slug":"les-villeurbannais-lancent-leur-championnat","status":"publish","type":"post","link":"https:\/\/www.europesays.com\/fr\/423179\/","title":{"rendered":"les Villeurbannais lancent leur championnat"},"content":{"rendered":"<p itemprop=\"description\"><strong>L\u2019ASVEL d\u00e9bute sa saison face \u00e0 Nancy \u00e0 l\u2019Astroballe ce dimanche \u00e0 19h.<\/strong><\/p>\n<p dir=\"ltr\">La saison 2025-2026 de Betclic \u00c9lite reprend enfin pour l\u2019ASVEL. Ce dimanche soir \u00e0 19h, les Villeurbannais accueilleront le Nancy Basket \u00e0 l\u2019Astroballe, avec l\u2019ambition de bien lancer un exercice qui s\u2019annonce charg\u00e9. Si la LDLC Arena devra encore patienter avant d\u2019ouvrir ses portes aux supporters, c\u2019est donc dans son enceinte historique de Villeurbanne que le club jouera son premier match.\u00a0<\/p>\n<p dir=\"ltr\">Les hommes de <strong>Pierric Poupet<\/strong> retrouvent le public apr\u00e8s une pr\u00e9paration solide et souhaitent relancer leur domination nationale tout en visant un meilleur parcours europ\u00e9en. En face, Nancy Basket se d\u00e9place avec l\u2019envie de surprendre apr\u00e8s avoir termin\u00e9 neuvi\u00e8me du classement la saison pass\u00e9e.<\/p>\n","protected":false},"excerpt":{"rendered":"L\u2019ASVEL d\u00e9bute sa saison face \u00e0 Nancy \u00e0 l\u2019Astroballe ce dimanche \u00e0 19h. La saison 2025-2026 de Betclic&hellip;\n","protected":false},"author":2,"featured_media":423180,"comment_status":"","ping_status":"","sticky":false,"template":"","format":"standard","meta":{"footnotes":""},"categories":[9635],"tags":[1111,11,2813,2190,1109,251,1112,2811,1777,674,118,1011,27,775,1922,1110,1114,2428,2810,1702,12,241,316,25,2812,517,800],"class_list":{"0":"post-423179","1":"post","2":"type-post","3":"status-publish","4":"format-standard","5":"has-post-thumbnail","7":"category-nancy","8":"tag-actu","9":"tag-actualites","10":"tag-article","11":"tag-asvel","12":"tag-breves","13":"tag-culture","14":"tag-depeches","15":"tag-economique","16":"tag-eu","17":"tag-europe","18":"tag-faits-divers","19":"tag-fr","20":"tag-france","21":"tag-grand-est","22":"tag-info","23":"tag-informations","24":"tag-infos","25":"tag-lyon","26":"tag-lyonmag","27":"tag-nancy","28":"tag-news","29":"tag-ol","30":"tag-politique","31":"tag-republique-francaise","32":"tag-sociale","33":"tag-sport","34":"tag-transports"},"share_on_mastodon":{"url":"https:\/\/pubeurope.com\/@fr\/115280644915517223","error":""},"_links":{"self":[{"href":"https:\/\/www.europesays.com\/fr\/wp-json\/wp\/v2\/posts\/423179","targetHints":{"allow":["GET"]}}],"collection":[{"href":"https:\/\/www.europesays.com\/fr\/wp-json\/wp\/v2\/posts"}],"about":[{"href":"https:\/\/www.europesays.com\/fr\/wp-json\/wp\/v2\/types\/post"}],"author":[{"embeddable":true,"href":"https:\/\/www.europesays.com\/fr\/wp-json\/wp\/v2\/users\/2"}],"replies":[{"embeddable":true,"href":"https:\/\/www.europesays.com\/fr\/wp-json\/wp\/v2\/comments?post=423179"}],"version-history":[{"count":0,"href":"https:\/\/www.europesays.com\/fr\/wp-json\/wp\/v2\/posts\/423179\/revisions"}],"wp:featuredmedia":[{"embeddable":true,"href":"https:\/\/www.europesays.com\/fr\/wp-json\/wp\/v2\/media\/423180"}],"wp:attachment":[{"href":"https:\/\/www.europesays.com\/fr\/wp-json\/wp\/v2\/media?parent=423179"}],"wp:term":[{"taxonomy":"category","embeddable":true,"href":"https:\/\/www.europesays.com\/fr\/wp-json\/wp\/v2\/categories?post=423179"},{"taxonomy":"post_tag","embeddable":true,"href":"https:\/\/www.europesays.com\/fr\/wp-json\/wp\/v2\/tags?post=423179"}],"curies":[{"name":"wp","href":"https:\/\/api.w.org\/{rel}","templated":true}]}}