{"id":423189,"date":"2025-09-28T07:08:14","date_gmt":"2025-09-28T07:08:14","guid":{"rendered":"https:\/\/www.europesays.com\/fr\/423189\/"},"modified":"2025-09-28T07:08:14","modified_gmt":"2025-09-28T07:08:14","slug":"pourquoi-des-qr-codes-ont-ete-placardes-sur-des-statues-a-rouen-ces-derniers-jours","status":"publish","type":"post","link":"https:\/\/www.europesays.com\/fr\/423189\/","title":{"rendered":"Pourquoi des QR codes ont \u00e9t\u00e9 placard\u00e9s sur des statues \u00e0 Rouen ces derniers jours\u00a0?"},"content":{"rendered":"<p>            Par<br \/>\n        <strong><br \/>\n            <a href=\"https:\/\/actu.fr\/auteur\/fmass\" title=\"Consulter tous les articles de Fabien Massin\" target=\"_blank\" rel=\"noopener\">Fabien Massin<\/a><br \/>\n        <\/strong><\/p>\n<p>        Publi\u00e9 le<\/p>\n<p>            28 sept. 2025 \u00e0 8h44        <\/p>\n<p>En cette fin du mois de septembre\u00a02025, des QR code sont apparus sur des statues de <a href=\"https:\/\/actu.fr\/normandie\/rouen_76540\" target=\"_blank\" rel=\"noopener\">Rouen (Seine-Maritime)<\/a>\u2009<strong>: statue de Corneille devant le Th\u00e9\u00e2tre des arts<\/strong>, celle de <a href=\"https:\/\/actu.fr\/normandie\/rouen_76540\/rouen-flaubert-aurait-eu-200-ans-quels-sont-les-lieux-emblematiques-qui-lui-sont-rattaches_47121498.html\" target=\"_blank\" rel=\"noopener\">Flaubert<\/a> place des Carmes ou encore <strong>buste de Maupassant dans le square Verdrel<\/strong>. Pourquoi ont-ils \u00e9t\u00e9 pos\u00e9s l\u00e0 et vers quoi renvoient ils\u2009?<\/p>\n<p class=\" wall-content\">La r\u00e9ponse est \u00e0 trouver du c\u00f4t\u00e9 d\u2019une association, N.E.C.T.A.R (nouvelles exp\u00e9riences cr\u00e9atives technologiques artistiques r\u00e9flexives), \u00e0 l\u2019origine de cette installation. Un organisme tout jeune cr\u00e9\u00e9 cette ann\u00e9e.<\/p>\n<p>Moins de 5 % des statues r\u00e9pr\u00e9sentent une femme<\/p>\n<p class=\" wall-content\">\u00ab\u2009\u00c0 travers des ateliers cr\u00e9atifs et des actions de m\u00e9diation culturelles,<strong> l\u2019association souhaite rendre l\u2019art num\u00e9rique et interactif accessible \u00e0 tous,<\/strong> tout en proposant une r\u00e9flexion critique sur les usages num\u00e9riques \u00bb, pr\u00e9sente Charles, l\u2019un des membres.<\/p>\n<p class=\" wall-content\">L\u2019installation des QR codes, dispos\u00e9s sur des planches pos\u00e9es sur ou \u00e0 c\u00f4t\u00e9 d\u2019une statue, est une r\u00e9ponse \u00e0 l\u2019appel \u00e0 projets lanc\u00e9 par l\u2019association HF + *, dans le cadre des<a href=\"https:\/\/actu.fr\/tag\/journees-europeennes-du-patrimoine\" target=\"_blank\" rel=\"noopener\"> Journ\u00e9es du patrimoine\/matrimoine<\/a>.<\/p>\n<p class=\" wall-content\">\u00ab\u2009Lorsque nous avons appris que <strong>moins de 5\u2009%<\/strong> des bustes patrimoniaux rouennais repr\u00e9sentaient des femmes, l\u2019envie a \u00e9t\u00e9 de s\u2019immiscer dans l\u2019espace public pour inciter les politiques \u00e0 agir afin de<strong> r\u00e9\u00e9quilibrer la parit\u00e9 \u00e0 l\u2019\u00e9gard de notre h\u00e9ritage culturel commun<\/strong>\u00a0\u00bb, explique Charles. \u00bb<\/p>\n<p class=\" wall-content\">\u00ab Nous avons dispos\u00e9 des QR codes \u00e0 c\u00f4t\u00e9 de plusieurs sculptures qui permettent, en les flashant avec son t\u00e9l\u00e9phone, de faire apparaitre les bustes de<strong> Germaine Beaumont, Catherine Bernard, Madelaine Deries, Julia Euvrie,<\/strong> et d\u2019autres normandes dont le parcours de vie a marqu\u00e9 l\u2019histoire nationale.\u2009\u00bb<\/p>\n<p>Des figures \u00ab\u2009nouvelles\u2009\u00bb \u00e0 d\u00e9couvrir<\/p>\n<p class=\" wall-content\">Ces femmes, l\u2019association les appelle les \u00ab\u2009Nouvelles figures\u2009\u00bb.\u00a0Lorsque l\u2019on scanne un QR code, <strong>un extrait sonore pr\u00e9sentant la figure f\u00e9minine est enclench\u00e9<\/strong>, et des images en r\u00e9alit\u00e9 augment\u00e9e apparaissent. Apr\u00e8s l\u2019installation de ces QR codes \u2014 qui vont \u00eatre retir\u00e9s sous peu \u2014, l\u2019association aimerait poursuivre cette action aupr\u00e8s des MJC, des \u00e9coles et des tiers lieux culturels de la r\u00e9gion.<\/p>\n<p>Votre r\u00e9gion, votre actu !<\/p>\n<p>Recevez chaque jour les infos qui comptent pour vous.<\/p>\n<p>\t<a href=\"https:\/\/actu.fr\/newsletter\" class=\"ac-btn ac-btn--corner ac-btn--medium ac-btn--blue800\" target=\"_blank\" rel=\"noopener\">S&rsquo;incrire<\/a><\/p>\n<p class=\" wall-content\">\u00ab\u2009Et dans l\u2019id\u00e9al nous aimerions voir fleurir d\u2019autres\u2009\u00bb Nouvelles figures \u00ab\u2009virtuelles jusqu\u2019\u00e0 pouvoir un jour les contempler dans toute leur mat\u00e9rialit\u00e9\u2009\u00bb, esp\u00e8re Charles.<\/p>\n<p class=\" wall-content\"><strong>\u2022 Un exemple de QR code\u2009:<\/strong><\/p>\n<p>    <img   decoding=\"async\" loading=\"lazy\" src=\"https:\/\/www.europesays.com\/fr\/wp-content\/uploads\/2025\/09\/catherinedior-1-960x640.jpg\" alt=\"Scannez ce QR code en utilisant l'appareil photo de votre smartphone. \" width=\"960\" height=\"640\"\/><br \/>\n    Scannez ce QR code en utilisant l\u2019appareil photo de votre smartphone. (\u00a9Association NECTAR)Qui sont les \u00ab\u00a0Nouvelles figures\u00a0\u00bb<\/p>\n<p>\u2022 Catherine Bernard, n\u00e9e \u00e0 Rouen en 1663, fut une po\u00e9tesse, romanci\u00e8re et dramaturge fran\u00e7aise. Premi\u00e8re femme dont une trag\u00e9die fut jou\u00e9e \u00e0 la Com\u00e9die-Fran\u00e7aise, elle s\u2019imposa dans un milieu litt\u00e9raire domin\u00e9 par les hommes.<br \/>\u2022 Germaine Battendier dite Germaine Beaumont, n\u00e9e \u00e0 Petit-Couronne en 1890, fut une autrice et journaliste qui a su imposer sa voix dans un univers litt\u00e9raire et m\u00e9diatique largement domin\u00e9 par les hommes.<br \/>\u2022 Catherine Dior, n\u00e9e le 2 ao\u00fbt 1917 \u00e0 Granville dans la Manche, fut bien plus que la s\u0153ur du couturier Christian Dior. R\u00e9sistante courageuse au sein du r\u00e9seau F2, elle transmit des renseignements, risqua sa vie pour la libert\u00e9 et surv\u00e9cut \u00e0 la d\u00e9portation.<br \/>\u2022 Julia Euvrie, n\u00e9e \u00e0 Cherbourg en 1849, s\u2019engagea \u00e0 vingt-deux ans dans la Commune de Paris. Ambulanci\u00e8re aupr\u00e8s des bless\u00e9s, elle prit part aux luttes populaires, fut arr\u00eat\u00e9e et emprisonn\u00e9e sept ans.<br \/>\u2022 Madeleine Deries, n\u00e9e en 1895 \u00e0 Saint-L\u00f4, fut la premi\u00e8re femme fran\u00e7aise \u00e0 obtenir un doctorat lettres \u00e0 la Sorbonne en histoire. Elle plaide pour la reconnaissance de la femme dans la sph\u00e8re intellectuelle.<br \/>\u2022 Suzanne Duchamp, n\u00e9e \u00e0 Blainville-Crevon en Normandie en 1889, fut une artiste et figure du mouvement dada. Elle a refus\u00e9 de n\u2019\u00eatre que \u00ab la s\u0153ur de Marcel Duchamp \u00bb.<\/p>\n<p class=\" wall-content\">\n    <img   decoding=\"async\" loading=\"lazy\" src=\"https:\/\/www.europesays.com\/fr\/wp-content\/uploads\/2025\/09\/flaubert-qr-code-rouen-matrimoine-960x640.jpg\" alt=\"La statue de Gustave Flaubert place des Carmes \u00e0 Rouen (Seine-Maritime). \" width=\"960\" height=\"640\"\/><br \/>\n    La statue de Gustave Flaubert place des Carmes \u00e0 Rouen (Seine-Maritime). (\u00a9FM\/76actu)<br \/>\n    <img   decoding=\"async\" loading=\"lazy\" src=\"https:\/\/www.europesays.com\/fr\/wp-content\/uploads\/2025\/09\/buste-maupassant-rouen-qr-code-matrimoine-960x640.jpg\" alt=\"Buste de Guy de Maupassant dans le square Verdrel. \" width=\"960\" height=\"640\"\/><br \/>\n    Buste de Guy de Maupassant dans le square Verdrel. (\u00a9FM\/76actu)<\/p>\n<p class=\" wall-content\">*\u00ab\u2009Constitu\u00e9e en avril\u00a02011 \u00e0 l\u2019\u00e9chelle de la r\u00e9gion Normandie, l\u2019association HF +\u00a0Normandie a pour but le rep\u00e9rage des in\u00e9galit\u00e9s entre les femmes et les hommes dans le milieu des arts et de la culture et la mobilisation contre les discriminations observ\u00e9es dans le but de favoriser l\u2019\u00e9galit\u00e9 r\u00e9elle et la parit\u00e9\u2009\u00bb, <a href=\"https:\/\/hf-normandie.fr\/\" target=\"_blank\" rel=\"noopener\">peut-on lire sur son site internet<\/a>.<\/p>\n<p>Suivez l\u2019actualit\u00e9 de Rouen sur notre <a href=\"https:\/\/www.whatsapp.com\/channel\/0029VaKfnf99hXF2ddApFB1D\" target=\"_blank\" rel=\"noopener\">cha\u00eene WhatsApp<\/a> et sur notre <a href=\"https:\/\/www.tiktok.com\/@76actu.fr?lang=fr\" target=\"_blank\" rel=\"noopener\">compte TikTok<\/a><\/p>\n<p class=\" wall-content\">Personnalisez votre actualit\u00e9 en ajoutant vos villes et m\u00e9dias en favori avec <a href=\"https:\/\/moncompte.actu.fr\" title=\"D\u00e9couvez Mon Actu\" rel=\"nofollow noopener\" data-trk=\"{&quot;cta&quot;:{&quot;action&quot;:&quot;https:\\\/\\\/moncompte.actu.fr&quot;,&quot;category&quot;:&quot;mon compte&quot;,&quot;from&quot;:&quot;article footer&quot;,&quot;name&quot;:&quot;Mon actu&quot;,&quot;type&quot;:&quot;cta&quot;}}\" target=\"_blank\">Mon Actu<\/a>.<\/p>\n<p>                    <script async src=\"\/\/www.tiktok.com\/embed.js\"><\/script><\/p>\n","protected":false},"excerpt":{"rendered":"Par Fabien Massin Publi\u00e9 le 28 sept. 2025 \u00e0 8h44 En cette fin du mois de septembre\u00a02025, des&hellip;\n","protected":false},"author":2,"featured_media":423190,"comment_status":"","ping_status":"","sticky":false,"template":"","format":"standard","meta":{"footnotes":""},"categories":[9587],"tags":[1111,11,1777,674,6757,1011,27,1757,47275,12,5161,25,9590],"class_list":{"0":"post-423189","1":"post","2":"type-post","3":"status-publish","4":"format-standard","5":"has-post-thumbnail","7":"category-rouen","8":"tag-actu","9":"tag-actualites","10":"tag-eu","11":"tag-europe","12":"tag-feminisme","13":"tag-fr","14":"tag-france","15":"tag-insolite","16":"tag-journees-europeennes-du-patrimoine","17":"tag-news","18":"tag-normandie","19":"tag-republique-francaise","20":"tag-rouen"},"share_on_mastodon":{"url":"https:\/\/pubeurope.com\/@fr\/115280669519407834","error":""},"_links":{"self":[{"href":"https:\/\/www.europesays.com\/fr\/wp-json\/wp\/v2\/posts\/423189","targetHints":{"allow":["GET"]}}],"collection":[{"href":"https:\/\/www.europesays.com\/fr\/wp-json\/wp\/v2\/posts"}],"about":[{"href":"https:\/\/www.europesays.com\/fr\/wp-json\/wp\/v2\/types\/post"}],"author":[{"embeddable":true,"href":"https:\/\/www.europesays.com\/fr\/wp-json\/wp\/v2\/users\/2"}],"replies":[{"embeddable":true,"href":"https:\/\/www.europesays.com\/fr\/wp-json\/wp\/v2\/comments?post=423189"}],"version-history":[{"count":0,"href":"https:\/\/www.europesays.com\/fr\/wp-json\/wp\/v2\/posts\/423189\/revisions"}],"wp:featuredmedia":[{"embeddable":true,"href":"https:\/\/www.europesays.com\/fr\/wp-json\/wp\/v2\/media\/423190"}],"wp:attachment":[{"href":"https:\/\/www.europesays.com\/fr\/wp-json\/wp\/v2\/media?parent=423189"}],"wp:term":[{"taxonomy":"category","embeddable":true,"href":"https:\/\/www.europesays.com\/fr\/wp-json\/wp\/v2\/categories?post=423189"},{"taxonomy":"post_tag","embeddable":true,"href":"https:\/\/www.europesays.com\/fr\/wp-json\/wp\/v2\/tags?post=423189"}],"curies":[{"name":"wp","href":"https:\/\/api.w.org\/{rel}","templated":true}]}}