{"id":423195,"date":"2025-09-28T07:13:30","date_gmt":"2025-09-28T07:13:30","guid":{"rendered":"https:\/\/www.europesays.com\/fr\/423195\/"},"modified":"2025-09-28T07:13:30","modified_gmt":"2025-09-28T07:13:30","slug":"une-nouvelle-creche-ouvrira-a-rennes-zone-atalante-champeaux-en-janvier-2026-3","status":"publish","type":"post","link":"https:\/\/www.europesays.com\/fr\/423195\/","title":{"rendered":"Une nouvelle cr\u00e8che ouvrira \u00e0 Rennes, zone Atalante Champeaux, en janvier\u00a02026"},"content":{"rendered":"<p>Trois questions \u00e0 David Meunier, directeur g\u00e9n\u00e9ral <a href=\"https:\/\/saint-malo.maville.com\/actu\/actudet_-une-troisieme-micro-creche-inauguree-a-dol-de-bretagne-_7-6452737_actu.Htm\" target=\"_self\" rel=\"noopener\">des cr\u00e8ches de Al<\/a> qui va ouvrir une \u00e0 Rennes en janvier\u00a02026.<\/p>\n<p>\t<img decoding=\"async\" src=\"https:\/\/www.europesays.com\/fr\/wp-content\/uploads\/2025\/09\/P35489138D6995933G_px_640_.jpg\" alt=\"photo david meunier, directeur g\u00e9n\u00e9ral des cr\u00e8ches de al.  \u00a9  ouest-france\" width=\"640\" title=\" David Meunier, directeur g\u00e9n\u00e9ral des Cr\u00e8ches de Al.   Ouest-France \"\/><\/p>\n<p class=\"elmt-legende\"> David Meunier, directeur g\u00e9n\u00e9ral des Cr\u00e8ches de Al.   Ouest-France <\/p>\n<p>Vous ouvrez une cr\u00e8che \u00e0 <a href=\"https:\/\/rennes.maville.com\/info\/info-locale\/\" target=\"_self\" rel=\"noopener\">Rennes<\/a> en janvier\u00a02026\u00a0?<\/p>\n<p>Nous ouvrons une cr\u00e8che d\u2019entreprise de 24\u00a0places rue Jules Maillard de la Gournerie, dans la zone &#8230;<\/p>\n<p>\u00a0<\/p>\n","protected":false},"excerpt":{"rendered":"Trois questions \u00e0 David Meunier, directeur g\u00e9n\u00e9ral des cr\u00e8ches de Al qui va ouvrir une \u00e0 Rennes en&hellip;\n","protected":false},"author":2,"featured_media":421291,"comment_status":"","ping_status":"","sticky":false,"template":"","format":"standard","meta":{"footnotes":""},"categories":[2821],"tags":[5734,1111,11,55057,829,55058,2695,1777,674,1011,27,25104,12,2043,16089,584,25,8436],"class_list":{"0":"post-423195","1":"post","2":"type-post","3":"status-publish","4":"format-standard","5":"has-post-thumbnail","7":"category-rennes","8":"tag-5734","9":"tag-actu","10":"tag-actualites","11":"tag-atalante","12":"tag-bretagne","13":"tag-champeaux","14":"tag-creche","15":"tag-eu","16":"tag-europe","17":"tag-fr","18":"tag-france","19":"tag-janvier","20":"tag-news","21":"tag-nouvelle","22":"tag-ouvrira","23":"tag-rennes","24":"tag-republique-francaise","25":"tag-zone"},"share_on_mastodon":{"url":"https:\/\/pubeurope.com\/@fr\/115280688762674580","error":""},"_links":{"self":[{"href":"https:\/\/www.europesays.com\/fr\/wp-json\/wp\/v2\/posts\/423195","targetHints":{"allow":["GET"]}}],"collection":[{"href":"https:\/\/www.europesays.com\/fr\/wp-json\/wp\/v2\/posts"}],"about":[{"href":"https:\/\/www.europesays.com\/fr\/wp-json\/wp\/v2\/types\/post"}],"author":[{"embeddable":true,"href":"https:\/\/www.europesays.com\/fr\/wp-json\/wp\/v2\/users\/2"}],"replies":[{"embeddable":true,"href":"https:\/\/www.europesays.com\/fr\/wp-json\/wp\/v2\/comments?post=423195"}],"version-history":[{"count":0,"href":"https:\/\/www.europesays.com\/fr\/wp-json\/wp\/v2\/posts\/423195\/revisions"}],"wp:featuredmedia":[{"embeddable":true,"href":"https:\/\/www.europesays.com\/fr\/wp-json\/wp\/v2\/media\/421291"}],"wp:attachment":[{"href":"https:\/\/www.europesays.com\/fr\/wp-json\/wp\/v2\/media?parent=423195"}],"wp:term":[{"taxonomy":"category","embeddable":true,"href":"https:\/\/www.europesays.com\/fr\/wp-json\/wp\/v2\/categories?post=423195"},{"taxonomy":"post_tag","embeddable":true,"href":"https:\/\/www.europesays.com\/fr\/wp-json\/wp\/v2\/tags?post=423195"}],"curies":[{"name":"wp","href":"https:\/\/api.w.org\/{rel}","templated":true}]}}