{"id":423198,"date":"2025-09-28T07:15:14","date_gmt":"2025-09-28T07:15:14","guid":{"rendered":"https:\/\/www.europesays.com\/fr\/423198\/"},"modified":"2025-09-28T07:15:14","modified_gmt":"2025-09-28T07:15:14","slug":"jean-philippe-vetter-a-le-vent-en-poupe","status":"publish","type":"post","link":"https:\/\/www.europesays.com\/fr\/423198\/","title":{"rendered":"Jean-Philippe Vetter a le vent en poupe"},"content":{"rendered":"<p>Sondage Ifop favorable, investiture nationale confirm\u00e9e, ralliement du centriste Nicolas Matt, <a href=\"https:\/\/www.dna.fr\/elections\/2025\/09\/24\/jean-philippe-vetter-(lr)-veut-amplifier-sa-dynamique-de-rassemblement\" target=\"_blank\" rel=\"noopener\">tous les voyants semblent passer au vert pour Jean-Philippe Vetter<\/a>, candidat Les R\u00e9publicains pour les municipales 2026 \u00e0 Strasbourg.\u00a0Pendant ce temps, Pierre Jakubowicz a \u00e9t\u00e9 investi par son parti Horizons et le parti pr\u00e9sidentiel Renaissance. Ce qui a \u00e9videmment inspir\u00e9 notre illustrateur, Yannick Lefran\u00e7ois, \u00e0 l&rsquo;\u0153il toujours ac\u00e9r\u00e9.<\/p>\n","protected":false},"excerpt":{"rendered":"Sondage Ifop favorable, investiture nationale confirm\u00e9e, ralliement du centriste Nicolas Matt, tous les voyants semblent passer au vert&hellip;\n","protected":false},"author":2,"featured_media":423199,"comment_status":"","ping_status":"","sticky":false,"template":"","format":"standard","meta":{"footnotes":""},"categories":[2820],"tags":[1111,11,2880,1777,674,1011,27,775,3540,6319,12,316,25,640],"class_list":{"0":"post-423198","1":"post","2":"type-post","3":"status-publish","4":"format-standard","5":"has-post-thumbnail","7":"category-strasbourg","8":"tag-actu","9":"tag-actualites","10":"tag-edition-strasbourg","11":"tag-eu","12":"tag-europe","13":"tag-fr","14":"tag-france","15":"tag-grand-est","16":"tag-horizons","17":"tag-les-republicains","18":"tag-news","19":"tag-politique","20":"tag-republique-francaise","21":"tag-strasbourg"},"share_on_mastodon":{"url":"https:\/\/pubeurope.com\/@fr\/115280696018413232","error":""},"_links":{"self":[{"href":"https:\/\/www.europesays.com\/fr\/wp-json\/wp\/v2\/posts\/423198","targetHints":{"allow":["GET"]}}],"collection":[{"href":"https:\/\/www.europesays.com\/fr\/wp-json\/wp\/v2\/posts"}],"about":[{"href":"https:\/\/www.europesays.com\/fr\/wp-json\/wp\/v2\/types\/post"}],"author":[{"embeddable":true,"href":"https:\/\/www.europesays.com\/fr\/wp-json\/wp\/v2\/users\/2"}],"replies":[{"embeddable":true,"href":"https:\/\/www.europesays.com\/fr\/wp-json\/wp\/v2\/comments?post=423198"}],"version-history":[{"count":0,"href":"https:\/\/www.europesays.com\/fr\/wp-json\/wp\/v2\/posts\/423198\/revisions"}],"wp:featuredmedia":[{"embeddable":true,"href":"https:\/\/www.europesays.com\/fr\/wp-json\/wp\/v2\/media\/423199"}],"wp:attachment":[{"href":"https:\/\/www.europesays.com\/fr\/wp-json\/wp\/v2\/media?parent=423198"}],"wp:term":[{"taxonomy":"category","embeddable":true,"href":"https:\/\/www.europesays.com\/fr\/wp-json\/wp\/v2\/categories?post=423198"},{"taxonomy":"post_tag","embeddable":true,"href":"https:\/\/www.europesays.com\/fr\/wp-json\/wp\/v2\/tags?post=423198"}],"curies":[{"name":"wp","href":"https:\/\/api.w.org\/{rel}","templated":true}]}}