{"id":423200,"date":"2025-09-28T07:16:12","date_gmt":"2025-09-28T07:16:12","guid":{"rendered":"https:\/\/www.europesays.com\/fr\/423200\/"},"modified":"2025-09-28T07:16:12","modified_gmt":"2025-09-28T07:16:12","slug":"benoit-cheyrou-estime-que-les-remplacants-ont-fait-la-difference-contre-strasbourg","status":"publish","type":"post","link":"https:\/\/www.europesays.com\/fr\/423200\/","title":{"rendered":"Beno\u00eet Cheyrou estime que \u00ab\u00a0les rempla\u00e7ants ont fait la diff\u00e9rence\u00a0\u00bb contre Strasbourg"},"content":{"rendered":"<p><strong>Les rempla\u00e7ants du c\u00f4t\u00e9 olympien ont-ils modifi\u00e9 la physionomie du match\u00a0?<\/strong>&#13;\n<\/p>\n<p>Oui, mais pour Strasbourg aussi, avec notamment l\u2019entr\u00e9e de Ouattara \u00e0 la pause, qui marque tr\u00e8s rapidement. <a href=\"https:\/\/www.laprovence.com\/article\/om\/1017801044737815\/strasbourg-om-1-2-les-entrees-ont-change-le-match-felicite-roberto-de-zerbi-apres-la-victoire-des-olympiens-a-strasbourg\" target=\"_blank\" rel=\"noopener\">\u00c0 l\u2019OM, les rempla\u00e7ants ont fait la diff\u00e9rence<\/a> avec la profondeur d\u2019un (Pierre-Emerick) Aubameyang, entr\u00e9 dans la derni\u00e8re demi-heure avec plus d\u2019espaces devant lui. C\u2019est tr\u00e8s malin. (Robinio) Vaz et (Benjamin) Pavard ont aussi <a href=\"https:\/\/www.laprovence.com\/article\/om\/1016567411502215\/strasbourg-om-1-2-les-olympiens-remettent-les-pendules-a-lheure-en-alsace\" target=\"_blank\" rel=\"noopener\">\u00e9t\u00e9 d\u00e9cisifs sur le but de la victoire<\/a>, mais j\u2019ai envie de parler de Vaz. Il s\u2019\u00e9tait montr\u00e9 contre le Paris FC, avec les jeunes Nadir et Bakola, en marquant son premier but. Il avait impuls\u00e9 quelque chose, il est spontan\u00e9, plein de culot, mais aussi tr\u00e8s fin. Dans le jeu de position de De Zerbi, on voit des joueurs qui doivent rester dans certaines zones pour \u00eatre trouv\u00e9s, mais les jeunes comme Vaz sortent de ce cadre pour le d\u00e9former et donner un peu plus de folie.<\/p>\n","protected":false},"excerpt":{"rendered":"Les rempla\u00e7ants du c\u00f4t\u00e9 olympien ont-ils modifi\u00e9 la physionomie du match\u00a0?&#13; Oui, mais pour Strasbourg aussi, avec notamment&hellip;\n","protected":false},"author":2,"featured_media":423201,"comment_status":"","ping_status":"","sticky":false,"template":"","format":"standard","meta":{"footnotes":""},"categories":[2820],"tags":[17,1111,11,16980,16981,18668,1777,674,1011,27,775,151,12,149,746,55255,25,640],"class_list":{"0":"post-423200","1":"post","2":"type-post","3":"status-publish","4":"format-standard","5":"has-post-thumbnail","7":"category-strasbourg","8":"tag-17","9":"tag-actu","10":"tag-actualites","11":"tag-benoit","12":"tag-cheyrou","13":"tag-estime","14":"tag-eu","15":"tag-europe","16":"tag-fr","17":"tag-france","18":"tag-grand-est","19":"tag-les","20":"tag-news","21":"tag-om","22":"tag-que","23":"tag-remplacants","24":"tag-republique-francaise","25":"tag-strasbourg"},"share_on_mastodon":{"url":"https:\/\/pubeurope.com\/@fr\/115280699956447510","error":""},"_links":{"self":[{"href":"https:\/\/www.europesays.com\/fr\/wp-json\/wp\/v2\/posts\/423200","targetHints":{"allow":["GET"]}}],"collection":[{"href":"https:\/\/www.europesays.com\/fr\/wp-json\/wp\/v2\/posts"}],"about":[{"href":"https:\/\/www.europesays.com\/fr\/wp-json\/wp\/v2\/types\/post"}],"author":[{"embeddable":true,"href":"https:\/\/www.europesays.com\/fr\/wp-json\/wp\/v2\/users\/2"}],"replies":[{"embeddable":true,"href":"https:\/\/www.europesays.com\/fr\/wp-json\/wp\/v2\/comments?post=423200"}],"version-history":[{"count":0,"href":"https:\/\/www.europesays.com\/fr\/wp-json\/wp\/v2\/posts\/423200\/revisions"}],"wp:featuredmedia":[{"embeddable":true,"href":"https:\/\/www.europesays.com\/fr\/wp-json\/wp\/v2\/media\/423201"}],"wp:attachment":[{"href":"https:\/\/www.europesays.com\/fr\/wp-json\/wp\/v2\/media?parent=423200"}],"wp:term":[{"taxonomy":"category","embeddable":true,"href":"https:\/\/www.europesays.com\/fr\/wp-json\/wp\/v2\/categories?post=423200"},{"taxonomy":"post_tag","embeddable":true,"href":"https:\/\/www.europesays.com\/fr\/wp-json\/wp\/v2\/tags?post=423200"}],"curies":[{"name":"wp","href":"https:\/\/api.w.org\/{rel}","templated":true}]}}