{"id":423208,"date":"2025-09-28T07:20:12","date_gmt":"2025-09-28T07:20:12","guid":{"rendered":"https:\/\/www.europesays.com\/fr\/423208\/"},"modified":"2025-09-28T07:20:12","modified_gmt":"2025-09-28T07:20:12","slug":"une-part-de-notre-histoire-cinq-ans-apres-le-terrible-incendie-la-cathedrale-de-nantes-renait-de-ses-cendres","status":"publish","type":"post","link":"https:\/\/www.europesays.com\/fr\/423208\/","title":{"rendered":"\u00ab\u00a0Une part de notre histoire\u00a0\u00bb\u00a0: cinq\u00a0ans apr\u00e8s le terrible incendie, la cath\u00e9drale de Nantes rena\u00eet de ses cendres"},"content":{"rendered":"<p class=\"paragraph text_align_left lp-f-body-02\">La blancheur a remplac\u00e9 la suie toxique. Le plomb qui s\u2019\u00e9tait d\u00e9pos\u00e9 partout lorsque le grand orgue du XVIIe si\u00e8cle et ses tuyaux constitu\u00e9s de ce m\u00e9tal sont partis en fum\u00e9e, a \u00e9t\u00e9 soigneusement nettoy\u00e9 \u00e0 l\u2019int\u00e9rieur de l\u2019immense nef. Dans la lumi\u00e8re de ce d\u00e9but d\u2019automne, la <a href=\"https:\/\/www.leparisien.fr\/loire-atlantique-44\/ravagee-par-un-incendie-criminel-il-y-a-5-ans-la-cathedrale-de-nantes-rouvrira-en-septembre-2025-10-09-2024-WRZEGKVLDRA6REN6A2RK7WE3FE.php\" target=\"_self\" rel=\"noopener\">cath\u00e9drale de Nantes<\/a> (Loire-Atlantique) a retrouv\u00e9 une seconde jeunesse et rouvre ses portes cinq ans apr\u00e8s le <a href=\"https:\/\/www.leparisien.fr\/faits-divers\/dix-images-de-l-incendie-de-la-cathedrale-de-nantes-18-07-2020-8354985.php\" target=\"_self\" rel=\"noopener\">terrible incendie criminel<\/a> qui l\u2019avait d\u00e9figur\u00e9e.<\/p>\n<p class=\"paragraph text_align_left lp-f-body-02\">La hauteur de la vo\u00fbte aspire le regard, les vitraux d\u00e9versent leurs couleurs. Tout n\u2019est pourtant pas encore termin\u00e9 \u00e0 l\u2019int\u00e9rieur comme \u00e0 l\u2019ext\u00e9rieur. Il faudra encore trois ans de travaux pour faire dispara\u00eetre tous les stigmates de ce sinistre qui s\u2019\u00e9tait produit le 18 juillet 2020.<\/p>\n","protected":false},"excerpt":{"rendered":"La blancheur a remplac\u00e9 la suie toxique. Le plomb qui s\u2019\u00e9tait d\u00e9pos\u00e9 partout lorsque le grand orgue du&hellip;\n","protected":false},"author":2,"featured_media":423209,"comment_status":"","ping_status":"","sticky":false,"template":"","format":"standard","meta":{"footnotes":""},"categories":[2818],"tags":[1111,11,459,1777,674,1011,27,19723,766,12,2636,25,104],"class_list":{"0":"post-423208","1":"post","2":"type-post","3":"status-publish","4":"format-standard","5":"has-post-thumbnail","7":"category-nantes","8":"tag-actu","9":"tag-actualites","10":"tag-departements-horsidfo","11":"tag-eu","12":"tag-europe","13":"tag-fr","14":"tag-france","15":"tag-loire-atlantique-44","16":"tag-nantes","17":"tag-news","18":"tag-pays-de-la-loire","19":"tag-republique-francaise","20":"tag-societe"},"share_on_mastodon":{"url":"https:\/\/pubeurope.com\/@fr\/115280715699661097","error":""},"_links":{"self":[{"href":"https:\/\/www.europesays.com\/fr\/wp-json\/wp\/v2\/posts\/423208","targetHints":{"allow":["GET"]}}],"collection":[{"href":"https:\/\/www.europesays.com\/fr\/wp-json\/wp\/v2\/posts"}],"about":[{"href":"https:\/\/www.europesays.com\/fr\/wp-json\/wp\/v2\/types\/post"}],"author":[{"embeddable":true,"href":"https:\/\/www.europesays.com\/fr\/wp-json\/wp\/v2\/users\/2"}],"replies":[{"embeddable":true,"href":"https:\/\/www.europesays.com\/fr\/wp-json\/wp\/v2\/comments?post=423208"}],"version-history":[{"count":0,"href":"https:\/\/www.europesays.com\/fr\/wp-json\/wp\/v2\/posts\/423208\/revisions"}],"wp:featuredmedia":[{"embeddable":true,"href":"https:\/\/www.europesays.com\/fr\/wp-json\/wp\/v2\/media\/423209"}],"wp:attachment":[{"href":"https:\/\/www.europesays.com\/fr\/wp-json\/wp\/v2\/media?parent=423208"}],"wp:term":[{"taxonomy":"category","embeddable":true,"href":"https:\/\/www.europesays.com\/fr\/wp-json\/wp\/v2\/categories?post=423208"},{"taxonomy":"post_tag","embeddable":true,"href":"https:\/\/www.europesays.com\/fr\/wp-json\/wp\/v2\/tags?post=423208"}],"curies":[{"name":"wp","href":"https:\/\/api.w.org\/{rel}","templated":true}]}}