{"id":423212,"date":"2025-09-28T07:22:13","date_gmt":"2025-09-28T07:22:13","guid":{"rendered":"https:\/\/www.europesays.com\/fr\/423212\/"},"modified":"2025-09-28T07:22:13","modified_gmt":"2025-09-28T07:22:13","slug":"cdf-les-tops-flops-girondins4ever-apres-bergerac-bordeaux","status":"publish","type":"post","link":"https:\/\/www.europesays.com\/fr\/423212\/","title":{"rendered":"[CdF] Les Tops-Flops Girondins4Ever apr\u00e8s Bergerac-Bordeaux"},"content":{"rendered":"<p><img width=\"773\" height=\"380\" data-lazy-type=\"image\" src=\"https:\/\/www.europesays.com\/fr\/wp-content\/uploads\/2025\/09\/bandicam-2025-09-27-22-04-14-585-773x380.jpg\" class=\"lazy lazy-hidden attachment-alchemists_thumbnail-lg size-alchemists_thumbnail-lg wp-post-image\" alt=\"\" decoding=\"async\" fetchpriority=\"high\"\/><\/p>\n<p>Ce samedi 27 septembre 2025, les Girondins de Bordeaux<br \/>\ndisputaient le 4\u00e8me tour de la Coupe de France \u00e0 l\u2019ext\u00e9rieur face<br \/>\nau club de Bergerac P\u00e9rigord (R\u00e9gional 3). La rencontre se jouait<br \/>\nau Stade Gaston Simounet. Apr\u00e8s les notes, voici les Tops-Flops<br \/>\nGirondins4Ever.<\/p>\n<p>Les Tops<\/p>\n<p><strong>L\u00e9o Jousselin\u00a0<\/strong>: le lat\u00e9ral droit bordelais<br \/>\nde ce match a d\u00e9marr\u00e9, comme son \u00e9quipe, au petit trot. S\u2019il fit de<br \/>\nbons d\u00e9doublements, il fut peu servi. Sur certaines de ses passes,<br \/>\non a senti parfois, en d\u00e9but de rencontre, un peu de suffisance.<br \/>\nPuis, en seconde p\u00e9riode, il \u00e9tait beaucoup plus haut et a enfin<br \/>\nmis plus d\u2019intensit\u00e9. Plus de courses aussi, et plus de centres.<br \/>\nLogiquement, il a \u00e9t\u00e9 r\u00e9compens\u00e9 d\u2019une passe d\u00e9cisive \u00e0 la 54\u00e8me<br \/>\nminute sur le but de demi-vol\u00e9e de Soufiane Bahassa. Bruno Irles<br \/>\nattendait de lui beaucoup mieux afin qu\u2019il concurrence Oualid El<br \/>\nHajjam, il ne faudra probablement retenir que la premi\u00e8re p\u00e9riode<br \/>\npour cela.<\/p>\n<p><strong>Soufiane Bahassa<\/strong> : D\u00e9marrant presque lat\u00e9ral<br \/>\ngauche, l\u2019on s\u2019est dit qu\u2019avec son physique encore trop juste, il<br \/>\nserait bien loin du but adverse pour se montrer dangereux. Il fut,<br \/>\ncomme avant sa blessure, plut\u00f4t entreprenant, et aurait<br \/>\nprobablement d\u00fb \u00eatre r\u00e9compens\u00e9 en premi\u00e8re p\u00e9riode. En seconde, il<br \/>\nse montre au rendez-vous, avec une demi-vol\u00e9e \u00e0 la 54\u00e8me minute,<br \/>\nsynonyme d\u2019\u00e9galisation. Sa rage en guise de c\u00e9l\u00e9bration, montre<br \/>\nqu\u2019il en avait gros sur la patate. Preuve que l\u2019\u00e9tat du terrain ne<br \/>\nl\u2019a pas g\u00ean\u00e9, et qu\u2019il a bien recharg\u00e9 ses batteries physiques, il<br \/>\nse montra de nouveau d\u00e9cisif \u00e0 la 57\u00e8me minute, sur le premier but<br \/>\nde Steve Shamal. Son retour est une tr\u00e8s bonne nouvelle au vu des<br \/>\nmatches de championnat qui arrivent.<\/p>\n<p style=\"text-align: center;\"><img loading=\"lazy\" decoding=\"async\" class=\"lazy lazy-hidden alignnone wp-image-563852\" data-lazy-type=\"image\" src=\"https:\/\/www.europesays.com\/fr\/wp-content\/uploads\/2025\/09\/bandicam-2025-09-27-21-26-23-228.jpg\" alt=\"\" width=\"399\" height=\"266\"  \/><\/p>\n<p>Les Flops<\/p>\n<p><strong>Eric Vandenabeele<\/strong> : Plac\u00e9 dans l\u2019axe de la<br \/>\nd\u00e9fense \u00e0 trois, il est pleinement impliqu\u00e9 sur le but encaiss\u00e9 par<br \/>\nles bordelais. En effet, le num\u00e9ro 4 chasse un joueur plus loin que<br \/>\nla ligne m\u00e9diane, et laisse ainsi une autoroute dans l\u2019axe. Alors,<br \/>\ns\u2019il n\u2019est pas le seul \u00ab coupable \u00bb car Ruben Droehnle est statique<br \/>\net ne joue pas l\u2019alignement, que Nathan Besse monte peut-\u00eatre trop<br \/>\nhaut sur son joueur, et surtout qu\u2019Abou Ba en pointe basse ne<br \/>\ncompense pas, l\u2019ancien joueur de Rodez fait un choix plut\u00f4t<br \/>\nsurprenant et malheureusement d\u00e9cisif. Pour le reste de la<br \/>\nrencontre, il fut plut\u00f4t solide, et entreprenant balle au pied. Il<br \/>\naurait m\u00eame d\u00fb faire exclure un adversaire pour une grosse semelle,<br \/>\nmais ce ne sera qu\u2019un carton jaune sorti pour le joueur<br \/>\nbergeracois.<\/p>\n<p><strong>Adama Diop<\/strong> : Il faisait son retour \u00e0 Bergerac<br \/>\net retrouvait l\u2019\u00e9quipe qu\u2019il avait contribu\u00e9 \u00e0 sauver sportivement,<br \/>\nmais qui a finalement fini administrativement en R\u00e9gional 3. Tr\u00e8s<br \/>\npeu d\u2019impact d\u00e9fensif, tr\u00e8s peu d\u2019allant offensif, lui qui se<br \/>\nd\u00e9finit comme un box to box. Et puis, il y a ces passes trop<br \/>\napproximatives, ou encore cette action de la premi\u00e8re p\u00e9riode o\u00f9 il<br \/>\narrive, des suites d\u2019une touche, \u00e0 donner un ballon hors-jeu alors<br \/>\nqu\u2019il est \u00e0 2m de son co\u00e9quipier. Bref, on attend beaucoup plus,<br \/>\nparce qu\u2019il faudra beaucoup plus de sa part pour esp\u00e9rer quelque<br \/>\nchose cette saison.<\/p>\n<p><strong>Matthieu Villette<\/strong> : C\u2019est audacieux d\u2019avoir \u00e9t\u00e9<br \/>\nmis seul en pointe, et d\u2019\u00eatre servi, souvent, comme un pivot ou<br \/>\npoint d\u2019appui\u2026 \u00c7a n\u2019arrange vraiment pas les choses, on vous<br \/>\nl\u2019accorde. Mais le num\u00e9ro 9 bordelais n\u2019est pas assez tueur, \u00e0<br \/>\nl\u2019image de cette occasion de la 8\u00e8me minute o\u00f9 il ne coupe pas<br \/>\nassez la trajectoire du centre et ne rentre pas assez dans le<br \/>\nballon\u2026 Dans la continuit\u00e9, c\u2019est Bergerac qui ouvre la marque<br \/>\n(8\u00e8me minute). Bis repetita \u00e0 la 24\u00e8me lorsqu\u2019il a un face \u00e0 face<br \/>\navec le gardien\u2026 Il gagne son duel mais sa frappe est trop peu<br \/>\npuissante, et est finalement sauv\u00e9e sur la ligne. L\u00e0 aussi, il va<br \/>\nfalloir plus, mais nul doute qu\u2019il le sait.<\/p>\n<p><strong>Bruno Irles\u00a0<\/strong>: On \u00e9tait rest\u00e9s sur le fait<br \/>\nque la R1 ne jouerait pas la Coupe de France, et finalement c\u2019est<br \/>\nNathan Besse qui a \u00e9t\u00e9 titularis\u00e9. Bon, c\u2019\u00e9tait aussi pour faire<br \/>\nsouffler Jean Grillot et donner du temps de jeu \u00e0 Eric<br \/>\nVandenabeele. Mais Soufiane Bahassa lat\u00e9ral gauche, Matthieu<br \/>\nVillette seul en pointe, et surtout le fait de laisser trois<br \/>\nd\u00e9fenseurs centraux jouer lat\u00e9ralement toute la rencontre, cela<br \/>\nnous a bien us\u00e9 (et plus que Bergerac). On savait que Bordeaux,<br \/>\ntechniquement et physiquement sup\u00e9rieur, allait d\u2019un coup d\u2019un seul<br \/>\nprendre le dessus en seconde p\u00e9riode \u2013 du moins on l\u2019esp\u00e9rait<br \/>\nfortement \u2013 mais au final, on n\u2019a pas vu, encore une fois, de<br \/>\nl\u2019am\u00e9lioration dans le jeu. Quelques une-deux-trois devant, mais<br \/>\nsinon\u2026 Une premi\u00e8re p\u00e9riode encore rat\u00e9e, une seconde poussive \u00e0<br \/>\npart environ dix minutes\u2026 C\u2019est toujours trop peu, enfin \u00e0 nos<br \/>\nyeux.<\/p>\n<p style=\"text-align: center;\"><img loading=\"lazy\" decoding=\"async\" class=\"lazy lazy-hidden alignnone size-full wp-image-563861\" data-lazy-type=\"image\" src=\"https:\/\/www.europesays.com\/fr\/wp-content\/uploads\/2025\/09\/bandicam-2025-09-27-22-04-40-219.jpg\" alt=\"\" width=\"1073\" height=\"715\"  \/><\/p>\n","protected":false},"excerpt":{"rendered":"Ce samedi 27 septembre 2025, les Girondins de Bordeaux disputaient le 4\u00e8me tour de la Coupe de France&hellip;\n","protected":false},"author":2,"featured_media":423213,"comment_status":"","ping_status":"","sticky":false,"template":"","format":"standard","meta":{"footnotes":""},"categories":[2817],"tags":[1111,11,1997,1777,674,1011,27,12,2219,25],"class_list":{"0":"post-423212","1":"post","2":"type-post","3":"status-publish","4":"format-standard","5":"has-post-thumbnail","7":"category-bordeaux","8":"tag-actu","9":"tag-actualites","10":"tag-bordeaux","11":"tag-eu","12":"tag-europe","13":"tag-fr","14":"tag-france","15":"tag-news","16":"tag-nouvelle-aquitaine","17":"tag-republique-francaise"},"share_on_mastodon":{"url":"https:\/\/pubeurope.com\/@fr\/115280724280681806","error":""},"_links":{"self":[{"href":"https:\/\/www.europesays.com\/fr\/wp-json\/wp\/v2\/posts\/423212","targetHints":{"allow":["GET"]}}],"collection":[{"href":"https:\/\/www.europesays.com\/fr\/wp-json\/wp\/v2\/posts"}],"about":[{"href":"https:\/\/www.europesays.com\/fr\/wp-json\/wp\/v2\/types\/post"}],"author":[{"embeddable":true,"href":"https:\/\/www.europesays.com\/fr\/wp-json\/wp\/v2\/users\/2"}],"replies":[{"embeddable":true,"href":"https:\/\/www.europesays.com\/fr\/wp-json\/wp\/v2\/comments?post=423212"}],"version-history":[{"count":0,"href":"https:\/\/www.europesays.com\/fr\/wp-json\/wp\/v2\/posts\/423212\/revisions"}],"wp:featuredmedia":[{"embeddable":true,"href":"https:\/\/www.europesays.com\/fr\/wp-json\/wp\/v2\/media\/423213"}],"wp:attachment":[{"href":"https:\/\/www.europesays.com\/fr\/wp-json\/wp\/v2\/media?parent=423212"}],"wp:term":[{"taxonomy":"category","embeddable":true,"href":"https:\/\/www.europesays.com\/fr\/wp-json\/wp\/v2\/categories?post=423212"},{"taxonomy":"post_tag","embeddable":true,"href":"https:\/\/www.europesays.com\/fr\/wp-json\/wp\/v2\/tags?post=423212"}],"curies":[{"name":"wp","href":"https:\/\/api.w.org\/{rel}","templated":true}]}}