{"id":423224,"date":"2025-09-28T07:29:09","date_gmt":"2025-09-28T07:29:09","guid":{"rendered":"https:\/\/www.europesays.com\/fr\/423224\/"},"modified":"2025-09-28T07:29:09","modified_gmt":"2025-09-28T07:29:09","slug":"pollution-la-qualite-de-lair-reste-moyenne-ce-dimanche","status":"publish","type":"post","link":"https:\/\/www.europesays.com\/fr\/423224\/","title":{"rendered":"Pollution : la qualit\u00e9 de l&rsquo;air reste moyenne ce dimanche"},"content":{"rendered":"<p class=\"content\" style=\"font-size:1.2em;font-weight:700\">La qualit\u00e9 de l&rsquo;air \u00e0 Lyon reste moyenne ce dimanche 28 septembre. L&rsquo;ensoleillement favorise une l\u00e9g\u00e8re hausse des concentrations de particules fines.<\/p>\n<p>La qualit\u00e9 de l&rsquo;air reste l\u00e9g\u00e8rement d\u00e9grad\u00e9e \u00e0 Lyon ce dimanche 28 septembre. L&rsquo;ensoleillement plus important pr\u00e9vu pour la journ\u00e9e favorisent tout de m\u00eame des concentrations de dioxyde d&rsquo;azote et de particules fines. <\/p>\n<p>Pour autant, c&rsquo;est dans le sud de la m\u00e9tropole, du c\u00f4t\u00e9 d&rsquo;Oullins, mais aussi de V\u00e9nissieux, que la qualit\u00e9 de l&rsquo;air est la plus d\u00e9grad\u00e9e. Les grands axes de circulation, comme la M7, reste \u00e9galement une zone \u00e0 forte concentration de polluants. <\/p>\n","protected":false},"excerpt":{"rendered":"La qualit\u00e9 de l&rsquo;air \u00e0 Lyon reste moyenne ce dimanche 28 septembre. L&rsquo;ensoleillement favorise une l\u00e9g\u00e8re hausse des&hellip;\n","protected":false},"author":2,"featured_media":169565,"comment_status":"","ping_status":"","sticky":false,"template":"","format":"standard","meta":{"footnotes":""},"categories":[1889],"tags":[1111,11,2430,1777,674,1011,27,2428,55015,12,1800,25],"class_list":{"0":"post-423224","1":"post","2":"type-post","3":"status-publish","4":"format-standard","5":"has-post-thumbnail","7":"category-lyon","8":"tag-actu","9":"tag-actualites","10":"tag-auvergne-rhone-alpes","11":"tag-eu","12":"tag-europe","13":"tag-fr","14":"tag-france","15":"tag-lyon","16":"tag-meteo-automne-lyon","17":"tag-news","18":"tag-pollution","19":"tag-republique-francaise"},"share_on_mastodon":{"url":"https:\/\/pubeurope.com\/@fr\/115280751094447785","error":""},"_links":{"self":[{"href":"https:\/\/www.europesays.com\/fr\/wp-json\/wp\/v2\/posts\/423224","targetHints":{"allow":["GET"]}}],"collection":[{"href":"https:\/\/www.europesays.com\/fr\/wp-json\/wp\/v2\/posts"}],"about":[{"href":"https:\/\/www.europesays.com\/fr\/wp-json\/wp\/v2\/types\/post"}],"author":[{"embeddable":true,"href":"https:\/\/www.europesays.com\/fr\/wp-json\/wp\/v2\/users\/2"}],"replies":[{"embeddable":true,"href":"https:\/\/www.europesays.com\/fr\/wp-json\/wp\/v2\/comments?post=423224"}],"version-history":[{"count":0,"href":"https:\/\/www.europesays.com\/fr\/wp-json\/wp\/v2\/posts\/423224\/revisions"}],"wp:featuredmedia":[{"embeddable":true,"href":"https:\/\/www.europesays.com\/fr\/wp-json\/wp\/v2\/media\/169565"}],"wp:attachment":[{"href":"https:\/\/www.europesays.com\/fr\/wp-json\/wp\/v2\/media?parent=423224"}],"wp:term":[{"taxonomy":"category","embeddable":true,"href":"https:\/\/www.europesays.com\/fr\/wp-json\/wp\/v2\/categories?post=423224"},{"taxonomy":"post_tag","embeddable":true,"href":"https:\/\/www.europesays.com\/fr\/wp-json\/wp\/v2\/tags?post=423224"}],"curies":[{"name":"wp","href":"https:\/\/api.w.org\/{rel}","templated":true}]}}