{"id":423225,"date":"2025-09-28T07:30:14","date_gmt":"2025-09-28T07:30:14","guid":{"rendered":"https:\/\/www.europesays.com\/fr\/423225\/"},"modified":"2025-09-28T07:30:14","modified_gmt":"2025-09-28T07:30:14","slug":"une-nouvelle-tournee-pleine-de-tubes","status":"publish","type":"post","link":"https:\/\/www.europesays.com\/fr\/423225\/","title":{"rendered":"une nouvelle tourn\u00e9e pleine de tubes"},"content":{"rendered":"<p>La premi\u00e8re tourn\u00e9e avait rassembl\u00e9 plusieurs centaines de milliers de personnes, conquises \u00e0 l\u2019id\u00e9e de revivre sur sc\u00e8ne les innombrables tubes de Jean-Jacques Goldman.<\/p>\n<p>Le projet l\u2019H\u00e9ritage Goldman revient pour un 2e\u00a0 volet, sans Michael Jones, mais toujours avec de nombreux chanteurs (Cephaz, Cyprien Zeni, Nerac, Tomislav Matosin, Anne-Sophie Seba et Jessy Elsa Palma) et une nouvelle venue\u00a0: Magali Ripoll, bien connue des t\u00e9l\u00e9spectateurs de l\u2019\u00e9mission de France 2 <a href=\"https:\/\/www.leprogres.fr\/culture-loisirs\/2025\/09\/13\/magali-ripoll-(n-oubliez-pas-les-paroles)-debarque-a-lyon-pour-la-tournee-de-l-heritage-goldman-une-interaction-tres-forte-avec-le-public\" target=\"_blank\" rel=\"nofollow noopener\">N\u2019oubliez pas les paroles<\/a>. Pour cette deuxi\u00e8me mouture, les chansons jadis interpr\u00e9t\u00e9es par Goldman c\u00f4toient celles qu\u2019il a compos\u00e9es pour les autres (C\u00e9line Dion, Patricia Kaas, Florent Pagny, Johnny\u2026)<\/p>\n<p class=\"note\">L\u2019H\u00e9ritage Goldman 2, le jeudi 2\u00a0octobre \u00e0 20\u00a0h \u00e0 la Halle Tony-Garnier (Lyon 7e). Tarifs de 24,5 \u00e0 79\u00a0euros. <a href=\"https:\/\/www.halle-tony-garnier.com\" target=\"_blank\" rel=\"nofollow noopener\">www.halle-tony-garnier.com<\/a><\/p>\n","protected":false},"excerpt":{"rendered":"La premi\u00e8re tourn\u00e9e avait rassembl\u00e9 plusieurs centaines de milliers de personnes, conquises \u00e0 l\u2019id\u00e9e de revivre sur sc\u00e8ne&hellip;\n","protected":false},"author":2,"featured_media":423226,"comment_status":"","ping_status":"","sticky":false,"template":"","format":"standard","meta":{"footnotes":""},"categories":[1889],"tags":[1111,11,2430,1687,2757,1777,674,1011,27,2428,2756,873,12,25,2429],"class_list":{"0":"post-423225","1":"post","2":"type-post","3":"status-publish","4":"format-standard","5":"has-post-thumbnail","7":"category-lyon","8":"tag-actu","9":"tag-actualites","10":"tag-auvergne-rhone-alpes","11":"tag-culture-loisirs","12":"tag-edition-lyon-villeurbanne","13":"tag-eu","14":"tag-europe","15":"tag-fr","16":"tag-france","17":"tag-lyon","18":"tag-lyon-bassin","19":"tag-musique","20":"tag-news","21":"tag-republique-francaise","22":"tag-rhone"},"share_on_mastodon":{"url":"https:\/\/pubeurope.com\/@fr\/115280754929541322","error":""},"_links":{"self":[{"href":"https:\/\/www.europesays.com\/fr\/wp-json\/wp\/v2\/posts\/423225","targetHints":{"allow":["GET"]}}],"collection":[{"href":"https:\/\/www.europesays.com\/fr\/wp-json\/wp\/v2\/posts"}],"about":[{"href":"https:\/\/www.europesays.com\/fr\/wp-json\/wp\/v2\/types\/post"}],"author":[{"embeddable":true,"href":"https:\/\/www.europesays.com\/fr\/wp-json\/wp\/v2\/users\/2"}],"replies":[{"embeddable":true,"href":"https:\/\/www.europesays.com\/fr\/wp-json\/wp\/v2\/comments?post=423225"}],"version-history":[{"count":0,"href":"https:\/\/www.europesays.com\/fr\/wp-json\/wp\/v2\/posts\/423225\/revisions"}],"wp:featuredmedia":[{"embeddable":true,"href":"https:\/\/www.europesays.com\/fr\/wp-json\/wp\/v2\/media\/423226"}],"wp:attachment":[{"href":"https:\/\/www.europesays.com\/fr\/wp-json\/wp\/v2\/media?parent=423225"}],"wp:term":[{"taxonomy":"category","embeddable":true,"href":"https:\/\/www.europesays.com\/fr\/wp-json\/wp\/v2\/categories?post=423225"},{"taxonomy":"post_tag","embeddable":true,"href":"https:\/\/www.europesays.com\/fr\/wp-json\/wp\/v2\/tags?post=423225"}],"curies":[{"name":"wp","href":"https:\/\/api.w.org\/{rel}","templated":true}]}}