{"id":423227,"date":"2025-09-28T07:33:11","date_gmt":"2025-09-28T07:33:11","guid":{"rendered":"https:\/\/www.europesays.com\/fr\/423227\/"},"modified":"2025-09-28T07:33:11","modified_gmt":"2025-09-28T07:33:11","slug":"pres-de-500-drones-et-quarantaine-de-missiles-envoyes-par-la-russie-durant-la-nuit-au-moins-quatre-morts","status":"publish","type":"post","link":"https:\/\/www.europesays.com\/fr\/423227\/","title":{"rendered":"pr\u00e8s de 500 drones et quarantaine de missiles envoy\u00e9s par la Russie durant la nuit, au moins quatre morts"},"content":{"rendered":"<p>La Russie a lanc\u00e9, dans la nuit du samedi 27 au dimanche 28 septembre, <a href=\"https:\/\/www.franceinfo.fr\/monde\/europe\/manifestations-en-ukraine\/guerre-en-ukraine-la-russie-a-lance-des-centaines-de-drones-et-de-missiles-dans-la-nuit-selon-les-autorites-ukrainiennes_7519069.html\" rel=\"nofollow noopener\" target=\"_blank\">une attaque \u00ab\u00a0massive\u00a0\u00bb sur l&rsquo;Ukraine, selon Kiev<\/a>, qui a d\u00e9nombr\u00e9 des centaines de drones et missiles qui ont fait des morts et des bless\u00e9s dans la capitale et la ville de Zaporijjia. Au total, l&rsquo;attaque a dur\u00e9 plus de douze heures, \u00e9crit le pr\u00e9sident ukrainien Volodymyr Zelensky. Pr\u00e8s de 500 drones ont \u00e9t\u00e9 comptabilis\u00e9s ainsi qu&rsquo;une quarantaine de missiles, dont des munitions hypersoniques Kinjal, selon la m\u00eame source. Les bombardements sur Kiev de la nuit ont tu\u00e9 au moins quatre personnes dont une fillette de 12 ans, d&rsquo;apr\u00e8s les autorit\u00e9s locales.\u00a0La ville de Zaporijjia a, elle, \u00e9t\u00e9 frapp\u00e9e \u00ab\u00a0au moins quatre fois\u00a0\u00bb, chiffre le gouverneur de la r\u00e9gion \u00e9ponyme Ivan Fedorov, qui a fait \u00e9tat de quatre bless\u00e9s. Suivez notre direct.<\/p>\n<p class=\"c-body__bullet\"><strong> La Russie menace d&rsquo;une \u00ab\u00a0r\u00e9ponse r\u00e9solue\u00a0\u00bb. <\/strong>Le ministre des Affaires \u00e9trang\u00e8res russe Sergue\u00ef Lavrov a mis en garde samedi contre toute attaque envers son pays, qui entra\u00eenerait une \u00ab\u00a0r\u00e9ponse r\u00e9solue\u00a0\u00bb, alors que Donald Trump <a href=\"https:\/\/www.franceinfo.fr\/monde\/otan\/les-pays-de-l-otan-devraient-abattre-les-avions-russes-violant-leurs-espaces-aeriens-defend-donald-trump_7509574.html\" rel=\"nofollow noopener\" target=\"_blank\">a appel\u00e9 \u00e0 abattre les avions russes<\/a> en cas de violation de l&rsquo;espace a\u00e9rien de l&rsquo;Otan. \u00ab\u00a0La Russie est presque accus\u00e9e de planifier une attaque contre les pays de l&rsquo;Alliance atlantique et de l&rsquo;Union europ\u00e9enne\u00a0\u00bb, a-t-il d\u00e9clar\u00e9 \u00e0 la tribune de l&rsquo;Assembl\u00e9e g\u00e9n\u00e9rale de l&rsquo;ONU.<\/p>\n<p class=\"c-body__bullet\"><strong> La centrale de Zaporijjia au c\u0153ur des attentions.<\/strong> L&rsquo;Ukraine a accus\u00e9 samedi la Russie d&rsquo;avoir coup\u00e9 la <a href=\"https:\/\/www.franceinfo.fr\/monde\/europe\/manifestations-en-ukraine\/guerre-en-ukraine-kiev-accuse-moscou-d-avoir-coupe-la-centrale-nucleaire-de-zaporijjia-du-reseau-electrique-depuis-quatre-jours_7517674.html\" rel=\"nofollow noopener\" target=\"_blank\">centrale nucl\u00e9aire du r\u00e9seau \u00e9lectrique ukrainien<\/a>, et ce, depuis quatre jours. Kiev estime que Moscou cherche \u00e0 \u00ab\u00a0voler\u00a0\u00bb cette installation strat\u00e9gique en la rattachant au r\u00e9seau sous contr\u00f4le russe, malgr\u00e9 des risques pour sa s\u00e9curit\u00e9.<\/p>\n","protected":false},"excerpt":{"rendered":"La Russie a lanc\u00e9, dans la nuit du samedi 27 au dimanche 28 septembre, une attaque \u00ab\u00a0massive\u00a0\u00bb sur&hellip;\n","protected":false},"author":2,"featured_media":423228,"comment_status":"","ping_status":"","sticky":false,"template":"","format":"standard","meta":{"footnotes":""},"categories":[1888],"tags":[1111,1928,11,1927,1777,674,1011,27,12,1926,626,1925,25],"class_list":{"0":"post-423227","1":"post","2":"type-post","3":"status-publish","4":"format-standard","5":"has-post-thumbnail","7":"category-paris","8":"tag-actu","9":"tag-actu-paris","10":"tag-actualites","11":"tag-actualites-paris","12":"tag-eu","13":"tag-europe","14":"tag-fr","15":"tag-france","16":"tag-news","17":"tag-news-paris","18":"tag-paris","19":"tag-paris-news","20":"tag-republique-francaise"},"share_on_mastodon":{"url":"https:\/\/pubeurope.com\/@fr\/115280766841533329","error":""},"_links":{"self":[{"href":"https:\/\/www.europesays.com\/fr\/wp-json\/wp\/v2\/posts\/423227","targetHints":{"allow":["GET"]}}],"collection":[{"href":"https:\/\/www.europesays.com\/fr\/wp-json\/wp\/v2\/posts"}],"about":[{"href":"https:\/\/www.europesays.com\/fr\/wp-json\/wp\/v2\/types\/post"}],"author":[{"embeddable":true,"href":"https:\/\/www.europesays.com\/fr\/wp-json\/wp\/v2\/users\/2"}],"replies":[{"embeddable":true,"href":"https:\/\/www.europesays.com\/fr\/wp-json\/wp\/v2\/comments?post=423227"}],"version-history":[{"count":0,"href":"https:\/\/www.europesays.com\/fr\/wp-json\/wp\/v2\/posts\/423227\/revisions"}],"wp:featuredmedia":[{"embeddable":true,"href":"https:\/\/www.europesays.com\/fr\/wp-json\/wp\/v2\/media\/423228"}],"wp:attachment":[{"href":"https:\/\/www.europesays.com\/fr\/wp-json\/wp\/v2\/media?parent=423227"}],"wp:term":[{"taxonomy":"category","embeddable":true,"href":"https:\/\/www.europesays.com\/fr\/wp-json\/wp\/v2\/categories?post=423227"},{"taxonomy":"post_tag","embeddable":true,"href":"https:\/\/www.europesays.com\/fr\/wp-json\/wp\/v2\/tags?post=423227"}],"curies":[{"name":"wp","href":"https:\/\/api.w.org\/{rel}","templated":true}]}}