{"id":423229,"date":"2025-09-28T07:34:12","date_gmt":"2025-09-28T07:34:12","guid":{"rendered":"https:\/\/www.europesays.com\/fr\/423229\/"},"modified":"2025-09-28T07:34:12","modified_gmt":"2025-09-28T07:34:12","slug":"fake-news-ia-corruption-a-la-veille-des-elections-la-moldavie-face-a-une-ingerence-russe-sans-precedent","status":"publish","type":"post","link":"https:\/\/www.europesays.com\/fr\/423229\/","title":{"rendered":"Fake news, IA, corruption\u2026 \u00c0 la veille des \u00e9lections, la Moldavie face \u00e0 une ing\u00e9rence russe \u00ab\u00a0sans pr\u00e9c\u00e9dent\u00a0\u00bb"},"content":{"rendered":"<p class=\"paragraph text_align_left lp-f-body-02\">Des intox de ce genre, <a href=\"https:\/\/www.leparisien.fr\/international\/coinces-entre-leurope-et-la-russie-la-moldavie-redoute-une-attaque-de-poutine-08-03-2022-UHPXVTTST5G43BPOZZISM7NLL4.php\" target=\"_blank\" rel=\"noreferrer nofollow noopener\">la Moldavie<\/a>, petit pays de 2,5 millions d\u2019\u00e2mes, qui, jusqu\u2019en 1991, faisait partie des quinze R\u00e9publiques d\u2019URSS, en est abreuv\u00e9 depuis des semaines. Leur source ? Moscou, 2 000 km plus au nord, pointent les sp\u00e9cialistes. \u00c0 l\u2019approche des l\u00e9gislatives de ce dimanche 28 septembre, l\u2019espace num\u00e9rique moldave <a href=\"https:\/\/www.leparisien.fr\/international\/achat-de-votes-et-cryptomonnaies-la-moldavie-denonce-un-sabotage-russe-sans-precedent-avant-les-elections-legislatives-30-07-2025-3NSCR5QXPJHXHDISGB2ZUEFXPY.php\" rel=\"nofollow noopener\" target=\"_blank\">s\u2019est mu\u00e9 en champ de bataille<\/a>. Rien d\u2019\u00e9tonnant : depuis l\u2019accession de Maia Sandu au pouvoir en 2021, Chisinau, la capitale, s\u2019arrime toujours plus \u00e0 l\u2019Europe.<\/p>\n","protected":false},"excerpt":{"rendered":"Des intox de ce genre, la Moldavie, petit pays de 2,5 millions d\u2019\u00e2mes, qui, jusqu\u2019en 1991, faisait partie&hellip;\n","protected":false},"author":2,"featured_media":423230,"comment_status":"","ping_status":"","sticky":false,"template":"","format":"standard","meta":{"footnotes":""},"categories":[1888],"tags":[1111,1928,11,1927,1777,674,1011,27,14,12,1926,626,1925,25],"class_list":{"0":"post-423229","1":"post","2":"type-post","3":"status-publish","4":"format-standard","5":"has-post-thumbnail","7":"category-paris","8":"tag-actu","9":"tag-actu-paris","10":"tag-actualites","11":"tag-actualites-paris","12":"tag-eu","13":"tag-europe","14":"tag-fr","15":"tag-france","16":"tag-international","17":"tag-news","18":"tag-news-paris","19":"tag-paris","20":"tag-paris-news","21":"tag-republique-francaise"},"share_on_mastodon":{"url":"https:\/\/pubeurope.com\/@fr\/115280770736457062","error":""},"_links":{"self":[{"href":"https:\/\/www.europesays.com\/fr\/wp-json\/wp\/v2\/posts\/423229","targetHints":{"allow":["GET"]}}],"collection":[{"href":"https:\/\/www.europesays.com\/fr\/wp-json\/wp\/v2\/posts"}],"about":[{"href":"https:\/\/www.europesays.com\/fr\/wp-json\/wp\/v2\/types\/post"}],"author":[{"embeddable":true,"href":"https:\/\/www.europesays.com\/fr\/wp-json\/wp\/v2\/users\/2"}],"replies":[{"embeddable":true,"href":"https:\/\/www.europesays.com\/fr\/wp-json\/wp\/v2\/comments?post=423229"}],"version-history":[{"count":0,"href":"https:\/\/www.europesays.com\/fr\/wp-json\/wp\/v2\/posts\/423229\/revisions"}],"wp:featuredmedia":[{"embeddable":true,"href":"https:\/\/www.europesays.com\/fr\/wp-json\/wp\/v2\/media\/423230"}],"wp:attachment":[{"href":"https:\/\/www.europesays.com\/fr\/wp-json\/wp\/v2\/media?parent=423229"}],"wp:term":[{"taxonomy":"category","embeddable":true,"href":"https:\/\/www.europesays.com\/fr\/wp-json\/wp\/v2\/categories?post=423229"},{"taxonomy":"post_tag","embeddable":true,"href":"https:\/\/www.europesays.com\/fr\/wp-json\/wp\/v2\/tags?post=423229"}],"curies":[{"name":"wp","href":"https:\/\/api.w.org\/{rel}","templated":true}]}}