{"id":423235,"date":"2025-09-28T07:38:11","date_gmt":"2025-09-28T07:38:11","guid":{"rendered":"https:\/\/www.europesays.com\/fr\/423235\/"},"modified":"2025-09-28T07:38:11","modified_gmt":"2025-09-28T07:38:11","slug":"attaque-massive-de-la-russie-mise-en-garde-de-loccident-par-moscou-elections-sous-ingerence-en-moldavie-lactu-du-conflit-en-ukraine-ce-week-end-liber","status":"publish","type":"post","link":"https:\/\/www.europesays.com\/fr\/423235\/","title":{"rendered":"\u00abAttaque massive\u00bb de la Russie, mise en garde de l\u2019Occident par Moscou, \u00e9lections sous ing\u00e9rence en Moldavie\u2026 L\u2019actu du conflit en Ukraine ce week-end \u2013 Lib\u00e9ration"},"content":{"rendered":"<p class=\"sc-cPiKLX AiZTS text-element\">La r\u00e9daction de Lib\u00e9ration r\u00e9sume les principales actualit\u00e9s du week-end sur le conflit en Ukraine. Le point pr\u00e9c\u00e9dent est \u00e0 lire <a href=\"https:\/\/www.liberation.fr\/international\/europe\/neuf-morts-en-ukraine-sanctions-de-londres-contre-des-organisations-russes-arrivee-de-zelensky-a-paris-lactu-du-conflit-en-ukraine-ce-mercredi-3-septembre-20250903_CISJLNU335HSLEXZIHX5UHWDBQ\/\" target=\"_blank\" rel=\"noreferrer noopener\" title=\"https:\/\/www.liberation.fr\/international\/europe\/neuf-morts-en-ukraine-sanctions-de-londres-contre-des-organisations-russes-arrivee-de-zelensky-a-paris-lactu-du-conflit-en-ukraine-ce-mercredi-3-septembre-20250903_CISJLNU335HSLEXZIHX5UHWDBQ\/\">ici<\/a>. <\/p>\n<p class=\"sc-cPiKLX AiZTS text-element\">L\u2019Ukraine a accus\u00e9 ce dimanche matin la Russie d\u2019avoir lanc\u00e9 dans la nuit une attaque \u00abmassive\u00bb avec des centaines de drones et missiles qui ont fait au moins quatre morts et une dizaine de bless\u00e9s, au moment o\u00f9 la Pologne voisine a mobilis\u00e9 l\u2019aviation pour s\u00e9curiser son espace a\u00e9rien. Les bombardements ont notamment tu\u00e9 une fillette de 12 ans \u00e0 Kyiv, ont indiqu\u00e9 les autorit\u00e9s locales dimanche. \u00abLa Russie a lanc\u00e9 une nouvelle attaque a\u00e9rienne massive sur les villes ukrainiennes pendant que les gens dormaient\u00bb, a affirm\u00e9 <a href=\"https:\/\/www.liberation.fr\/international\/europe\/andriy-sybiha-ministre-ukrainien-des-affaires-etrangeres-nous-voulons-vraiment-mettre-fin-a-la-guerre-cette-annee-20250525_SQVMZLGC35C3JJCOTQ6UV2D5EY\/\" target=\"_blank\" rel=\"noreferrer noopener\" title=\"https:\/\/www.liberation.fr\/international\/europe\/andriy-sybiha-ministre-ukrainien-des-affaires-etrangeres-nous-voulons-vraiment-mettre-fin-a-la-guerre-cette-annee-20250525_SQVMZLGC35C3JJCOTQ6UV2D5EY\/\">le ministre ukrainien des Affaires \u00e9trang\u00e8res, Andriy Sybiga<\/a>, sur le r\u00e9seau social X. \u00abEncore une fois, des centaines de drones et de missiles, d\u00e9truisant des immeubles r\u00e9sidentiels et causant des victimes civiles\u00bb, a ajout\u00e9 le ministre, qui a publi\u00e9 des images montrant des flammes jaillissant des fen\u00eatres d\u2019un immeuble r\u00e9sidentiel de plusieurs \u00e9tages. <\/p>\n<p class=\"sc-cPiKLX AiZTS text-element\">Le ministre russe des Affaires \u00e9trang\u00e8res, Sergue\u00ef Lavrov, a mis en garde samedi contre toute attaque envers son pays, qui entra\u00eenerait une \u00abr\u00e9ponse r\u00e9solue\u00bb, alors que Donald Trump a appel\u00e9 \u00e0 abattre les avions russes en cas de violation de l\u2019espace a\u00e9rien de l\u2019Otan. \u00abLa Russie est presque accus\u00e9e de planifier une attaque contre les pays de l\u2019Alliance atlantique et de l\u2019Union europ\u00e9enne, a-t-il d\u00e9clar\u00e9 \u00e0 la tribune de l\u2019Assembl\u00e9e g\u00e9n\u00e9rale de l\u2019ONU. La Russie n\u2019a pas et n\u2019a jamais eu de telles intentions. Mais toute agression contre mon pays entra\u00eenera une r\u00e9ponse r\u00e9solue. Il ne doit pas y avoir de doutes sur ce point.\u00bb <\/p>\n<p class=\"sc-cPiKLX AiZTS text-element\">S\u2019exprimant peu apr\u00e8s lors d\u2019une conf\u00e9rence de presse, Sergue\u00ef Lavrov a insist\u00e9 : \u00abSi l\u2019on tente d\u2019abattre un engin volant, quel qu\u2019il soit, au-dessus de notre territoire, dans notre espace a\u00e9rien, alors je pense que les gens le regretteront profond\u00e9ment.\u00bb Apr\u00e8s les incursions dans le ciel europ\u00e9en d\u2019une vingtaine de drones et des trois avions de combat russes, les pays de l\u2019UE cherchent \u00e0 renforcer leur d\u00e9fense, principalement aux abords de la Russie. A ces incursions r\u00e9p\u00e9t\u00e9es vient s\u2019ajouter le survol de <a href=\"https:\/\/www.liberation.fr\/international\/europe\/de-nouveaux-drones-reperes-au-dessus-de-la-plus-grande-base-militaire-du-danemark-20250927_WMXXXYGEV5AHDIGW3BRFIVIDNM\/\" target=\"_blank\" rel=\"noreferrer noopener\" title=\"https:\/\/www.liberation.fr\/international\/europe\/de-nouveaux-drones-reperes-au-dessus-de-la-plus-grande-base-militaire-du-danemark-20250927_WMXXXYGEV5AHDIGW3BRFIVIDNM\/\">myst\u00e9rieux drones au Danemark<\/a>, \u00e0 au moins quatre reprises cette semaine. <\/p>\n<p class=\"sc-cPiKLX AiZTS text-element\">Apr\u00e8s ces r\u00e9centes incursions de drones que Copenhague attribue \u00e0 la Russie, l\u2019Otan a annonc\u00e9 dans la soir\u00e9e de samedi \u00e0 dimanche le renforcement de sa \u00abvigilance\u00bb et de ses moyens dans la r\u00e9gion Baltique. Les dirigeants de l\u2019Alliance \u00absont en contact permanent avec leurs homologues danois\u00bb, souligne l\u2019Otan. \u00abNous allons renforcer encore davantage notre vigilance gr\u00e2ce \u00e0 de nouveaux moyens\u00bb, a indiqu\u00e9 Martin O\u2019Donnell, porte-parole du commandement supr\u00eame des alli\u00e9s en Europe, dans une d\u00e9claration transmise \u00e0 la presse. Ces moyens comprennent du renseignement, de la surveillance, de la reconnaissance et \u00abau moins une fr\u00e9gate de d\u00e9fense a\u00e9rienne\u00bb, a-t-il pr\u00e9cis\u00e9. <\/p>\n<p class=\"sc-cPiKLX AiZTS text-element\">Jeudi, la Premi\u00e8re ministre, Mette Frederiksen, avait affirm\u00e9 que le Danemark avait \u00e9t\u00e9 victime d\u2019attaques \u00abhybrides\u00bb ces derniers jours, faisant r\u00e9f\u00e9rence \u00e0 une forme de guerre non conventionnelle, et avait point\u00e9 du doigt la Russie, une \u00abmenace pour la s\u00e9curit\u00e9 de l\u2019Europe\u00bb. Moscou a rejet\u00e9 \u00abfermement\u00bb jeudi toute implication dans les incidents danois. <\/p>\n<p class=\"sc-cPiKLX AiZTS text-element\">\u00abUn <a href=\"https:\/\/www.liberation.fr\/international\/europe\/lukraine-confirme-utiliser-un-systeme-antiaerien-israelien-patriot-20250927_GKAS3G4DUZH3HDRK63EIKH2Y7E\/\" target=\"_blank\" rel=\"noreferrer noopener\" title=\"https:\/\/www.liberation.fr\/international\/europe\/lukraine-confirme-utiliser-un-systeme-antiaerien-israelien-patriot-20250927_GKAS3G4DUZH3HDRK63EIKH2Y7E\/\">syst\u00e8me isra\u00e9lien fonctionne en Ukraine<\/a>, cela fait un mois qu\u2019il fonctionne\u00bb, a d\u00e9clar\u00e9 Volodymyr Zelensky lors d\u2019une conf\u00e9rence de presse samedi, sans pr\u00e9ciser si Kyiv l\u2019avait achet\u00e9 ou obtenu gratuitement. Les Etats-Unis avaient d\u00e9j\u00e0 fourni des syst\u00e8mes similaires \u00e0 la d\u00e9fense ukrainienne. En mai, le <a href=\"https:\/\/www.nytimes.com\/2025\/05\/04\/world\/europe\/ukraine-russia-war-patriot-systems.html\" target=\"_blank\" rel=\"noreferrer noopener\" title=\"https:\/\/www.nytimes.com\/2025\/05\/04\/world\/europe\/ukraine-russia-war-patriot-systems.html\">New York Times<\/a>, citant des sources officielles am\u00e9ricaines, avait affirm\u00e9 qu\u2019un syst\u00e8me Patriot bas\u00e9 en Isra\u00ebl serait r\u00e9nov\u00e9 puis envoy\u00e9 en Ukraine, l\u2019arm\u00e9e de l\u2019air de l\u2019Etat h\u00e9breu souhaitant se doter de mat\u00e9riel plus moderne. <\/p>\n<p class=\"sc-cPiKLX AiZTS text-element\">Apr\u00e8s le d\u00e9clenchement de l\u2019invasion russe de l\u2019Ukraine en 2022, Isra\u00ebl avait adopt\u00e9 une position neutre en ne sanctionnant pas la Russie, \u00e0 la diff\u00e9rence de beaucoup d\u2019autres pays occidentaux. Mais ses liens avec Moscou se sont ensuite distendus face au renforcement de l\u2019alliance entre la Russie et l\u2019Iran, qui est accus\u00e9 d\u2019avoir fourni des drones d\u2019attaques au Kremlin, et en raison de la guerre men\u00e9e par Isra\u00ebl dans la bande de Gaza, condamn\u00e9e par les autorit\u00e9s russes.<\/p>\n<p class=\"sc-cPiKLX AiZTS text-element\">La Russie essaie-t-elle de \u00abvoler\u00bb <a href=\"https:\/\/www.liberation.fr\/international\/europe\/lukraine-accuse-la-russie-de-vouloir-raccorder-la-centrale-nucleaire-de-zaporijia-a-son-reseau-electrique-20250927_MD7FWZZ6NVHUHIN2OVLVSEG3JI\/\" target=\"_blank\" rel=\"noreferrer noopener\" title=\"https:\/\/www.liberation.fr\/international\/europe\/lukraine-accuse-la-russie-de-vouloir-raccorder-la-centrale-nucleaire-de-zaporijia-a-son-reseau-electrique-20250927_MD7FWZZ6NVHUHIN2OVLVSEG3JI\/\">la centrale nucl\u00e9aire de Zaporijia<\/a> ? \u00abNous exhortons toutes les nations pr\u00e9occup\u00e9es par la s\u00fbret\u00e9 et la s\u00e9curit\u00e9 nucl\u00e9aires \u00e0 faire clairement comprendre \u00e0 Moscou que son pari nucl\u00e9aire doit cesser\u00bb, a d\u00e9clar\u00e9 le chef de la diplomatie ukrainienne, Andriy Sybiga, dans un message sur son compte X, samedi. Selon lui, \u00abla Russie a construit 200 kilom\u00e8tres de lignes \u00e9lectriques en pr\u00e9paration d\u2019une tentative de voler la centrale, de la relier au r\u00e9seau [sous contr\u00f4le russe] et de la relancer\u00bb. Il a accus\u00e9 Moscou \u00abd\u2019actions irresponsables\u00bb ayant caus\u00e9 \u00abbeaucoup trop de risques\u00bb nucl\u00e9aires depuis le d\u00e9but de l\u2019invasion en 2022. \u00abMais la tentative russe de reconnecter la centrale pourrait \u00eatre le pire jusqu\u2019\u00e0 pr\u00e9sent, en posant les plus grands risques. Moscou essaye d\u2019engager l\u2019AIEA dans cette aventure et de justifier le vol\u00bb de la centrale, a d\u00e9clar\u00e9 Sybiga, en demandant que la centrale retourne sous contr\u00f4le ukrainien. <\/p>\n<p class=\"sc-cPiKLX AiZTS text-element\">Les Moldaves ont commenc\u00e9 dimanche \u00e0 \u00e9lire leurs d\u00e9put\u00e9s et vont d\u00e9cider de <a href=\"https:\/\/www.liberation.fr\/international\/europe\/en-moldavie-des-legislatives-sous-loeil-de-moscou-20250925_7SWHB6BRVBB3RF2INUFWCXUQVY\/\" target=\"_blank\" rel=\"noreferrer noopener\" title=\"https:\/\/www.liberation.fr\/international\/europe\/en-moldavie-des-legislatives-sous-loeil-de-moscou-20250925_7SWHB6BRVBB3RF2INUFWCXUQVY\/\">l\u2019avenir de leur pays<\/a> voisin de l\u2019Ukraine en guerre, entre poursuite sur la voie de l\u2019Union europ\u00e9enne ou un rapprochement avec la Russie, le gouvernement et l\u2019UE accusant Moscou \u00abd\u2019ing\u00e9rence profonde\u00bb. Signe de l\u2019enjeu de ce scrutin sous haute tension et au r\u00e9sultat incertain, chaque camp accuse l\u2019autre de manipulation et de tentative d\u2019intimidation. <\/p>\n<p class=\"sc-cPiKLX AiZTS text-element\">La pr\u00e9sidente pro-europ\u00e9enne, Maia Sandu, dont le parti Action et Solidarit\u00e9 (PAS) est en t\u00eate des sondages mais a perdu du terrain depuis sa large victoire en 2021, <a href=\"https:\/\/www.liberation.fr\/international\/europe\/a-laube-des-legislatives-la-moldavie-assaillie-par-la-desinformation-russe-nous-signalons-jusqua-20-videos-par-jour-20250926_BANLUTUATVFFPG2D2TBI62OO5E\/\" target=\"_blank\" rel=\"noreferrer noopener\" title=\"https:\/\/www.liberation.fr\/international\/europe\/a-laube-des-legislatives-la-moldavie-assaillie-par-la-desinformation-russe-nous-signalons-jusqua-20-videos-par-jour-20250926_BANLUTUATVFFPG2D2TBI62OO5E\/\">a sonn\u00e9 l\u2019alarme en d\u00e9but de semaine<\/a>. Elle a d\u00e9nonc\u00e9 les \u00abcentaines de millions d\u2019euros\u00bb d\u00e9vers\u00e9s par Moscou pour acheter des voix, orchestrer des campagnes de d\u00e9sinformation en ligne et organiser des violences. Selon Igor Botan, directeur du centre de r\u00e9flexion moldave Adept, la Moldavie n\u2019a \u00abjamais vu un tel niveau [d\u2019ing\u00e9rence \u00e9trang\u00e8re] dans une campagne \u00e9lectorale\u00bb depuis son ind\u00e9pendance proclam\u00e9e en 1991. Des all\u00e9gations r\u00e9cus\u00e9es par la Russie, qui affirme pour sa part que les autorit\u00e9s moldaves propagent une rh\u00e9torique antirusse. <\/p>\n<p class=\"sc-cPiKLX AiZTS text-element\"><b>Mise \u00e0 jour<\/b> \u00e0 9 h 30 avec les d\u00e9clarations de Martin O\u2019Donnell \u00e0 propos de la Baltique. <\/p>\n","protected":false},"excerpt":{"rendered":"La r\u00e9daction de Lib\u00e9ration r\u00e9sume les principales actualit\u00e9s du week-end sur le conflit en Ukraine. Le point pr\u00e9c\u00e9dent&hellip;\n","protected":false},"author":2,"featured_media":423236,"comment_status":"","ping_status":"","sticky":false,"template":"","format":"standard","meta":{"footnotes":""},"categories":[1591],"tags":[11,1887,44388,11095,12,1885,1886,132,220,297,135,134],"class_list":{"0":"post-423235","1":"post","2":"type-post","3":"status-publish","4":"format-standard","5":"has-post-thumbnail","7":"category-russie","8":"tag-actualites","9":"tag-federation-de-russie","10":"tag-maia-sandu","11":"tag-moldavie","12":"tag-news","13":"tag-russia","14":"tag-russian-federation","15":"tag-russie","16":"tag-ukraine","17":"tag-ukraine-la-crise","18":"tag-vladimir-poutine","19":"tag-volodymyr-zelensky"},"share_on_mastodon":{"url":"https:\/\/pubeurope.com\/@fr\/115280786627196669","error":""},"_links":{"self":[{"href":"https:\/\/www.europesays.com\/fr\/wp-json\/wp\/v2\/posts\/423235","targetHints":{"allow":["GET"]}}],"collection":[{"href":"https:\/\/www.europesays.com\/fr\/wp-json\/wp\/v2\/posts"}],"about":[{"href":"https:\/\/www.europesays.com\/fr\/wp-json\/wp\/v2\/types\/post"}],"author":[{"embeddable":true,"href":"https:\/\/www.europesays.com\/fr\/wp-json\/wp\/v2\/users\/2"}],"replies":[{"embeddable":true,"href":"https:\/\/www.europesays.com\/fr\/wp-json\/wp\/v2\/comments?post=423235"}],"version-history":[{"count":0,"href":"https:\/\/www.europesays.com\/fr\/wp-json\/wp\/v2\/posts\/423235\/revisions"}],"wp:featuredmedia":[{"embeddable":true,"href":"https:\/\/www.europesays.com\/fr\/wp-json\/wp\/v2\/media\/423236"}],"wp:attachment":[{"href":"https:\/\/www.europesays.com\/fr\/wp-json\/wp\/v2\/media?parent=423235"}],"wp:term":[{"taxonomy":"category","embeddable":true,"href":"https:\/\/www.europesays.com\/fr\/wp-json\/wp\/v2\/categories?post=423235"},{"taxonomy":"post_tag","embeddable":true,"href":"https:\/\/www.europesays.com\/fr\/wp-json\/wp\/v2\/tags?post=423235"}],"curies":[{"name":"wp","href":"https:\/\/api.w.org\/{rel}","templated":true}]}}