{"id":423261,"date":"2025-09-28T07:54:15","date_gmt":"2025-09-28T07:54:15","guid":{"rendered":"https:\/\/www.europesays.com\/fr\/423261\/"},"modified":"2025-09-28T07:54:15","modified_gmt":"2025-09-28T07:54:15","slug":"auto-avec-ce-modele-soyez-au-volant-comme-dans-une-formule-1","status":"publish","type":"post","link":"https:\/\/www.europesays.com\/fr\/423261\/","title":{"rendered":"Auto. Avec ce mod\u00e8le, soyez au volant comme dans une Formule 1"},"content":{"rendered":"<p>\t\t\t\t\t\t\tMobilit\u00e9.<\/p>\n<p>\t\t\t\t\tApparu en 2023, le grand SUV premium 100% \u00e9lectrique a \u00e9t\u00e9 mis \u00e0 jour, et cette version sportive vient s&rsquo;ajouter \u00e0 la gamme.\t\t\t\t<\/p>\n<p>\n\t\t\t\t\tPubli\u00e9 le<br \/>\n\t\t\t\t\t28\/09\/2025 \u00e0 09h20 &#8211; Par St\u00e9phane Marie\t\t\t\t\t<\/p>\n<p>\t\t\t\t\t\t\t\t<img decoding=\"async\" class=\"media illustration\" src=\"https:\/\/www.europesays.com\/fr\/wp-content\/uploads\/2025\/09\/1759046055_45_\" width=\"1200\" height=\"578\" loading=\"eager\" fetchpriority=\"high\" alt=\"Auto. Avec ce mod\u00e8le, soyez au volant comme dans une Formule 1\"\/><\/p>\n<p>\t\t\t\t\t\t\t\t\t\t\t\t\t\t\tCommercialisation d\u00e9but 2026 en Europe, autour de 80 000 \u20ac en version 550e F Sport. &#8211; Lexus<\/p>\n","protected":false},"excerpt":{"rendered":"Mobilit\u00e9. Apparu en 2023, le grand SUV premium 100% \u00e9lectrique a \u00e9t\u00e9 mis \u00e0 jour, et cette version&hellip;\n","protected":false},"author":2,"featured_media":423262,"comment_status":"","ping_status":"","sticky":false,"template":"","format":"standard","meta":{"footnotes":""},"categories":[1412],"tags":[1451,1452,1453,1454,1455,1011,27,60],"class_list":{"0":"post-423261","1":"post","2":"type-post","3":"status-publish","4":"format-standard","5":"has-post-thumbnail","7":"category-f1","8":"tag-f1","9":"tag-formula-1","10":"tag-formula1","11":"tag-formule-1","12":"tag-formule1","13":"tag-fr","14":"tag-france","15":"tag-sports"},"share_on_mastodon":{"url":"https:\/\/pubeurope.com\/@fr\/115280849413972169","error":""},"_links":{"self":[{"href":"https:\/\/www.europesays.com\/fr\/wp-json\/wp\/v2\/posts\/423261","targetHints":{"allow":["GET"]}}],"collection":[{"href":"https:\/\/www.europesays.com\/fr\/wp-json\/wp\/v2\/posts"}],"about":[{"href":"https:\/\/www.europesays.com\/fr\/wp-json\/wp\/v2\/types\/post"}],"author":[{"embeddable":true,"href":"https:\/\/www.europesays.com\/fr\/wp-json\/wp\/v2\/users\/2"}],"replies":[{"embeddable":true,"href":"https:\/\/www.europesays.com\/fr\/wp-json\/wp\/v2\/comments?post=423261"}],"version-history":[{"count":0,"href":"https:\/\/www.europesays.com\/fr\/wp-json\/wp\/v2\/posts\/423261\/revisions"}],"wp:featuredmedia":[{"embeddable":true,"href":"https:\/\/www.europesays.com\/fr\/wp-json\/wp\/v2\/media\/423262"}],"wp:attachment":[{"href":"https:\/\/www.europesays.com\/fr\/wp-json\/wp\/v2\/media?parent=423261"}],"wp:term":[{"taxonomy":"category","embeddable":true,"href":"https:\/\/www.europesays.com\/fr\/wp-json\/wp\/v2\/categories?post=423261"},{"taxonomy":"post_tag","embeddable":true,"href":"https:\/\/www.europesays.com\/fr\/wp-json\/wp\/v2\/tags?post=423261"}],"curies":[{"name":"wp","href":"https:\/\/api.w.org\/{rel}","templated":true}]}}