{"id":423269,"date":"2025-09-28T07:58:10","date_gmt":"2025-09-28T07:58:10","guid":{"rendered":"https:\/\/www.europesays.com\/fr\/423269\/"},"modified":"2025-09-28T07:58:10","modified_gmt":"2025-09-28T07:58:10","slug":"a-quoi-ressemblait-cette-commune-de-laveyron-dans-les-annees-50-retour-en-arriere-avec-le-photographe-dorian-loubiere","status":"publish","type":"post","link":"https:\/\/www.europesays.com\/fr\/423269\/","title":{"rendered":"A quoi ressemblait cette commune de l&rsquo;Aveyron dans les ann\u00e9es 50 : retour en arri\u00e8re avec le photographe Dorian Loubi\u00e8re"},"content":{"rendered":"<p>\n                                                                Le photographe a mis en sc\u00e8ne le pont vieux et la librairie du Pont virgule en vue d\u2019une exposition sur les ann\u00e9es cinquante.\n                            <\/p>\n<p>Faire ressurgir le pass\u00e9 le temps d\u2019une photographie. Tel est l\u2019objectif de Dorian Loubi\u00e8re, originaire de Montsalvy, venu immortaliser Espalion avec son pont vieux et la librairie du Pont virgule dans le cadre d\u2019une exposition sur les ann\u00e9es cinquante commenc\u00e9e en 2018. \u00ab\u00a0Le th\u00e8me du voyage dans le temps me tient \u00e0 c\u0153ur comme j\u2019ai beaucoup aim\u00e9 le film \u00ab\u00a0Retour vers le futur\u00a0\u00bb. J\u2019avais rep\u00e9r\u00e9 la devanture de la librairie avec sa d\u00e9coration atypique qui m\u2019a tap\u00e9 dans l\u2019\u0153il et correspond \u00e0 mon projet\u00a0\u00bb, explique le jeune photographe aujourd\u2019hui install\u00e9 \u00e0 Paris pour mener \u00e0 bien son dessein. L\u2019image qu\u2019il s\u2019en fait. \u00ab\u00a0J\u2019aime cette \u00e9poque avec ces belles devantures que je veux mettre en couleur, l\u2019\u00e9l\u00e9gance des costumes et des belles voitures comme la Dauphine utilis\u00e9e pour la mise en sc\u00e8ne\u00a0\u00bb, ajoute celui aux bacchantes en accord avec l\u2019\u00e9poque qu\u2019il met en image. D\u2019ailleurs, comme Alfred Hitchcock, Dorian Loubi\u00e8re appara\u00eet dans sa mise en sc\u00e8ne avec une vieille chambre photo. Une fa\u00e7on de faire authentique. De r\u00e9aliser son voyage dans le temps.<\/p>\n<p>    Clin d\u2019\u0153il cin\u00e9matographique<\/p>\n<p>Apr\u00e8s un salon de th\u00e9 et le cin\u00e9ma \u00e0 Entraygues, la mise en sc\u00e8ne d\u2019Espalion correspond \u00e0 la douzi\u00e8me de sa s\u00e9rie \u00ab\u00a0Retour en 1950\u00a0\u00bb qui a fait l\u2019objet d\u2019un livre paru en 2021. \u00ab\u00a0Je souhaite r\u00e9aliser cinq mises en sc\u00e8ne suppl\u00e9mentaires pour proposer une nouvelle exposition\u00a0\u00bb. Sa prochaine mise en sc\u00e8ne prend le chemin du Cantal pour photographier le train touristique Gentiane express. <\/p>\n<p>\u00c9viter les anachronismes, prendre la lumi\u00e8re d\u2019une fin de journ\u00e9e pour donner une impression quasi irr\u00e9elle, redonner de la couleur et de la vie d\u2019une carte postale s\u00e9pia, tels sont les leitmotivs de Dorian Loubi\u00e8re. Et l\u2019objectif est atteint \u00e0 la vue du r\u00e9sultat.<\/p>\n<p>La magie du voyage dans le temps comme du cin\u00e9ma s\u2019op\u00e8re. C\u2019est faux mais fait tellement vrai. De quoi faire ressurgir des souvenirs aux anciens. Un projet artistique qui fait \u0153uvre de transmission. Mais c\u2019est avant tout sa qu\u00eate esth\u00e9tique qui attire le regard.<\/p>\n<p>\u00c0 son compte depuis un an, Dorian Loubi\u00e8re esp\u00e8re proposer son exposition \u00e0 Paris et dans les villes immortalis\u00e9es comme Espalion, donc, avec de grands tirages pour appr\u00e9cier le moindre d\u00e9tail.<\/p>\n<p>En attendant, il met en lumi\u00e8re des humoristes dans la capitale \u00e0 travers des affiches \u00ab\u00a0qui me laisse une grande libert\u00e9 pour les mettre en sc\u00e8ne\u00a0\u00bb, conclut-il. Et qui sait, ce sera peut-\u00eatre bient\u00f4t lui en haut de l\u2019affiche ?<\/p>\n","protected":false},"excerpt":{"rendered":"Le photographe a mis en sc\u00e8ne le pont vieux et la librairie du Pont virgule en vue d\u2019une&hellip;\n","protected":false},"author":2,"featured_media":423270,"comment_status":"","ping_status":"","sticky":false,"template":"","format":"standard","meta":{"footnotes":""},"categories":[1358],"tags":[1348,1384,1385,1386,58,59,1011,27],"class_list":{"0":"post-423269","1":"post","2":"type-post","3":"status-publish","4":"format-standard","5":"has-post-thumbnail","7":"category-arts-et-design","8":"tag-arts","9":"tag-arts-and-design","10":"tag-arts-et-design","11":"tag-design","12":"tag-divertissement","13":"tag-entertainment","14":"tag-fr","15":"tag-france"},"share_on_mastodon":{"url":"https:\/\/pubeurope.com\/@fr\/115280865200217810","error":""},"_links":{"self":[{"href":"https:\/\/www.europesays.com\/fr\/wp-json\/wp\/v2\/posts\/423269","targetHints":{"allow":["GET"]}}],"collection":[{"href":"https:\/\/www.europesays.com\/fr\/wp-json\/wp\/v2\/posts"}],"about":[{"href":"https:\/\/www.europesays.com\/fr\/wp-json\/wp\/v2\/types\/post"}],"author":[{"embeddable":true,"href":"https:\/\/www.europesays.com\/fr\/wp-json\/wp\/v2\/users\/2"}],"replies":[{"embeddable":true,"href":"https:\/\/www.europesays.com\/fr\/wp-json\/wp\/v2\/comments?post=423269"}],"version-history":[{"count":0,"href":"https:\/\/www.europesays.com\/fr\/wp-json\/wp\/v2\/posts\/423269\/revisions"}],"wp:featuredmedia":[{"embeddable":true,"href":"https:\/\/www.europesays.com\/fr\/wp-json\/wp\/v2\/media\/423270"}],"wp:attachment":[{"href":"https:\/\/www.europesays.com\/fr\/wp-json\/wp\/v2\/media?parent=423269"}],"wp:term":[{"taxonomy":"category","embeddable":true,"href":"https:\/\/www.europesays.com\/fr\/wp-json\/wp\/v2\/categories?post=423269"},{"taxonomy":"post_tag","embeddable":true,"href":"https:\/\/www.europesays.com\/fr\/wp-json\/wp\/v2\/tags?post=423269"}],"curies":[{"name":"wp","href":"https:\/\/api.w.org\/{rel}","templated":true}]}}