{"id":423273,"date":"2025-09-28T08:00:16","date_gmt":"2025-09-28T08:00:16","guid":{"rendered":"https:\/\/www.europesays.com\/fr\/423273\/"},"modified":"2025-09-28T08:00:16","modified_gmt":"2025-09-28T08:00:16","slug":"avant-premiere-familles-nombreuses-la-vie-en-xxl-du-30-septembre-2025-episode-118-partie-1-familles-nombreuses-la-vie-en-xxl","status":"publish","type":"post","link":"https:\/\/www.europesays.com\/fr\/423273\/","title":{"rendered":"Avant-premi\u00e8re &#8211; Familles nombreuses : la vie en XXL du 30 septembre 2025 &#8211; Episode 118 (Partie 1) &#8211; Familles nombreuses : la vie en XXL"},"content":{"rendered":"<p id=\"descriptionPanel\" class=\"text-secondary mr-2 line-clamp-2 pr-2.5 overflow-visible\">Ca y&rsquo;est Calypso est enfin \u00e0 la maison ! Toute la famille se r\u00e9unie pour la rencontrer, pour le plus grand bonheur de M\u00e9lanie. Chez les Bambara, la pression de la rentr\u00e9e retombe : toute la famille part jouer \u00e0 la plage pour d\u00e9compresser de cette journ\u00e9e riche en \u00e9motion. Pour la famille Laforce un dilemme se pose : rester \u00e0 Marseille ou d\u00e9m\u00e9nager dans la r\u00e9gion Lyonnaise ? Elsa se sent bien dans le sud mais ses enfants voudraient rentrer \u00e0 Lyon. Pour la famille Augoyard, le week-end commence bien, c&rsquo;est immersion au parc animalier. Chez les Esposito, Tiffanie a une grande annonce \u00e0 faire a toute la famille. Familles nombreuses : la vie en XXL. Saison 09 \u00c9pisode 118 partie 2<\/p>\n<p>Afficher la version longue du r\u00e9sum\u00e9<a class=\"shrink-0\" href=\"https:\/\/www.tf1.fr\/tf1\/les-familles-nombreuses-la-vie-en-xxl\" target=\"_blank\" rel=\"noopener\"><img decoding=\"async\" src=\"https:\/\/www.europesays.com\/fr\/wp-content\/uploads\/2025\/09\/program-card-portrait-1-famille-nguyen-9acc08-1507f5-0@1x.jpg\" width=\"138\" height=\"184\" alt=\"\" loading=\"eager\" fetchpriority=\"auto\" class=\"rounded-3px aspect-[3\/4] h-24 w-auto\" aria-hidden=\"true\"\/><\/a><img alt=\"Sous-Titrage T\u00e9l\u00e9texte\" loading=\"lazy\" width=\"27\" height=\"20\" decoding=\"async\" data-nimg=\"1\" style=\"color:transparent\" src=\"https:\/\/www.tf1.fr\/public\/_next\/static\/media\/sme.b8f879c0.svg\"\/><\/p>\n<p>27m<\/p>\n<p>30 sept. 2025 \u00e0 17:32<\/p>\n","protected":false},"excerpt":{"rendered":"Ca y&rsquo;est Calypso est enfin \u00e0 la maison ! Toute la famille se r\u00e9unie pour la rencontrer, pour&hellip;\n","protected":false},"author":2,"featured_media":423274,"comment_status":"","ping_status":"","sticky":false,"template":"","format":"standard","meta":{"footnotes":""},"categories":[1356],"tags":[58,59,1365,21484,51365,41047,4980,21485,51366,6162,51374,51364,51371,51375,51369,51368,1011,27,6163,51370,51372,51373,252,1364,21486,51367],"class_list":{"0":"post-423273","1":"post","2":"type-post","3":"status-publish","4":"format-standard","5":"has-post-thumbnail","7":"category-television","8":"tag-divertissement","9":"tag-entertainment","10":"tag-episode","11":"tag-episode-familles-nombreuses-la-vie-en-xxl","12":"tag-episode-familles-nombreuses-la-vie-en-xxl-tf1","13":"tag-episode-tf1","14":"tag-familles-nombreuses-la-vie-en-xxl","15":"tag-familles-nombreuses-la-vie-en-xxl-episode","16":"tag-familles-nombreuses-la-vie-en-xxl-episode-tf1","17":"tag-familles-nombreuses-la-vie-en-xxl-streaming","18":"tag-familles-nombreuses-la-vie-en-xxl-streaming-gratuit","19":"tag-familles-nombreuses-la-vie-en-xxl-tf1","20":"tag-familles-nombreuses-la-vie-en-xxl-tf1-streaming","21":"tag-familles-nombreuses-la-vie-en-xxl-tf1-streaming-gratuit","22":"tag-familles-nombreuses-la-vie-en-xxl-tf1-video","23":"tag-familles-nombreuses-la-vie-en-xxl-video","24":"tag-fr","25":"tag-france","26":"tag-streaming-familles-nombreuses-la-vie-en-xxl","27":"tag-streaming-familles-nombreuses-la-vie-en-xxl-tf1","28":"tag-streaming-gratuit-familles-nombreuses-la-vie-en-xxl","29":"tag-streaming-gratuit-familles-nombreuses-la-vie-en-xxl-tf1","30":"tag-television","31":"tag-tv","32":"tag-video-familles-nombreuses-la-vie-en-xxl","33":"tag-video-familles-nombreuses-la-vie-en-xxl-tf1"},"share_on_mastodon":{"url":"","error":"Validation failed: Text character limit of 500 exceeded"},"_links":{"self":[{"href":"https:\/\/www.europesays.com\/fr\/wp-json\/wp\/v2\/posts\/423273","targetHints":{"allow":["GET"]}}],"collection":[{"href":"https:\/\/www.europesays.com\/fr\/wp-json\/wp\/v2\/posts"}],"about":[{"href":"https:\/\/www.europesays.com\/fr\/wp-json\/wp\/v2\/types\/post"}],"author":[{"embeddable":true,"href":"https:\/\/www.europesays.com\/fr\/wp-json\/wp\/v2\/users\/2"}],"replies":[{"embeddable":true,"href":"https:\/\/www.europesays.com\/fr\/wp-json\/wp\/v2\/comments?post=423273"}],"version-history":[{"count":0,"href":"https:\/\/www.europesays.com\/fr\/wp-json\/wp\/v2\/posts\/423273\/revisions"}],"wp:featuredmedia":[{"embeddable":true,"href":"https:\/\/www.europesays.com\/fr\/wp-json\/wp\/v2\/media\/423274"}],"wp:attachment":[{"href":"https:\/\/www.europesays.com\/fr\/wp-json\/wp\/v2\/media?parent=423273"}],"wp:term":[{"taxonomy":"category","embeddable":true,"href":"https:\/\/www.europesays.com\/fr\/wp-json\/wp\/v2\/categories?post=423273"},{"taxonomy":"post_tag","embeddable":true,"href":"https:\/\/www.europesays.com\/fr\/wp-json\/wp\/v2\/tags?post=423273"}],"curies":[{"name":"wp","href":"https:\/\/api.w.org\/{rel}","templated":true}]}}