{"id":423286,"date":"2025-09-28T08:07:22","date_gmt":"2025-09-28T08:07:22","guid":{"rendered":"https:\/\/www.europesays.com\/fr\/423286\/"},"modified":"2025-09-28T08:07:22","modified_gmt":"2025-09-28T08:07:22","slug":"le-medef-estime-representer-les-vrais-insoumis-melenchon-furieux","status":"publish","type":"post","link":"https:\/\/www.europesays.com\/fr\/423286\/","title":{"rendered":"Le Medef estime repr\u00e9senter \u00ab\u00a0les vrais insoumis\u00a0\u00bb, M\u00e9lenchon furieux"},"content":{"rendered":"<p>La guerre des mots est d\u00e9clar\u00e9e entre le <a href=\"https:\/\/www.20minutes.fr\/economie\/medef\/\" target=\"_blank\" class=\"c-link c-link--is-underlined\" rel=\"noopener\">Medef<\/a> et <a href=\"https:\/\/www.20minutes.fr\/politique\/france-insoumise\/\" target=\"_blank\" class=\"c-link c-link--is-underlined\" rel=\"noopener\">LFI<\/a>. En lan\u00e7ant vendredi soir sous le slogan \u00ab\u00a0Faisons gagner la France\u00a0\u00bb, son invitation \u00ab\u00a0aux entrepreneurs\u00a0\u00bb \u00e0 participer \u00e0 son meeting du 13\u00a0octobre \u00e0 Paris, le patronat en a profit\u00e9 pour glisser une pique au mouvement de Jean-Luc M\u00e9lenchon en estimant que \u00ab\u00a0les vrais insoumis\u00a0\u00bb sont les chefs d\u2019entreprise.<\/p>\n<p>\u00ab\u00a0Entrepreneurs, tous \u00e0 l\u2019Accor Arena\u00a0\u00bb, mentionne l\u2019invitation, une salle situ\u00e9e \u00e0 un jet de pierre du minist\u00e8re des Finances, et d\u2019une capacit\u00e9 pour cet \u00e9v\u00e8nement d\u2019environ 13.000 places, pr\u00e9cise le Medef. Le texte, r\u00e9dig\u00e9 en bleu-blanc-rouge, appelle, dans un style similaire \u00e0 celui d\u2019un tract syndical, \u00e0 une \u00ab\u00a0mobilisation g\u00e9n\u00e9rale des entrepreneurs\u00a0\u00bb \u00e0 14 heures ce jour-l\u00e0.<\/p>\n<p>Le Medef fustige la \u00ab\u00a0stigmatisation\u00a0\u00bb<\/p>\n<p>\u00ab\u00a0Le moment est venu de relever la t\u00eate, de se faire entendre\u00a0\u00bb, explique l\u2019invitation, \u00ab\u00a0assez d\u2019\u00eatre trait\u00e9s comme des profiteurs ou des nantis\u00a0\u00bb. \u00ab\u00a0Pourquoi devrait-on s\u2019excuser de cr\u00e9er des emplois, de faire tourner l\u2019\u00e9conomie, de donner une chance aux jeunes\u00a0? R\u00e9ussir ce n\u2019est pas une honte, c\u2019est une chance pour la France\u00a0\u00bb.<\/p>\n<\/p>\n<p>\u00ab\u00a0Tous les jours, ajoute le texte, les entrepreneurs prennent des risques, sans filet\u00a0: quand \u00e7a \u00e9choue, c\u2019est eux qui payent, quand \u00e7a marche, c\u2019est tout le pays qui en profite, alors stop \u00e0 la stigmatisation, aux taxes et aux r\u00e9glementations qui s\u2019empilent toujours plus, aux proc\u00e8s d\u2019intention\u00a0! L\u2019entreprise n\u2019est pas l\u2019ennemie de la justice sociale\u00a0: elle en est la condition\u00a0\u00bb. \u00ab\u00a0Le 13 octobre, soyons fiers d\u2019\u00eatre les vrais insoumis, ceux qui ne se r\u00e9signent pas\u00a0\u00bb, conclut le texte.<\/p>\n<p><a href=\"https:\/\/www.20minutes.fr\/politique\/jean-luc-melenchon\/\" target=\"_blank\" class=\"c-link c-link--is-underlined\" rel=\"noopener\">Jean-Luc M\u00e9lenchon<\/a> n\u2019a pas du tout appr\u00e9ci\u00e9 cette appropriation. Et il a tenu \u00e0 le faire savoir sur X. Il a ainsi accus\u00e9 le Medef d\u2019\u00eatre au contraire \u00ab\u00a0le cort\u00e8ge des patrons soumis aux grandes fortunes et \u00e0 la finance qui d\u00e9truit la nature et la soci\u00e9t\u00e9 humaine\u00a0\u00bb.<\/p>\n<p>La CGT ironise<\/p>\n<p>Sur un mode beaucoup plus humoristique, la num\u00e9ro un de la <a href=\"https:\/\/www.20minutes.fr\/dossier\/cgt\" target=\"_blank\" class=\"c-link c-link--is-underlined\" rel=\"noopener\">CGT<\/a> Sophie Binet s\u2019est adress\u00e9e directement \u00e0 Patrick Martin sur X\u00a0: \u00ab\u00a0Comme on sait que les manifs c\u2019est pas votre sp\u00e9cialit\u00e9, on s\u2019est occup\u00e9 de la playlist du meeting\u00a0\u00bb, avec un emoji \u00ab\u00a0cadeau\u00a0\u00bb, et un extrait vid\u00e9o de la chanson parodique Syndiqu\u00e9 tu m\u2019auras pas, du groupe Les Goguettes. Elle met en sc\u00e8ne une fausse manifestation de patrons criant notamment \u00ab\u00a0CGT t\u2019es foutue, le Medef est dans la rue\u00a0\u00bb, \u00ab\u00a0on est l\u00e0, on est l\u00e0, m\u00eame si Binet le veut pas nous on est l\u00e0\u00a0\u00bb, ou \u00ab\u00a0le patronat vaincra et Zucman dispara\u00eetra\u00a0\u00bb.<\/p>\n<p><a href=\"https:\/\/www.20minutes.fr\/politique\/\" target=\"_blank\" class=\"c-link c-btn c-btn--primary\" rel=\"noopener\">Notre dossier Politique<\/a><\/p>\n<p>Une telle manifestation patronale est tr\u00e8s rare. Le pr\u00e9c\u00e9dent le plus m\u00e9morable, organis\u00e9 par le CNPF, l\u2019anc\u00eatre du Medef, avait r\u00e9uni 25.000 chefs d\u2019entreprise au Parc des Expositions de Villepinte (Seine-Saint-Denis), le 14\u00a0d\u00e9cembre 1982, pour protester contre les politiques mises en place par le pr\u00e9sident socialiste Fran\u00e7ois Mitterrand.<\/p>\n","protected":false},"excerpt":{"rendered":"La guerre des mots est d\u00e9clar\u00e9e entre le Medef et LFI. En lan\u00e7ant vendredi soir sous le slogan&hellip;\n","protected":false},"author":2,"featured_media":423287,"comment_status":"","ping_status":"","sticky":false,"template":"","format":"standard","meta":{"footnotes":""},"categories":[6],"tags":[47,1003,35,1271,33,34,1011,27,6151,342,3081,1023,4803,12771,316,8815,133],"class_list":{"0":"post-423286","1":"post","2":"type-post","3":"status-publish","4":"format-standard","5":"has-post-thumbnail","7":"category-economie","8":"tag-actualite","9":"tag-budget","10":"tag-business","11":"tag-cgt","12":"tag-economie","13":"tag-economy","14":"tag-fr","15":"tag-france","16":"tag-greve","17":"tag-impots","18":"tag-jean-luc-melenchon","19":"tag-la-france-insoumise-lfi","20":"tag-medef","21":"tag-mouvements-sociaux","22":"tag-politique","23":"tag-sophie-binet","24":"tag-video"},"share_on_mastodon":{"url":"https:\/\/pubeurope.com\/@fr\/115280900686750600","error":""},"_links":{"self":[{"href":"https:\/\/www.europesays.com\/fr\/wp-json\/wp\/v2\/posts\/423286","targetHints":{"allow":["GET"]}}],"collection":[{"href":"https:\/\/www.europesays.com\/fr\/wp-json\/wp\/v2\/posts"}],"about":[{"href":"https:\/\/www.europesays.com\/fr\/wp-json\/wp\/v2\/types\/post"}],"author":[{"embeddable":true,"href":"https:\/\/www.europesays.com\/fr\/wp-json\/wp\/v2\/users\/2"}],"replies":[{"embeddable":true,"href":"https:\/\/www.europesays.com\/fr\/wp-json\/wp\/v2\/comments?post=423286"}],"version-history":[{"count":0,"href":"https:\/\/www.europesays.com\/fr\/wp-json\/wp\/v2\/posts\/423286\/revisions"}],"wp:featuredmedia":[{"embeddable":true,"href":"https:\/\/www.europesays.com\/fr\/wp-json\/wp\/v2\/media\/423287"}],"wp:attachment":[{"href":"https:\/\/www.europesays.com\/fr\/wp-json\/wp\/v2\/media?parent=423286"}],"wp:term":[{"taxonomy":"category","embeddable":true,"href":"https:\/\/www.europesays.com\/fr\/wp-json\/wp\/v2\/categories?post=423286"},{"taxonomy":"post_tag","embeddable":true,"href":"https:\/\/www.europesays.com\/fr\/wp-json\/wp\/v2\/tags?post=423286"}],"curies":[{"name":"wp","href":"https:\/\/api.w.org\/{rel}","templated":true}]}}