{"id":42329,"date":"2025-04-21T20:30:09","date_gmt":"2025-04-21T20:30:09","guid":{"rendered":"https:\/\/www.europesays.com\/fr\/42329\/"},"modified":"2025-04-21T20:30:09","modified_gmt":"2025-04-21T20:30:09","slug":"larcheveque-de-bordeaux-reagit-a-la-mort-du-pape-francois-et-annonce-un-hommage-en-la-cathedrale-saint-andre","status":"publish","type":"post","link":"https:\/\/www.europesays.com\/fr\/42329\/","title":{"rendered":"L&rsquo;archev\u00eaque de Bordeaux r\u00e9agit \u00e0 la mort du pape Fran\u00e7ois et annonce un hommage en la cath\u00e9drale Saint-Andr\u00e9"},"content":{"rendered":"<p>            Par<br \/>\n        <strong><br \/>\n            <a href=\"https:\/\/actu.fr\/auteur\/sports33\" title=\"Consulter tous les articles de Nicolas Gosselin\" rel=\"nofollow noopener\" target=\"_blank\">Nicolas Gosselin<\/a><br \/>\n        <\/strong><\/p>\n<p>        Publi\u00e9 le<\/p>\n<p>            21 avr. 2025 \u00e0 17h14        <\/p>\n<p><a href=\"https:\/\/actu.fr\/societe\/le-pape-francois-est-mort-annonce-le-vatican_62254072.html\" rel=\"nofollow noopener\" target=\"_blank\">Le pape Fran\u00e7ois est mort<\/a> \u00e0 l\u2019\u00e2ge de 88 ans, lundi 21 avril 2025. Monseigneur <strong>Jean-Paul James<\/strong>, qui a \u00e9t\u00e9 nomm\u00e9 <strong>archev\u00eaque de Bordeaux<\/strong> par ce dernier en 2019, a r\u00e9agi dans la journ\u00e9e : \u00ab\u00a0Nous apprenons son d\u00e9c\u00e8s avec tristesse. Avec beaucoup de courage, <strong>notre Pape a v\u00e9cu sa mission jusqu\u2019au bout<\/strong>.\u00a0\u00bb<\/p>\n<p class=\" wall-content\">Pour rappel, Jorge Mario Bergogli \u2013 de son vrai nom \u2013 \u00e9tait <strong>souffrant<\/strong> depuis plusieurs mois. La veille de son d\u00e9c\u00e8s, le chef de l\u2019\u00c9glise catholique \u00e9tait apparu au balcon de la basilique Saint-Pierre de Rome pour<strong> souhaiter de \u00ab joyeuses P\u00e2ques \u00bb aux fid\u00e8les rassembl\u00e9s<\/strong> mais semblait tr\u00e8s affaibli.<\/p>\n<p>\u00ab\u00a0Nous prierons \u00e0 son intention\u00a0\u00bb<\/p>\n<p class=\" wall-content\">Dans son message, Monseigneur Jean-Paul James appelle \u00e0 rendre<strong> hommage<\/strong> au <a href=\"https:\/\/actu.fr\/societe\/direct-mort-du-pape-francois-a-88-ans-reactions-hommages-suivez-cette-journee-de-deuil_62537764.html\" rel=\"nofollow noopener\" target=\"_blank\">266e pape de l\u2019Histoire<\/a>, ce vendredi 25 avril d\u00e8s 18h30, dans la <strong>cath\u00e9drale Saint-Andr\u00e9<\/strong> de Bordeaux.<\/p>\n<p class=\" wall-content\">\u00ab\u00a0Nous rendrons gr\u00e2ce pour ses douze ann\u00e9es de pontificat et prierons \u00e0 son intention\u00a0\u00bb, propose l\u2019archev\u00eaque.<\/p>\n<p class=\" wall-content\">Suivez toute l\u2019actualit\u00e9 de vos villes et m\u00e9dias favoris en vous inscrivant \u00e0 <a href=\"https:\/\/moncompte.actu.fr\" title=\"D\u00e9couvez Mon Actu\" rel=\"nofollow noopener\" data-trk=\"{&quot;cta&quot;:{&quot;action&quot;:&quot;https:\\\/\\\/moncompte.actu.fr&quot;,&quot;category&quot;:&quot;mon compte&quot;,&quot;from&quot;:&quot;article footer&quot;,&quot;name&quot;:&quot;Mon actu&quot;,&quot;type&quot;:&quot;cta&quot;}}\" target=\"_blank\">Mon Actu<\/a>.<\/p>\n","protected":false},"excerpt":{"rendered":"Par Nicolas Gosselin Publi\u00e9 le 21 avr. 2025 \u00e0 17h14 Le pape Fran\u00e7ois est mort \u00e0 l\u2019\u00e2ge de&hellip;\n","protected":false},"author":2,"featured_media":42330,"comment_status":"","ping_status":"","sticky":false,"template":"","format":"standard","meta":{"footnotes":""},"categories":[2817],"tags":[1111,11,1997,1777,674,1011,27,12,2219,4692,4020,25,104],"class_list":{"0":"post-42329","1":"post","2":"type-post","3":"status-publish","4":"format-standard","5":"has-post-thumbnail","7":"category-bordeaux","8":"tag-actu","9":"tag-actualites","10":"tag-bordeaux","11":"tag-eu","12":"tag-europe","13":"tag-fr","14":"tag-france","15":"tag-news","16":"tag-nouvelle-aquitaine","17":"tag-pape-francois","18":"tag-religion","19":"tag-republique-francaise","20":"tag-societe"},"share_on_mastodon":{"url":"https:\/\/pubeurope.com\/@fr\/114377852439879235","error":""},"_links":{"self":[{"href":"https:\/\/www.europesays.com\/fr\/wp-json\/wp\/v2\/posts\/42329","targetHints":{"allow":["GET"]}}],"collection":[{"href":"https:\/\/www.europesays.com\/fr\/wp-json\/wp\/v2\/posts"}],"about":[{"href":"https:\/\/www.europesays.com\/fr\/wp-json\/wp\/v2\/types\/post"}],"author":[{"embeddable":true,"href":"https:\/\/www.europesays.com\/fr\/wp-json\/wp\/v2\/users\/2"}],"replies":[{"embeddable":true,"href":"https:\/\/www.europesays.com\/fr\/wp-json\/wp\/v2\/comments?post=42329"}],"version-history":[{"count":0,"href":"https:\/\/www.europesays.com\/fr\/wp-json\/wp\/v2\/posts\/42329\/revisions"}],"wp:featuredmedia":[{"embeddable":true,"href":"https:\/\/www.europesays.com\/fr\/wp-json\/wp\/v2\/media\/42330"}],"wp:attachment":[{"href":"https:\/\/www.europesays.com\/fr\/wp-json\/wp\/v2\/media?parent=42329"}],"wp:term":[{"taxonomy":"category","embeddable":true,"href":"https:\/\/www.europesays.com\/fr\/wp-json\/wp\/v2\/categories?post=42329"},{"taxonomy":"post_tag","embeddable":true,"href":"https:\/\/www.europesays.com\/fr\/wp-json\/wp\/v2\/tags?post=42329"}],"curies":[{"name":"wp","href":"https:\/\/api.w.org\/{rel}","templated":true}]}}