{"id":423300,"date":"2025-09-28T08:16:15","date_gmt":"2025-09-28T08:16:15","guid":{"rendered":"https:\/\/www.europesays.com\/fr\/423300\/"},"modified":"2025-09-28T08:16:15","modified_gmt":"2025-09-28T08:16:15","slug":"ou-voir-les-demi-finales-des-p1000-arsenal-padel-tarbes-casa-padel-uno-vidapadel-nancy-et-endemik-club-la-reunion","status":"publish","type":"post","link":"https:\/\/www.europesays.com\/fr\/423300\/","title":{"rendered":"O\u00f9 voir les demi-finales des P1000 Arsenal Padel Tarbes, Casa Padel Uno, VidaPadel Nancy et End\u00e9mik Club La R\u00e9union ?"},"content":{"rendered":"<p>Les <strong>P1000<\/strong> se poursuivent ce dimanche avec les demi-finales sur quatre sites diff\u00e9rents. Tous les matchs seront \u00e0 suivre en direct sur <strong><a href=\"https:\/\/www.youtube.com\/@padelmagtv6756\" title=\"\" target=\"_blank\" rel=\"noopener\">Padel Mag TV<\/a><\/strong>, une belle occasion de ne rien manquer des affiches du week-end.<\/p>\n<p>P1000 Arsenal Padel (Tarbes) \u2013 d\u00e9but 10h<\/p>\n<p>\u00c0 Tarbes, le dernier carr\u00e9 oppose :<\/p>\n<ul class=\"wp-block-list\">\n<li><strong>Cazaban \/ Dufour (TS4)<\/strong> vs <strong>Le Panse \/ Trancart (TS2)<\/strong><\/li>\n<li><strong>Pech \/ Rubio (TS1)<\/strong> vs <strong>Verdier \/ Sarrat (TS5)<\/strong><\/li>\n<\/ul>\n<p>P1000 Casa Padel Uno (Paris) \u2013 d\u00e9but 10h<\/p>\n<p>Du c\u00f4t\u00e9 de Casa Padel, les demi-finales mettront aux prises :<\/p>\n<ul class=\"wp-block-list\">\n<li><strong>Ledrap \/ Dumoulin (TS1)<\/strong> vs <strong>Iznasni \/ Tardy<\/strong><\/li>\n<li><strong>Filho \/ Huet<\/strong> vs <strong>Poirrier \/ Arrete Hourquet<\/strong><\/li>\n<\/ul>\n<p>P1000 VidaPadel (pr\u00e8s de Nancy) \u2013 d\u00e9but 9h30<\/p>\n<p>En Lorraine, deux belles affiches attendent les spectateurs :<\/p>\n<ul class=\"wp-block-list\">\n<li><strong>Paumard \/ Durieux (TS2)<\/strong> vs <strong>Du Gardin \/ Roulleau (TS5)<\/strong>, tombeurs de la t\u00eate de s\u00e9rie 3 <strong>Bertrand \/ Mangin<\/strong><\/li>\n<li><strong>Macchi \/ Br\u00e9chemier (TS4)<\/strong> vs <strong>Henry \/ Caspar<\/strong>, auteurs du gros coup face \u00e0 la t\u00eate de s\u00e9rie 1 <strong>Sanchez \/ Sidot<\/strong><\/li>\n<\/ul>\n<p>P1000 End\u00e9mik Club (La R\u00e9union) \u2013 d\u00e9but 14h<\/p>\n<p>Enfin, sur l\u2019\u00eele de La R\u00e9union, le dernier carr\u00e9 opposera :<\/p>\n<ul class=\"wp-block-list\">\n<li><strong>Ma\u00eetre \/ Moreau (TS3)<\/strong> vs <strong>Pichon de Bury \/ Perez (TS1)<\/strong><\/li>\n<li><strong>Theard \/ Grenier (TS2)<\/strong> vs <strong>Drieux \/ Marcille (TS4)<\/strong><\/li>\n<\/ul>\n<p>Toutes ces demi-finales sont \u00e0 suivre en direct sur <strong><a href=\"https:\/\/www.youtube.com\/@padelmagtv6756\" title=\"\" target=\"_blank\" rel=\"noopener\">Padel Mag TV<\/a><\/strong>, avec commentaires, d\u00e8s 9h30 (VidaPadel), 10h (Arsenal Padel et Casa Padel Uno) et 14h (End\u00e9mik Club).<\/p>\n<p><img loading=\"lazy\" decoding=\"async\" data-del=\"avatar\" alt=\"Benjamin Dupouy\" src=\"https:\/\/www.europesays.com\/fr\/wp-content\/uploads\/2025\/04\/IMG_5219-150x150.jpg\" class=\"avatar pp-user-avatar avatar-100 photo \" height=\"100\" width=\"100\"\/><\/p>\n<p>J\u2019ai d\u00e9couvert le padel directement lors d\u2019un tournoi, et franchement, je n\u2019ai pas trop accroch\u00e9 au d\u00e9but. Mais la deuxi\u00e8me fois, \u00e7a a \u00e9t\u00e9 le coup de foudre, et depuis, je ne rate plus un seul match. Je suis m\u00eame pr\u00eat \u00e0 rester \u00e9veill\u00e9 jusqu\u2019\u00e0 3h du matin pour regarder une finale de Premier Padel !<\/p>\n<p class=\"related-title\">Sur le m\u00eame sujet<\/p>\n","protected":false},"excerpt":{"rendered":"Les P1000 se poursuivent ce dimanche avec les demi-finales sur quatre sites diff\u00e9rents. Tous les matchs seront \u00e0&hellip;\n","protected":false},"author":2,"featured_media":420907,"comment_status":"","ping_status":"","sticky":false,"template":"","format":"standard","meta":{"footnotes":""},"categories":[9635],"tags":[1111,11,1777,674,1011,27,775,1702,12,15168,25],"class_list":{"0":"post-423300","1":"post","2":"type-post","3":"status-publish","4":"format-standard","5":"has-post-thumbnail","7":"category-nancy","8":"tag-actu","9":"tag-actualites","10":"tag-eu","11":"tag-europe","12":"tag-fr","13":"tag-france","14":"tag-grand-est","15":"tag-nancy","16":"tag-news","17":"tag-p1000","18":"tag-republique-francaise"},"share_on_mastodon":{"url":"","error":""},"_links":{"self":[{"href":"https:\/\/www.europesays.com\/fr\/wp-json\/wp\/v2\/posts\/423300","targetHints":{"allow":["GET"]}}],"collection":[{"href":"https:\/\/www.europesays.com\/fr\/wp-json\/wp\/v2\/posts"}],"about":[{"href":"https:\/\/www.europesays.com\/fr\/wp-json\/wp\/v2\/types\/post"}],"author":[{"embeddable":true,"href":"https:\/\/www.europesays.com\/fr\/wp-json\/wp\/v2\/users\/2"}],"replies":[{"embeddable":true,"href":"https:\/\/www.europesays.com\/fr\/wp-json\/wp\/v2\/comments?post=423300"}],"version-history":[{"count":0,"href":"https:\/\/www.europesays.com\/fr\/wp-json\/wp\/v2\/posts\/423300\/revisions"}],"wp:featuredmedia":[{"embeddable":true,"href":"https:\/\/www.europesays.com\/fr\/wp-json\/wp\/v2\/media\/420907"}],"wp:attachment":[{"href":"https:\/\/www.europesays.com\/fr\/wp-json\/wp\/v2\/media?parent=423300"}],"wp:term":[{"taxonomy":"category","embeddable":true,"href":"https:\/\/www.europesays.com\/fr\/wp-json\/wp\/v2\/categories?post=423300"},{"taxonomy":"post_tag","embeddable":true,"href":"https:\/\/www.europesays.com\/fr\/wp-json\/wp\/v2\/tags?post=423300"}],"curies":[{"name":"wp","href":"https:\/\/api.w.org\/{rel}","templated":true}]}}