{"id":423304,"date":"2025-09-28T08:19:27","date_gmt":"2025-09-28T08:19:27","guid":{"rendered":"https:\/\/www.europesays.com\/fr\/423304\/"},"modified":"2025-09-28T08:19:27","modified_gmt":"2025-09-28T08:19:27","slug":"lincroyable-traversee-record-de-tom-constant","status":"publish","type":"post","link":"https:\/\/www.europesays.com\/fr\/423304\/","title":{"rendered":"l\u2019incroyable travers\u00e9e record de Tom Constant"},"content":{"rendered":"<p>            Par<br \/>\n        <strong><br \/>\n            <a href=\"https:\/\/actu.fr\/auteur\/manon-haddouche\" title=\"Consulter tous les articles de Manon Haddouche\" rel=\"nofollow noopener\" target=\"_blank\">Manon Haddouche<\/a><br \/>\n        <\/strong><\/p>\n<p>        Publi\u00e9 le<\/p>\n<p>            26 sept. 2025 \u00e0 12h59        <\/p>\n<p>Le rider <a href=\"https:\/\/www.instagram.com\/tom_const\/\" rel=\"nofollow noopener\" target=\"_blank\"><strong>Tom Constant<\/strong><\/a> a r\u00e9alis\u00e9 un exploit hors norme en traversant notre belle M\u00e9diterran\u00e9e de <strong>Palavas-les-Flots<\/strong> \u00e0 Hy\u00e8res, dans le Var. <strong>199,2 km parcourus en 7 heures et 37 minutes<\/strong>, propuls\u00e9 uniquement par la force de ses jambes, <strong>parfois \u00e0 plus de 15 km des c\u00f4tes<\/strong> : un d\u00e9fi physique et mental qui marque les esprits.<\/p>\n<p>Un d\u00e9part l\u00e0 ou tout \u00e0 commenc\u00e9<\/p>\n<p class=\" wall-content\">L\u2019<strong>athl\u00e8te professionnel<\/strong> de chez<strong> Phantom international<\/strong> est donc parti de Palavas, sa ville d\u2019origine, afin de rejoindre la plage de l\u2019Almanarre \u00e0 Hy\u00e8res. \u00ab\u202fCette travers\u00e9e s\u2019est d\u00e9cid\u00e9e seulement deux jours avant, quand j\u2019ai vu que les conditions \u00e9taient bonnes\u202f\u00bb, raconte-t-il <a href=\"https:\/\/www.instagram.com\/tom_const\/\" rel=\"nofollow noopener\" target=\"_blank\">sur un post Instagram<\/a>.<\/p>\n<p class=\" wall-content\"><strong>Guid\u00e9 par sa montre et un simple cap<\/strong>, il a affront\u00e9 une mer o\u00f9 la terre disparaissait souvent de l\u2019horizon, avec juste un peu d\u2019eau et de nourriture pour tenir le rythme.<\/p>\n<p>    <a href=\"https:\/\/www.google.com\/maps\/embed?pb=!1m18!1m12!1m3!1d49417.81697894523!2d4.027187199999999!3d43.5284003!2m3!1f0!2f0!3f0!3m2!1i1024!2i768!4f13.1!3m3!1m2!1s0x12b6baf4a5683725%3A0xb90ed85ee9f1935a!2s34250%20Palavas-les-Flots!5e1!3m2!1sfr!2sfr!4v1758879333150!5m2!1sfr!2sfr\" title=\"Ouvrie le lien\" rel=\"nofollow noopener\" target=\"_blank\">Cliquez ici pour visualiser le contenu<\/a><\/p>\n<p>Soutien \u00e0 distance et \u00e9nergie partag\u00e9e<\/p>\n<p class=\" wall-content\">Pendant toute la travers\u00e9e, Tom est rest\u00e9 <strong>seul en mer<\/strong>, sans aucune assistance. Il a pu n\u00e9anmoins compter sur la pr\u00e9sence de passionn\u00e9s, curieux et int\u00e9ress\u00e9s qui le suivaient pendant son exploit : \u00ab\u202fGr\u00e2ce au live tracking, vous avez pu me suivre en direct, et lire vos messages sur ma montre m\u2019a donn\u00e9 une \u00e9nergie incroyable dans les moments difficiles\u202f\u00bb, partage-t-il.<\/p>\n<p>Vid\u00e9os : en ce moment sur Actu<\/p>\n<p class=\" wall-content\">Ce qu\u2019il en retient : \u00ab\u00a0Le mental est notre plus grande force. Le corps n\u2019est qu\u2019un outil pour atteindre nos r\u00eaves\u00a0\u00bb. \u00a0Une v\u00e9ritable <strong>vague d\u2019inspiration<\/strong> pour les passionn\u00e9s et les pratiquants de sports nautiques !\u00a0<\/p>\n<p class=\" wall-content\">Personnalisez votre actualit\u00e9 en ajoutant vos villes et m\u00e9dias en favori avec <a href=\"https:\/\/moncompte.actu.fr\" title=\"D\u00e9couvez Mon Actu\" rel=\"nofollow noopener\" data-trk=\"{&quot;cta&quot;:{&quot;action&quot;:&quot;https:\\\/\\\/moncompte.actu.fr&quot;,&quot;category&quot;:&quot;mon compte&quot;,&quot;from&quot;:&quot;article footer&quot;,&quot;name&quot;:&quot;Mon actu&quot;,&quot;type&quot;:&quot;cta&quot;}}\" target=\"_blank\">Mon Actu<\/a>.<\/p>\n<p>                    <script async src=\"\/\/www.instagram.com\/embed.js\"><\/script><\/p>\n","protected":false},"excerpt":{"rendered":"Par Manon Haddouche Publi\u00e9 le 26 sept. 2025 \u00e0 12h59 Le rider Tom Constant a r\u00e9alis\u00e9 un exploit&hellip;\n","protected":false},"author":2,"featured_media":423305,"comment_status":"","ping_status":"","sticky":false,"template":"","format":"standard","meta":{"footnotes":""},"categories":[9599],"tags":[1111,11,1777,674,1011,27,1757,6127,2208,12,2680,25],"class_list":{"0":"post-423304","1":"post","2":"type-post","3":"status-publish","4":"format-standard","5":"has-post-thumbnail","7":"category-montpellier","8":"tag-actu","9":"tag-actualites","10":"tag-eu","11":"tag-europe","12":"tag-fr","13":"tag-france","14":"tag-insolite","15":"tag-mer","16":"tag-montpellier","17":"tag-news","18":"tag-occitanie","19":"tag-republique-francaise"},"share_on_mastodon":{"url":"https:\/\/pubeurope.com\/@fr\/115280947677248116","error":""},"_links":{"self":[{"href":"https:\/\/www.europesays.com\/fr\/wp-json\/wp\/v2\/posts\/423304","targetHints":{"allow":["GET"]}}],"collection":[{"href":"https:\/\/www.europesays.com\/fr\/wp-json\/wp\/v2\/posts"}],"about":[{"href":"https:\/\/www.europesays.com\/fr\/wp-json\/wp\/v2\/types\/post"}],"author":[{"embeddable":true,"href":"https:\/\/www.europesays.com\/fr\/wp-json\/wp\/v2\/users\/2"}],"replies":[{"embeddable":true,"href":"https:\/\/www.europesays.com\/fr\/wp-json\/wp\/v2\/comments?post=423304"}],"version-history":[{"count":0,"href":"https:\/\/www.europesays.com\/fr\/wp-json\/wp\/v2\/posts\/423304\/revisions"}],"wp:featuredmedia":[{"embeddable":true,"href":"https:\/\/www.europesays.com\/fr\/wp-json\/wp\/v2\/media\/423305"}],"wp:attachment":[{"href":"https:\/\/www.europesays.com\/fr\/wp-json\/wp\/v2\/media?parent=423304"}],"wp:term":[{"taxonomy":"category","embeddable":true,"href":"https:\/\/www.europesays.com\/fr\/wp-json\/wp\/v2\/categories?post=423304"},{"taxonomy":"post_tag","embeddable":true,"href":"https:\/\/www.europesays.com\/fr\/wp-json\/wp\/v2\/tags?post=423304"}],"curies":[{"name":"wp","href":"https:\/\/api.w.org\/{rel}","templated":true}]}}