{"id":423310,"date":"2025-09-28T08:25:11","date_gmt":"2025-09-28T08:25:11","guid":{"rendered":"https:\/\/www.europesays.com\/fr\/423310\/"},"modified":"2025-09-28T08:25:11","modified_gmt":"2025-09-28T08:25:11","slug":"arnage-les-inscriptions-pour-la-corrida-ouvrent-mercredi-sur-klikego","status":"publish","type":"post","link":"https:\/\/www.europesays.com\/fr\/423310\/","title":{"rendered":"Arnage. Les inscriptions pour la corrida ouvrent mercredi sur Klikego"},"content":{"rendered":"<p>Comme l\u2019association Arnage coca 72\u00a0l\u2019a d\u00e9sormais institu\u00e9, la corrida d\u2019Arnage, course \u00e0 pied sur route, aura lieu le premier dimanche de l\u2019ann\u00e9e prochaine, soit le 4\u00a0janvier 2026. \u00a0Nous ouvrons les inscriptions le 1er\u00a0octobre, sur Klikego.com uniquement\u00a0, annonce alors le pr\u00e9sident aux manettes de l\u2019organisation, Bruno Aveline. Une nouveaut\u00e9 cette ann\u00e9e devrait permettre de diminuer le nombre d\u2019absents le jour J\u00a0: \u00a0Il va \u00eatre possible d\u2019\u00e9changer les dossards pour ceux qui seraient finalement indisponibles le jour de la course\u00a0. La r\u00e9union des b\u00e9n\u00e9voles, avec r\u00e9partition des t\u00e2ches et postes entre les quelque cent volontaires n\u00e9cessaires au bon d\u00e9roulement des \u00e9preuves, devrait avoir lieu d\u00e9but d\u00e9cembre.<\/p>\n<p>Pour rappel, la course du 5\u00a0km, qualificative pour le championnat de France, s\u2019\u00e9lancera \u00e0 13\u00a0h\u00a030, suivie par la course des familles et enfants \u00e0 14\u00a0h\u00a030, puis le 10\u00a0km \u00e0 15\u00a0h, \u00e9galement qualificatif pour le championnat de France.<\/p>\n<p>Renseignements\u00a0: arnagecoca@gmail.com.<\/p>\n<p>\u00a0<\/p>\n","protected":false},"excerpt":{"rendered":"Comme l\u2019association Arnage coca 72\u00a0l\u2019a d\u00e9sormais institu\u00e9, la corrida d\u2019Arnage, course \u00e0 pied sur route, aura lieu le&hellip;\n","protected":false},"author":2,"featured_media":423311,"comment_status":"","ping_status":"","sticky":false,"template":"","format":"standard","meta":{"footnotes":""},"categories":[2821],"tags":[1111,11,55258,829,45176,1777,674,1011,27,21471,55259,2047,6774,12,4931,584,25],"class_list":{"0":"post-423310","1":"post","2":"type-post","3":"status-publish","4":"format-standard","5":"has-post-thumbnail","7":"category-rennes","8":"tag-actu","9":"tag-actualites","10":"tag-arnage","11":"tag-bretagne","12":"tag-corrida","13":"tag-eu","14":"tag-europe","15":"tag-fr","16":"tag-france","17":"tag-inscriptions","18":"tag-klikego","19":"tag-mans","20":"tag-mercredi","21":"tag-news","22":"tag-ouvrent","23":"tag-rennes","24":"tag-republique-francaise"},"share_on_mastodon":{"url":"https:\/\/pubeurope.com\/@fr\/115280971337979592","error":""},"_links":{"self":[{"href":"https:\/\/www.europesays.com\/fr\/wp-json\/wp\/v2\/posts\/423310","targetHints":{"allow":["GET"]}}],"collection":[{"href":"https:\/\/www.europesays.com\/fr\/wp-json\/wp\/v2\/posts"}],"about":[{"href":"https:\/\/www.europesays.com\/fr\/wp-json\/wp\/v2\/types\/post"}],"author":[{"embeddable":true,"href":"https:\/\/www.europesays.com\/fr\/wp-json\/wp\/v2\/users\/2"}],"replies":[{"embeddable":true,"href":"https:\/\/www.europesays.com\/fr\/wp-json\/wp\/v2\/comments?post=423310"}],"version-history":[{"count":0,"href":"https:\/\/www.europesays.com\/fr\/wp-json\/wp\/v2\/posts\/423310\/revisions"}],"wp:featuredmedia":[{"embeddable":true,"href":"https:\/\/www.europesays.com\/fr\/wp-json\/wp\/v2\/media\/423311"}],"wp:attachment":[{"href":"https:\/\/www.europesays.com\/fr\/wp-json\/wp\/v2\/media?parent=423310"}],"wp:term":[{"taxonomy":"category","embeddable":true,"href":"https:\/\/www.europesays.com\/fr\/wp-json\/wp\/v2\/categories?post=423310"},{"taxonomy":"post_tag","embeddable":true,"href":"https:\/\/www.europesays.com\/fr\/wp-json\/wp\/v2\/tags?post=423310"}],"curies":[{"name":"wp","href":"https:\/\/api.w.org\/{rel}","templated":true}]}}