{"id":423314,"date":"2025-09-28T08:27:12","date_gmt":"2025-09-28T08:27:12","guid":{"rendered":"https:\/\/www.europesays.com\/fr\/423314\/"},"modified":"2025-09-28T08:27:12","modified_gmt":"2025-09-28T08:27:12","slug":"alsace-il-y-a-80-ans-les-alsaciennes-votaient-pour-la-premiere-fois","status":"publish","type":"post","link":"https:\/\/www.europesays.com\/fr\/423314\/","title":{"rendered":"Alsace. Il y a 80 ans, les Alsaciennes votaient pour la premi\u00e8re fois"},"content":{"rendered":"<p>Les \u00e9lections municipales du printemps 1945 constitu\u00e8rent la premi\u00e8re occasion pour les femmes fran\u00e7aises d\u2019exercer le droit de vote, acquis l\u2019ann\u00e9e pr\u00e9c\u00e9dente. Mais en raison des combats tardifs qui ont frapp\u00e9 les contr\u00e9es de l\u2019Est, les \u00e9lections municipales furent d\u00e9cal\u00e9es \u00e0 l\u2019automne dans les deux d\u00e9partements alsaciens, ainsi qu\u2019en Moselle et dans le Territoire de Belfort. C\u2019\u00e9tait il y a 80 ans exactement, les 23 et 30\u00a0septembre 1945, en m\u00eame temps que les \u00e9lections cantonales.<\/p>\n<p>Le droit de vote est aussi le droit d\u2019\u00eatre \u00e9lue. Et en la mati\u00e8re, la marche vers la parit\u00e9 a \u00e9t\u00e9 tr\u00e8s longue. En 1945, sur les quelque 12\u00a0000 conseillers municipaux alsaciens \u00e9lus, une poign\u00e9e seulement sont des femmes. Il y a notamment trois \u00e9lues au conseil municipal de Strasbourg, M mes \u00a0Fath, Daul et Diebold, et une \u00e0 Neuwiller-l\u00e8s-Saverne, Marthe Boulay.<\/p>\n<p>En 1946, la Mulhousienne Marie-Louise Weber (MRP) est la premi\u00e8re femme alsacienne d\u00e9put\u00e9e. \u00c9lue conseill\u00e8re municipale en 1949, elle sera adjointe au maire \u00e0 partir de 1953.<\/p>\n<p>Les \u00e9lections de 1965 voient entrer dans les conseils municipaux alsaciens 20 femmes dans le Bas-Rhin soit un taux de f\u00e9minisation de 0,27\u00a0% ) et 24 dans le Haut-Rhin (0,45\u00a0%). C\u2019est tr\u00e8s peu et l\u2019Alsace est d\u2019ailleurs tr\u00e8s largement sous la moyenne nationale, qui n\u2019est que de 2,3\u00a0%.<\/p>\n<p>La progression est lente. Six ans plus tard, 65 femmes alsaciennes sont \u00e9lues conseill\u00e8res municipales et il faut attendre l\u2019ann\u00e9e suivante pour voir, pour la premi\u00e8re fois en Alsace, une femme acc\u00e9der \u00e0 la fonction de maire. C\u2019est Alice Leissner, \u00e0 Mutzig. Elle succ\u00e8de en 1972 \u00e0 son mari d\u00e9c\u00e9d\u00e9 en cours de mandat.<\/p>\n<p>  Le lent chemin vers la parit\u00e9<\/p>\n<p>En 1986, la Strasbourgeoise <a href=\"https:\/\/www.dna.fr\/p\/catherine-trautmann\" target=\"_blank\" rel=\"noopener\">Catherine Trautmann<\/a> (PS) devient la premi\u00e8re d\u00e9put\u00e9e du Bas-Rhin et en 1989 la premi\u00e8re maire d\u2019une ville fran\u00e7aise de plus de 100\u00a0000 habitants, \u00e0 Strasbourg. Cette ann\u00e9e-l\u00e0, elles sont 14 femmes \u00e9lues premi\u00e8res magistrates en Alsace, dont une maire d\u00e9l\u00e9gu\u00e9e, Alice Morel, \u00e9lue en 1977 et toujours en fonction aujourd\u2019hui \u00e0 Bellefosse. Le chemin vers la parit\u00e9 en politique est tr\u00e8s lent en g\u00e9n\u00e9ral et en Alsace en particulier, on le voit.<\/p>\n<p>La premi\u00e8re conseill\u00e8re d\u00e9partementale est \u00e9lue en 1992, il s\u2019agit de Fabienne Keller (UDF) dans le Bas-Rhin. En 2004 sont \u00e9lues les premi\u00e8res s\u00e9natrices alsaciennes\u00a0: Fabienne Keller et Esther Sittler (UMP) dans le Bas-Rhin, <a href=\"https:\/\/www.dna.fr\/p\/patricia-schillinger\" target=\"_blank\" rel=\"noopener\">Patricia Schillinger<\/a> (PS) dans le Haut-Rhin. En 2017, <a href=\"https:\/\/www.dna.fr\/p\/brigitte-klinkert\" target=\"_blank\" rel=\"noopener\">Brigitte Klinkert<\/a> (LR) est la premi\u00e8re femme \u00e0 la t\u00eate d\u2019un conseil g\u00e9n\u00e9ral alsacien.<\/p>\n<p>Pour en revenir aux communes, en 2014, 10\u00a0% seulement des maires alsaciens sont des femmes. C\u2019est sept points en dessous de la moyenne nationale, mais la proportion de femmes dans les conseils municipaux n\u2019a cess\u00e9 de progresser \u00e0 la faveur des lois instaurant la parit\u00e9. \u00c0 l\u2019issue des \u00e9lections de 2020, il y a 138 femmes maires et 42\u00a0% de conseill\u00e8res municipales\u00a0; une moyenne qui tombe sous les 39\u00a0% avec les communes de moins de 1\u00a0000 habitants.<\/p>\n<p><a href=\"https:\/\/www.dna.fr\/elections\/2025\/09\/27\/comment-la-parite-secoue-les-campagnes-dans-les-petites-communes\" target=\"_blank\" rel=\"noopener\">Mais la loi impose d\u00e9sormais la parit\u00e9 aux petites communes \u00e9galement d\u00e8s les \u00e9lections de l\u2019ann\u00e9e prochaine<\/a>. Les conseils municipaux seront d\u00e8s lors paritaires de fa\u00e7on quasi parfaite, 81 ans apr\u00e8s la premi\u00e8re participation des femmes aux \u00e9lections municipales.<\/p>\n","protected":false},"excerpt":{"rendered":"Les \u00e9lections municipales du printemps 1945 constitu\u00e8rent la premi\u00e8re occasion pour les femmes fran\u00e7aises d\u2019exercer le droit de&hellip;\n","protected":false},"author":2,"featured_media":423315,"comment_status":"","ping_status":"","sticky":false,"template":"","format":"standard","meta":{"footnotes":""},"categories":[2820],"tags":[1111,11,2389,15107,1777,674,107,1011,27,775,12,316,25,640],"class_list":{"0":"post-423314","1":"post","2":"type-post","3":"status-publish","4":"format-standard","5":"has-post-thumbnail","7":"category-strasbourg","8":"tag-actu","9":"tag-actualites","10":"tag-alsace","11":"tag-chuchotements","12":"tag-eu","13":"tag-europe","14":"tag-fil-info","15":"tag-fr","16":"tag-france","17":"tag-grand-est","18":"tag-news","19":"tag-politique","20":"tag-republique-francaise","21":"tag-strasbourg"},"share_on_mastodon":{"url":"https:\/\/pubeurope.com\/@fr\/115280979182470556","error":""},"_links":{"self":[{"href":"https:\/\/www.europesays.com\/fr\/wp-json\/wp\/v2\/posts\/423314","targetHints":{"allow":["GET"]}}],"collection":[{"href":"https:\/\/www.europesays.com\/fr\/wp-json\/wp\/v2\/posts"}],"about":[{"href":"https:\/\/www.europesays.com\/fr\/wp-json\/wp\/v2\/types\/post"}],"author":[{"embeddable":true,"href":"https:\/\/www.europesays.com\/fr\/wp-json\/wp\/v2\/users\/2"}],"replies":[{"embeddable":true,"href":"https:\/\/www.europesays.com\/fr\/wp-json\/wp\/v2\/comments?post=423314"}],"version-history":[{"count":0,"href":"https:\/\/www.europesays.com\/fr\/wp-json\/wp\/v2\/posts\/423314\/revisions"}],"wp:featuredmedia":[{"embeddable":true,"href":"https:\/\/www.europesays.com\/fr\/wp-json\/wp\/v2\/media\/423315"}],"wp:attachment":[{"href":"https:\/\/www.europesays.com\/fr\/wp-json\/wp\/v2\/media?parent=423314"}],"wp:term":[{"taxonomy":"category","embeddable":true,"href":"https:\/\/www.europesays.com\/fr\/wp-json\/wp\/v2\/categories?post=423314"},{"taxonomy":"post_tag","embeddable":true,"href":"https:\/\/www.europesays.com\/fr\/wp-json\/wp\/v2\/tags?post=423314"}],"curies":[{"name":"wp","href":"https:\/\/api.w.org\/{rel}","templated":true}]}}