{"id":423318,"date":"2025-09-28T08:29:13","date_gmt":"2025-09-28T08:29:13","guid":{"rendered":"https:\/\/www.europesays.com\/fr\/423318\/"},"modified":"2025-09-28T08:29:13","modified_gmt":"2025-09-28T08:29:13","slug":"nice-la-rue-pietonne-va-etre-totalement-transformee-les-premieres-idees-evoquees","status":"publish","type":"post","link":"https:\/\/www.europesays.com\/fr\/423318\/","title":{"rendered":"Nice. La rue pi\u00e9tonne va \u00eatre totalement transform\u00e9e : les premi\u00e8res id\u00e9es \u00e9voqu\u00e9es"},"content":{"rendered":"<p>            Par<br \/>\n        <strong><br \/>\n            <a href=\"https:\/\/actu.fr\/auteur\/ugo-maillard\" title=\"Consulter tous les articles de Ugo Maillard\" rel=\"nofollow noopener\" target=\"_blank\">Ugo Maillard<\/a><br \/>\n        <\/strong><\/p>\n<p>        Publi\u00e9 le<\/p>\n<p>            28 sept. 2025 \u00e0 9h26        <\/p>\n<p>Une rue historique et embl\u00e9matique de la ville de Nice (<a href=\"https:\/\/actu.fr\/provence-alpes-cote-d-azur\/alpes-maritimes_06\" rel=\"nofollow noopener\" target=\"_blank\">Alpes-Maritimes<\/a>). Dans les prochains mois, des <strong>travaux<\/strong> de grande ampleur vont d\u00e9buter sur la rue Mass\u00e9na, dans le centre-ville. Cette art\u00e8re <strong>pi\u00e9tonne<\/strong> fr\u00e9quent\u00e9e par les touristes et les habitants du quartier s\u2019appr\u00eate \u00e0 \u00eatre transform\u00e9e. Une volont\u00e9 des services municipaux, largement soutenue par les Ni\u00e7ois en demande d\u2019un renouveau dans le quartier. Comme la loi l\u2019oblige, une concertation publique est en cours jusqu\u2019au d\u00e9but du mois d\u2019octobre\u00a02025. L\u2019occasion pour la Ville de r\u00e9colter les demandes et envies de la population.<\/p>\n<p class=\" wall-content\">La r\u00e9daction d\u2019<a href=\"https:\/\/actu.fr\/nice\/\" rel=\"nofollow noopener\" target=\"_blank\">actu Nice<\/a> s\u2019est gliss\u00e9e dans une r\u00e9union publique, organis\u00e9e ce 23\u00a0septembre. Voici ce qui en ressort.<\/p>\n<p>Des avis alarmants<\/p>\n<p class=\" wall-content\">Annonc\u00e9e par Christian Estrosi en avril\u00a02025, la requalification de la rue pi\u00e9tonne qui permet de relier la place Mass\u00e9na \u00e0 la rue de France est <strong>une aubaine, notamment pour les commer\u00e7ants.<\/strong><\/p>\n<p>    <a href=\"https:\/\/www.google.com\/maps\/embed?pb=!1m18!1m12!1m3!1d2884.623441184532!2d7.264632976532524!3d43.69759134955804!2m3!1f0!2f0!3f0!3m2!1i1024!2i768!4f13.1!3m3!1m2!1s0x12cddaa0c2b14fc7%3A0xcb0539cd86b5b7b5!2sRue%20Massena%2C%2006000%20Nice!5e0!3m2!1sfr!2sfr!4v1758717828285!5m2!1sfr!2sfr\" title=\"Ouvrie le lien\" rel=\"nofollow noopener\" target=\"_blank\">Cliquez ici pour visualiser le contenu<\/a><\/p>\n<p class=\" wall-content\">\u00ab\u2009Il y a beaucoup de choses \u00e0 faire\u2009\u00bb\u2009; \u00ab\u2009\u00c7a manque d\u2019\u00e9clairage, la nuit, on n\u2019y voit rien\u2009\u00bb\u2009; \u00ab\u2009Les pav\u00e9s, il est temps de les changer car les gens tombent quotidiennement\u2009\u00bb\u2009; \u00ab\u2009Les plantes en pot, c\u2019est un truc \u00e0 cigarettes, \u00e7a sert de poubelles\u2009\u00bb, <a href=\"https:\/\/actu.fr\/provence-alpes-cote-d-azur\/nice_06088\/nice-cette-rue-bientot-renovee-salete-paves-dangereux-ils-donnent-leur-avis_62508339.html\" rel=\"nofollow noopener\" target=\"_blank\">expliquaient les Ni\u00e7ois<\/a> rencontr\u00e9s en avril.<\/p>\n<p class=\" wall-content\">C\u2019est donc avec des attentes et une ambition de rigueur que les services municipaux ont \u00e9voqu\u00e9 les premi\u00e8res pistes de r\u00e9flexion.<\/p>\n<p>    <img   decoding=\"async\" loading=\"lazy\" src=\"https:\/\/www.europesays.com\/fr\/wp-content\/uploads\/2025\/09\/nice-pietonne-travaux-960x640.png\" alt=\"Le sol de la rue Mass\u00e9na se d\u00e9grade \u00e0 vue d'oeil.\" width=\"960\" height=\"640\"\/><br \/>\n    Le sol de la rue Mass\u00e9na se d\u00e9grade \u00e0 vue d\u2019\u0153il. (\u00a9Ugo Maillard \/ actu Nice)<\/p>\n<p>Votre r\u00e9gion, votre actu !<\/p>\n<p>Recevez chaque jour les infos qui comptent pour vous.<\/p>\n<p>\t<a href=\"https:\/\/actu.fr\/newsletter\" class=\"ac-btn ac-btn--corner ac-btn--medium ac-btn--blue800\" rel=\"nofollow noopener\" target=\"_blank\">S&rsquo;incrire<\/a><br \/>\nPriorit\u00e9s sur la v\u00e9g\u00e9talisation et le sol<\/p>\n<p class=\" wall-content\">Du 10\u00a0septembre au 10\u00a0octobre 2025, une consultation publique est ouverte avec la possibilit\u00e9 de donner son avis via une adresse mail\u2009: <a href=\"https:\/\/actu.fr\/cdn-cgi\/l\/email-protection\" class=\"__cf_email__\" data-cfemail=\"7d1e12131e180f091c0914121353070d101c0e0e18131c3d13141e181e120918191c07080f53120f1a\" rel=\"nofollow noopener\" target=\"_blank\">[email\u00a0protected]<\/a> et des registres de concertations papiers mis \u00e0 disposition \u00e0 Nice, dans le kiosque du miroir d\u2019eau sur la promenade du Paillon et au point Info place Mass\u00e9na.<\/p>\n<p class=\" wall-content\">Lors d\u2019une r\u00e9union publique, les services de la Ville et de la M\u00e9tropole de Nice ont livr\u00e9 quelques orientations. Si <strong>rien n\u2019est d\u00e9finitif<\/strong> \u00e0 ce stade, l\u2019objectif est de se concentrer sur la v\u00e9g\u00e9talisation de la rue et sur la refonte du sol.<\/p>\n<p class=\" wall-content\">Cette zone, devenue pi\u00e9tonne dans les ann\u00e9es 1970, <strong>pourrait changer de rev\u00eatement<\/strong>. Des r\u00e9flexions sont \u00e9galement men\u00e9es sur les terrasses des restaurants, sur les cr\u00e9neaux de livraison ou encore sur la localisation des poubelles.<\/p>\n<p class=\" wall-content\">Une attention particuli\u00e8re est aussi port\u00e9e sur le croisement entre la rue pi\u00e9tonne et la rue de Su\u00e8de tant elle pose des questions quant au partage de l\u2019espace entre les modes de d\u00e9placement.<\/p>\n<p>    <img   decoding=\"async\" loading=\"lazy\" src=\"https:\/\/www.europesays.com\/fr\/wp-content\/uploads\/2025\/09\/nice-pietonne-voiture-960x640.png\" alt=\"Le croisement entre la rue pi\u00e9tonne et la rue de Su\u00e8de est un point de r\u00e9flexion.\" width=\"960\" height=\"640\"\/><br \/>\n    Le croisement entre la rue pi\u00e9tonne et la rue de Su\u00e8de est un point de r\u00e9flexion. (\u00a9Ugo Maillard \/ actu Nice)<\/p>\n<p class=\" wall-content\">Parmi la trentaine de Ni\u00e7ois pr\u00e9sents, un <strong>d\u00e9bat sur l\u2019uniformisation des terrasses<\/strong> (\u00e0 l\u2019image de ce qui a \u00e9t\u00e9 fait dans le Carr\u00e9 d\u2019Or pour les commerces) a \u00e9t\u00e9 pos\u00e9, avec des points de vue divergents.<\/p>\n<p>Environ deux ann\u00e9es de travaux<\/p>\n<p class=\" wall-content\">Parmi les points d\u2019inqui\u00e9tudes soulev\u00e9s par les riverains et commer\u00e7ants, les travaux et l\u2019impact que ces derniers auront sur l\u2019activit\u00e9 de la rue Mass\u00e9na.<\/p>\n<p class=\" wall-content\">\u00c0 l\u2019instar de ce qui a \u00e9t\u00e9 annonc\u00e9 par Christian Estrosi en avril, le d\u00e9but des travaux est pr\u00e9vu pour l\u2019ann\u00e9e 2027. Plusieurs phases de travaux sont envisag\u00e9es avec des fermetures partielles ou totales de la rue.<\/p>\n<p class=\" wall-content\">Le but \u00e9tant de minimiser les cons\u00e9quences de la refonte de la pi\u00e9tonne pour les commer\u00e7ants. La dur\u00e9e des travaux reste floue, mais les estimations sont de <strong>deux ans, minimum<\/strong>.<\/p>\n<p class=\" wall-content\">Personnalisez votre actualit\u00e9 en ajoutant vos villes et m\u00e9dias en favori avec <a href=\"https:\/\/moncompte.actu.fr\" title=\"D\u00e9couvez Mon Actu\" rel=\"nofollow noopener\" data-trk=\"{&quot;cta&quot;:{&quot;action&quot;:&quot;https:\\\/\\\/moncompte.actu.fr&quot;,&quot;category&quot;:&quot;mon compte&quot;,&quot;from&quot;:&quot;article footer&quot;,&quot;name&quot;:&quot;Mon actu&quot;,&quot;type&quot;:&quot;cta&quot;}}\" target=\"_blank\">Mon Actu<\/a>.<\/p>\n","protected":false},"excerpt":{"rendered":"Par Ugo Maillard Publi\u00e9 le 28 sept. 2025 \u00e0 9h26 Une rue historique et embl\u00e9matique de la ville&hellip;\n","protected":false},"author":2,"featured_media":423319,"comment_status":"","ping_status":"","sticky":false,"template":"","format":"standard","meta":{"footnotes":""},"categories":[2819],"tags":[1111,11,1777,674,1011,27,12,2401,882,25,104,2086],"class_list":{"0":"post-423318","1":"post","2":"type-post","3":"status-publish","4":"format-standard","5":"has-post-thumbnail","7":"category-nice","8":"tag-actu","9":"tag-actualites","10":"tag-eu","11":"tag-europe","12":"tag-fr","13":"tag-france","14":"tag-news","15":"tag-nice","16":"tag-provence-alpes-cote-dazur","17":"tag-republique-francaise","18":"tag-societe","19":"tag-travaux"},"share_on_mastodon":{"url":"https:\/\/pubeurope.com\/@fr\/115280987742513488","error":""},"_links":{"self":[{"href":"https:\/\/www.europesays.com\/fr\/wp-json\/wp\/v2\/posts\/423318","targetHints":{"allow":["GET"]}}],"collection":[{"href":"https:\/\/www.europesays.com\/fr\/wp-json\/wp\/v2\/posts"}],"about":[{"href":"https:\/\/www.europesays.com\/fr\/wp-json\/wp\/v2\/types\/post"}],"author":[{"embeddable":true,"href":"https:\/\/www.europesays.com\/fr\/wp-json\/wp\/v2\/users\/2"}],"replies":[{"embeddable":true,"href":"https:\/\/www.europesays.com\/fr\/wp-json\/wp\/v2\/comments?post=423318"}],"version-history":[{"count":0,"href":"https:\/\/www.europesays.com\/fr\/wp-json\/wp\/v2\/posts\/423318\/revisions"}],"wp:featuredmedia":[{"embeddable":true,"href":"https:\/\/www.europesays.com\/fr\/wp-json\/wp\/v2\/media\/423319"}],"wp:attachment":[{"href":"https:\/\/www.europesays.com\/fr\/wp-json\/wp\/v2\/media?parent=423318"}],"wp:term":[{"taxonomy":"category","embeddable":true,"href":"https:\/\/www.europesays.com\/fr\/wp-json\/wp\/v2\/categories?post=423318"},{"taxonomy":"post_tag","embeddable":true,"href":"https:\/\/www.europesays.com\/fr\/wp-json\/wp\/v2\/tags?post=423318"}],"curies":[{"name":"wp","href":"https:\/\/api.w.org\/{rel}","templated":true}]}}