{"id":423320,"date":"2025-09-28T08:30:18","date_gmt":"2025-09-28T08:30:18","guid":{"rendered":"https:\/\/www.europesays.com\/fr\/423320\/"},"modified":"2025-09-28T08:30:18","modified_gmt":"2025-09-28T08:30:18","slug":"a8-sorties-nice-aeroport-n51-et-carros-n51-1-direction-italie","status":"publish","type":"post","link":"https:\/\/www.europesays.com\/fr\/423320\/","title":{"rendered":"A8 sorties Nice A\u00e9roport N\u00b051 et Carros N\u00b051.1 direction Italie"},"content":{"rendered":"<ol class=\"breadcrumb\" itemscope=\"\" itemtype=\"https:\/\/schema.org\/BreadcrumbList\">\n<li itemprop=\"itemListElement\" itemscope=\"\" itemtype=\"https:\/\/schema.org\/ListItem\">\n                    <a itemprop=\"item\" href=\"https:\/\/radio.vinci-autoroutes.com\/\" target=\"_blank\" rel=\"noopener\"><br \/>\n                        Accueil<br \/>\n                    <\/a><\/p>\n<\/li>\n<li itemprop=\"itemListElement\" itemscope=\"\" itemtype=\"https:\/\/schema.org\/ListItem\">\n                        <a itemprop=\"item\" href=\"https:\/\/radio.vinci-autoroutes.com\/rubrique\/infotrafic\" target=\"_blank\" rel=\"noopener\"><br \/>\n                            Actu trafic<br \/>\n                        <\/a><\/p>\n<\/li>\n<li itemprop=\"itemListElement\" itemscope=\"\" itemtype=\"https:\/\/schema.org\/ListItem\">\n                        <a itemprop=\"item\" href=\"https:\/\/radio.vinci-autoroutes.com\/rubrique\/travaux\" target=\"_blank\" rel=\"noopener\"><br \/>\n                            Travaux<br \/>\n                        <\/a><\/p>\n<\/li>\n<\/ol>\n<p class=\"article-chapeau\" itemprop=\"description\">Dans la r\u00e9gion de Nice, les 2 nuits du lundi 29 septembre au mercredi 1 octobre, \u00e0 partir de 21h et au plus tard jusqu\u2019\u00e0 06h du matin, les sorties Nice-A\u00e9roport N\u00b051 et Carros N\u00b051.1 de l\u2019autoroute A8, sont ferm\u00e9es, en direction de l&rsquo;Italie, pour r\u00e9nover la chauss\u00e9e.<\/p>\n<p class=\"article-author\">Auteur : Christophe Cherchour<\/p>\n<p class=\"article-modification\">Derni\u00e8re modification : 28\/09\/2025 09:46<\/p>\n<p>                <img decoding=\"async\" src=\"https:\/\/www.europesays.com\/fr\/wp-content\/uploads\/2025\/04\/M-nuit-generique-balisage-W-DANIELS.jpg\" alt=\"A8 sorties Nice A\u00e9roport N\u00b051 et Carros N\u00b051.1 direction Italie\"\/><\/p>\n<p>                                                    0:22\n                                            <\/p>\n<p class=\"legende\">Balisage en action sur la chauss\u00e9e de nuit<\/p>\n<p>                            \u00a9 VINCI Autoroutes &#8211; W DANIELS                        <\/p>\n<p>\n        Vous pouvez sortir avant, \u00e0 Saint-Laurent-du-Var N\u00b049 ou apr\u00e8s, \u00e0 Nice Saint-Isidore N\u00b052.    <\/p>\n<p>            Pour approfondir le sujet<\/p>\n<p>        Partager cet article<\/p>\n","protected":false},"excerpt":{"rendered":"Accueil Actu trafic Travaux Dans la r\u00e9gion de Nice, les 2 nuits du lundi 29 septembre au mercredi&hellip;\n","protected":false},"author":2,"featured_media":27775,"comment_status":"","ping_status":"","sticky":false,"template":"","format":"standard","meta":{"footnotes":""},"categories":[2819],"tags":[1111,11,663,55260,13635,1777,674,1011,27,452,9865,12,2401,35025,882,16,25,395,1669],"class_list":{"0":"post-423320","1":"post","2":"type-post","3":"status-publish","4":"format-standard","5":"has-post-thumbnail","7":"category-nice","8":"tag-actu","9":"tag-actualites","10":"tag-aeroport","11":"tag-carros","12":"tag-direction","13":"tag-eu","14":"tag-europe","15":"tag-fr","16":"tag-france","17":"tag-italie","18":"tag-lundi","19":"tag-news","20":"tag-nice","21":"tag-nuits","22":"tag-provence-alpes-cote-dazur","23":"tag-region","24":"tag-republique-francaise","25":"tag-septembre","26":"tag-sorties"},"share_on_mastodon":{"url":"https:\/\/pubeurope.com\/@fr\/115280991059886891","error":""},"_links":{"self":[{"href":"https:\/\/www.europesays.com\/fr\/wp-json\/wp\/v2\/posts\/423320","targetHints":{"allow":["GET"]}}],"collection":[{"href":"https:\/\/www.europesays.com\/fr\/wp-json\/wp\/v2\/posts"}],"about":[{"href":"https:\/\/www.europesays.com\/fr\/wp-json\/wp\/v2\/types\/post"}],"author":[{"embeddable":true,"href":"https:\/\/www.europesays.com\/fr\/wp-json\/wp\/v2\/users\/2"}],"replies":[{"embeddable":true,"href":"https:\/\/www.europesays.com\/fr\/wp-json\/wp\/v2\/comments?post=423320"}],"version-history":[{"count":0,"href":"https:\/\/www.europesays.com\/fr\/wp-json\/wp\/v2\/posts\/423320\/revisions"}],"wp:featuredmedia":[{"embeddable":true,"href":"https:\/\/www.europesays.com\/fr\/wp-json\/wp\/v2\/media\/27775"}],"wp:attachment":[{"href":"https:\/\/www.europesays.com\/fr\/wp-json\/wp\/v2\/media?parent=423320"}],"wp:term":[{"taxonomy":"category","embeddable":true,"href":"https:\/\/www.europesays.com\/fr\/wp-json\/wp\/v2\/categories?post=423320"},{"taxonomy":"post_tag","embeddable":true,"href":"https:\/\/www.europesays.com\/fr\/wp-json\/wp\/v2\/tags?post=423320"}],"curies":[{"name":"wp","href":"https:\/\/api.w.org\/{rel}","templated":true}]}}