{"id":423321,"date":"2025-09-28T08:31:12","date_gmt":"2025-09-28T08:31:12","guid":{"rendered":"https:\/\/www.europesays.com\/fr\/423321\/"},"modified":"2025-09-28T08:31:12","modified_gmt":"2025-09-28T08:31:12","slug":"la-cathedrale-a-rouvert-ses-portes-cinq-ans-apres-lincendie-criminel","status":"publish","type":"post","link":"https:\/\/www.europesays.com\/fr\/423321\/","title":{"rendered":"La cath\u00e9drale a rouvert ses portes, cinq ans apr\u00e8s l\u2019incendie criminel"},"content":{"rendered":"<p> \u00abIl y a tout juste cinq ans, la <a href=\"https:\/\/www.20minutes.fr\/nantes\/4173686-20250917-nantes-apres-cinq-ans-silence-cloches-cathedrale-retentiront-nouveau-vendredi\" target=\"_blank\" class=\"c-link c-link--is-underlined\" rel=\"nofollow noopener\">cath\u00e9drale de Nantes<\/a> \u00e9tait frapp\u00e9e par un drame qui nous a tous boulevers\u00e9s\u00a0\u00bb, a prononc\u00e9 samedi la ministre de la Culture d\u00e9missionnaire <a href=\"https:\/\/www.20minutes.fr\/politique\/rachida_dati\" target=\"_blank\" class=\"c-link c-link--is-underlined\" rel=\"nofollow noopener\">Rachida Dati<\/a> sur le parvis de l\u2019\u00e9difice.<\/p>\n<p>Le monument a rouvert ses portes samedi, plus de cinq ans apr\u00e8s l\u2019incendie volontaire de juillet\u00a02020, qui avait provoqu\u00e9 de lourds d\u00e9g\u00e2ts sur l\u2019\u00e9difice class\u00e9 au titre des monuments historiques. \u00ab\u00a0En quelques heures, l\u2019histoire a sembl\u00e9 se r\u00e9p\u00e9ter dramatiquement, puisqu\u2019apr\u00e8s <a href=\"https:\/\/www.20minutes.fr\/dossier\/dame-paris\" target=\"_blank\" class=\"c-link c-link--is-underlined\" rel=\"nofollow noopener\">Notre-Dame de Paris<\/a>, c\u2019\u00e9tait Saint-Pierre-et-Saint-Paul de Nantes qui \u00e9tait gravement endommag\u00e9e par les flammes. L\u2019incendie du 18\u00a0juillet 2020 a d\u00e9truit des tr\u00e9sors irrempla\u00e7ables\u00a0\u00bb, a poursuivi la ministre lors des festivit\u00e9s organis\u00e9es en l\u2019honneur de la r\u00e9ouverture.<\/p>\n<p>Toujours en restauration<\/p>\n<p>La cath\u00e9drale Saint-Pierre-et-Saint-Paul \u00e9tait ferm\u00e9e au public depuis l\u2019incendie. Les <a href=\"https:\/\/www.20minutes.fr\/societe\/4170728-20250902-essonne-loto-patrimoine-mobilise-restaurer-site-emblematique\" target=\"_blank\" class=\"c-link c-link--is-underlined\" rel=\"nofollow noopener\">travaux de restauration<\/a> ne sont cependant pas termin\u00e9s, et doivent se poursuivre jusqu\u2019en\u00a02028. \u00ab\u00a0Pour reb\u00e2tir, il a fallu des m\u00e9thodes nouvelles, \u00e0 la hauteur du drame qui venait de se jouer. D\u00e9blayer, s\u00e9curiser, d\u00e9polluer, prot\u00e9ger, tout en projetant la cath\u00e9drale vers l\u2019avenir. Chaque \u00e9tape a repr\u00e9sent\u00e9 un d\u00e9fi\u00a0\u00bb, a salu\u00e9 Rachida Dati. \u00ab\u00a0Partout o\u00f9 cela a \u00e9t\u00e9 possible, le choix a \u00e9t\u00e9 de restaurer \u00e0 l\u2019identique\u00a0\u00bb, a-t-elle rappel\u00e9.<\/p>\n<p>Une longue b\u00e2che verte barre encore la fa\u00e7ade de la cath\u00e9drale, tendue devant la verri\u00e8re d\u00e9truite lors de l\u2019incendie. Le sinistre avait notamment provoqu\u00e9 l\u2019effondrement de l\u2019orgue de tribune, la destruction du clavier de l\u2019orgue de ch\u0153ur, d\u2019un tableau de\u00a01836 d\u2019Hippolyte Flandrin et fragilis\u00e9 des ma\u00e7onneries.<\/p>\n<p>Moment d\u2019\u00e9motion<\/p>\n<p>La maire de Nantes, <a href=\"https:\/\/www.20minutes.fr\/dossier\/johanna_rolland\" target=\"_blank\" class=\"c-link c-link--is-underlined\" rel=\"nofollow noopener\">Johanna Rolland<\/a>, a exprim\u00e9 sa \u00ab\u00a0joie de retrouver notre cath\u00e9drale, la joie de pouvoir bient\u00f4t p\u00e9n\u00e9trer dans l\u2019\u00e9difice, le bonheur des retrouvailles\u00a0\u00bb cinq ans apr\u00e8s le choc \u00ab\u00a0indicible\u00a0\u00bb et la \u00ab\u00a0tristesse r\u00e9elle\u00a0\u00bb provoqu\u00e9s de l\u2019incendie. L\u2019\u00e9v\u00eaque de Nantes, Monseigneur Laurent Percerou, a de son c\u00f4t\u00e9 dit son \u00ab\u00a0\u00e9motion\u00a0\u00bb de retrouver la cath\u00e9drale \u00ab\u00a0encore convalescente mais bien debout\u00a0\u00bb.<\/p>\n<\/p>\n<p>Les travaux, men\u00e9s sous la ma\u00eetrise d\u2019\u0153uvre de Pascal Prunet, architecte en chef des monuments historiques, sont financ\u00e9s par l\u2019Etat pour un montant \u00e0 terme de 32\u00a0millions d\u2019euros. Des fouilles arch\u00e9ologiques men\u00e9es \u00e0 l\u2019occasion des travaux ont mis au jour les fondations de l\u2019ancienne nef et plusieurs s\u00e9pultures.<\/p>\n<p>Le 18 juillet\u00a02020, trois foyers d\u2019incendie avaient \u00e9t\u00e9 allum\u00e9s au sein de la cath\u00e9drale. Les soup\u00e7ons s\u2019\u00e9taient rapidement port\u00e9s sur <a href=\"https:\/\/www.20minutes.fr\/justice\/4030144-20230329-nantes-incendiaire-cathedrale-condamne-quatre-ans-prison\" target=\"_blank\" class=\"c-link c-link--is-underlined\" rel=\"nofollow noopener\">Emmanuel Abayisenga<\/a>, b\u00e9n\u00e9vole rwandais, pass\u00e9 aux aveux une semaine plus tard. Il a \u00e9t\u00e9 condamn\u00e9 en\u00a02023 \u00e0 quatre ans de prison ferme par le tribunal correctionnel. Emmanuel Abayisenga a \u00e9t\u00e9 depuis renvoy\u00e9 devant une cour d\u2019assises o\u00f9 il sera jug\u00e9 pour l\u2019assassinat du p\u00e8re Olivier Maire en ao\u00fbt\u00a02021 en Vend\u00e9e.<\/p>\n","protected":false},"excerpt":{"rendered":"\u00abIl y a tout juste cinq ans, la cath\u00e9drale de Nantes \u00e9tait frapp\u00e9e par un drame qui nous&hellip;\n","protected":false},"author":2,"featured_media":423322,"comment_status":"","ping_status":"","sticky":false,"template":"","format":"standard","meta":{"footnotes":""},"categories":[2818],"tags":[1111,11,13601,11863,1777,674,1011,27,3047,766,12,2636,417,1306,25],"class_list":{"0":"post-423321","1":"post","2":"type-post","3":"status-publish","4":"format-standard","5":"has-post-thumbnail","7":"category-nantes","8":"tag-actu","9":"tag-actualites","10":"tag-cathedrale","11":"tag-catholicisme","12":"tag-eu","13":"tag-europe","14":"tag-fr","15":"tag-france","16":"tag-loire-atlantique","17":"tag-nantes","18":"tag-news","19":"tag-pays-de-la-loire","20":"tag-rachida-dati","21":"tag-regions","22":"tag-republique-francaise"},"share_on_mastodon":{"url":"https:\/\/pubeurope.com\/@fr\/115280995019122360","error":""},"_links":{"self":[{"href":"https:\/\/www.europesays.com\/fr\/wp-json\/wp\/v2\/posts\/423321","targetHints":{"allow":["GET"]}}],"collection":[{"href":"https:\/\/www.europesays.com\/fr\/wp-json\/wp\/v2\/posts"}],"about":[{"href":"https:\/\/www.europesays.com\/fr\/wp-json\/wp\/v2\/types\/post"}],"author":[{"embeddable":true,"href":"https:\/\/www.europesays.com\/fr\/wp-json\/wp\/v2\/users\/2"}],"replies":[{"embeddable":true,"href":"https:\/\/www.europesays.com\/fr\/wp-json\/wp\/v2\/comments?post=423321"}],"version-history":[{"count":0,"href":"https:\/\/www.europesays.com\/fr\/wp-json\/wp\/v2\/posts\/423321\/revisions"}],"wp:featuredmedia":[{"embeddable":true,"href":"https:\/\/www.europesays.com\/fr\/wp-json\/wp\/v2\/media\/423322"}],"wp:attachment":[{"href":"https:\/\/www.europesays.com\/fr\/wp-json\/wp\/v2\/media?parent=423321"}],"wp:term":[{"taxonomy":"category","embeddable":true,"href":"https:\/\/www.europesays.com\/fr\/wp-json\/wp\/v2\/categories?post=423321"},{"taxonomy":"post_tag","embeddable":true,"href":"https:\/\/www.europesays.com\/fr\/wp-json\/wp\/v2\/tags?post=423321"}],"curies":[{"name":"wp","href":"https:\/\/api.w.org\/{rel}","templated":true}]}}