{"id":423325,"date":"2025-09-28T08:33:16","date_gmt":"2025-09-28T08:33:16","guid":{"rendered":"https:\/\/www.europesays.com\/fr\/423325\/"},"modified":"2025-09-28T08:33:16","modified_gmt":"2025-09-28T08:33:16","slug":"les-previsions-meteo-du-dimanche-28-septembre-a-bordeaux","status":"publish","type":"post","link":"https:\/\/www.europesays.com\/fr\/423325\/","title":{"rendered":"Les pr\u00e9visions m\u00e9t\u00e9o du dimanche 28 septembre \u00e0 Bordeaux"},"content":{"rendered":"<p>Aujourd\u2019hui \u00e0 Bordeaux, le ciel restera bien charg\u00e9 tout au long de la journ\u00e9e, m\u00eame si quelques \u00e9claircies r\u00e9ussiront \u00e0 se montrer. Les temp\u00e9ratures \u00e9volueront entre 13 et 21\u00b0C. La fiabilit\u00e9 des pr\u00e9visions est tr\u00e8s bonne, tu peux donc pr\u00e9voir ta journ\u00e9e sans surprise.<\/p>\n<p style=\"font-size:16px\"><strong>La matin\u00e9e<\/strong> d\u00e9butera sous un <strong>ciel tr\u00e8s nuageux<\/strong> avec de <strong>br\u00e8ves \u00e9claircies<\/strong>. Il fera <strong>13\u00b0C<\/strong>, avec un ressenti l\u00e9g\u00e8rement plus frais, autour de <strong>11\u00b0C. <\/strong>Le vent de nord-est soufflera faiblement \u00e0 <strong>10 km\/h<\/strong>, avec des rafales pouvant atteindre <strong>15 km\/h<\/strong>. Un faible risque d\u2019averses est pr\u00e9sent (<strong>20 %<\/strong>), mais la plupart du temps il ne tombera rien.<\/p>\n<p><img fetchpriority=\"high\" decoding=\"async\" width=\"1024\" height=\"683\" src=\"https:\/\/www.europesays.com\/fr\/wp-content\/uploads\/2025\/09\/photo-drone-bx-2-1024x683.jpg\" alt=\"\" class=\"wp-image-83745\"  \/>Ciel tr\u00e8s nuageux \u00e0 Bordeaux ce dimanche, avec seulement un faible risque d\u2019averses le matin et quelques \u00e9claircies plus marqu\u00e9es en journ\u00e9e.<\/p>\n<p style=\"font-size:16px\"><strong>Dans l\u2019apr\u00e8s-midi<\/strong>, les nuages domineront toujours, m\u00eame si <strong>le soleil parviendra<\/strong> parfois \u00e0 s\u2019imposer. Les temp\u00e9ratures atteindront <strong>21\u00b0C<\/strong>, avec un ressenti proche de<strong> 24\u00b0C <\/strong>au moment des \u00e9claircies. Le vent restera mod\u00e9r\u00e9 de nord-est \u00e0 <strong>10 km\/h,<\/strong> avec des rafales \u00e0 <strong>15 km\/h<\/strong>. Aucun risque de pluie n\u2019est pr\u00e9vu.<\/p>\n<p style=\"font-size:16px\"><strong>En soir\u00e9e<\/strong>, le ciel restera<strong> tr\u00e8s nuageux <\/strong>avec quelques \u00e9claircies passag\u00e8res. La temp\u00e9rature descendra \u00e0 <strong>18\u00b0C<\/strong>, ressenti <strong>16\u00b0C<\/strong>. Le vent du nord soufflera \u00e0<strong> 10 km\/h<\/strong>, avec des rafales allant jusqu\u2019\u00e0 <strong>20 km\/h<\/strong>. L\u00e0 encore, aucune pr\u00e9cipitation attendue.<\/p>\n<p style=\"font-size:16px\"><strong>La nuit <\/strong>s\u2019annonce plus d\u00e9gag\u00e9e, avec de belles \u00e9claircies malgr\u00e9 quelques passages nuageux. Les temp\u00e9ratures descendront jusqu\u2019\u00e0 <strong>12\u00b0C<\/strong>, avec un ressenti proche de <strong>11\u00b0C<\/strong>. Le vent tombera quasiment, et les rafales ne d\u00e9passeront pas<strong> 20 km\/h<\/strong>. Aucun risque de pluie \u00e0 signaler.<\/p>\n<p style=\"font-size:16px\">En r\u00e9sum\u00e9, aujourd\u2019hui \u00e0 Bordeaux, la journ\u00e9e sera tr\u00e8s nuageuse mais globalement s\u00e8che, avec seulement un petit risque d\u2019averses le matin. Les temp\u00e9ratures resteront douces, surtout l\u2019apr\u00e8s-midi avec des ressentis proches de <strong>24\u00b0C<\/strong>.<\/p>\n<p style=\"font-size:16px\">\u00c0 lire aussi : <a href=\"https:\/\/www.bougerabordeaux.com\/decouvrir\/sortir\/decouvrez-ce-petit-village-de-la-nouvelle-aquitaine-qui-seduit-les-voyageurs\/\" target=\"_blank\" rel=\"noreferrer noopener nofollow\">D\u00e9couvrez ce petit village de la Nouvelle Aquitaine qui s\u00e9duit les voyageurs<\/a><\/p>\n","protected":false},"excerpt":{"rendered":"Aujourd\u2019hui \u00e0 Bordeaux, le ciel restera bien charg\u00e9 tout au long de la journ\u00e9e, m\u00eame si quelques \u00e9claircies&hellip;\n","protected":false},"author":2,"featured_media":423326,"comment_status":"","ping_status":"","sticky":false,"template":"","format":"standard","meta":{"footnotes":""},"categories":[2817],"tags":[1111,11,1997,1777,674,1011,27,12,2219,25],"class_list":{"0":"post-423325","1":"post","2":"type-post","3":"status-publish","4":"format-standard","5":"has-post-thumbnail","7":"category-bordeaux","8":"tag-actu","9":"tag-actualites","10":"tag-bordeaux","11":"tag-eu","12":"tag-europe","13":"tag-fr","14":"tag-france","15":"tag-news","16":"tag-nouvelle-aquitaine","17":"tag-republique-francaise"},"share_on_mastodon":{"url":"https:\/\/pubeurope.com\/@fr\/115281003258812910","error":""},"_links":{"self":[{"href":"https:\/\/www.europesays.com\/fr\/wp-json\/wp\/v2\/posts\/423325","targetHints":{"allow":["GET"]}}],"collection":[{"href":"https:\/\/www.europesays.com\/fr\/wp-json\/wp\/v2\/posts"}],"about":[{"href":"https:\/\/www.europesays.com\/fr\/wp-json\/wp\/v2\/types\/post"}],"author":[{"embeddable":true,"href":"https:\/\/www.europesays.com\/fr\/wp-json\/wp\/v2\/users\/2"}],"replies":[{"embeddable":true,"href":"https:\/\/www.europesays.com\/fr\/wp-json\/wp\/v2\/comments?post=423325"}],"version-history":[{"count":0,"href":"https:\/\/www.europesays.com\/fr\/wp-json\/wp\/v2\/posts\/423325\/revisions"}],"wp:featuredmedia":[{"embeddable":true,"href":"https:\/\/www.europesays.com\/fr\/wp-json\/wp\/v2\/media\/423326"}],"wp:attachment":[{"href":"https:\/\/www.europesays.com\/fr\/wp-json\/wp\/v2\/media?parent=423325"}],"wp:term":[{"taxonomy":"category","embeddable":true,"href":"https:\/\/www.europesays.com\/fr\/wp-json\/wp\/v2\/categories?post=423325"},{"taxonomy":"post_tag","embeddable":true,"href":"https:\/\/www.europesays.com\/fr\/wp-json\/wp\/v2\/tags?post=423325"}],"curies":[{"name":"wp","href":"https:\/\/api.w.org\/{rel}","templated":true}]}}