{"id":423327,"date":"2025-09-28T08:34:15","date_gmt":"2025-09-28T08:34:15","guid":{"rendered":"https:\/\/www.europesays.com\/fr\/423327\/"},"modified":"2025-09-28T08:34:15","modified_gmt":"2025-09-28T08:34:15","slug":"les-girondins-de-bordeaux-ont-laisse-la-recette-a-bergerac","status":"publish","type":"post","link":"https:\/\/www.europesays.com\/fr\/423327\/","title":{"rendered":"Les Girondins de Bordeaux ont laiss\u00e9 la recette \u00e0 Bergerac"},"content":{"rendered":"<p><img width=\"773\" height=\"380\" data-lazy-type=\"image\" src=\"https:\/\/www.europesays.com\/fr\/wp-content\/uploads\/2025\/09\/bandicam-2025-09-27-22-05-24-934-773x380.jpg\" class=\"lazy lazy-hidden attachment-alchemists_thumbnail-lg size-alchemists_thumbnail-lg wp-post-image\" alt=\"\" decoding=\"async\" fetchpriority=\"high\"\/><\/p>\n<p>C\u2019est aussi une des raisons de la d\u00e9localisation au stade<br \/>\nGaston-Simounet, plus habitu\u00e9 \u00e0 recevoir du rugby, plut\u00f4t que de<br \/>\njouer traditionnellement au Stade de Campreal. Le Bergerac P\u00e9rigord<br \/>\nFC est en grande difficult\u00e9 financi\u00e8re, et c\u2019est pour cela qu\u2019il a<br \/>\n\u00e9t\u00e9 r\u00e9trograd\u00e9 en R\u00e9gional 3, bien qu\u2019ayant une \u00e9quipe sur le<br \/>\npapier pour jouer en R\u00e9gional 1.<\/p>\n<p>En effet, le stade Gaston-Simounet pouvait accueillir plus de<br \/>\nmonde et donc rapporter potentiellement plus d\u2019argent \u00e0 Bergerac,<br \/>\navec la venue des Girondins de Bordeaux, et proposait \u00e9galement<br \/>\nplus de facilit\u00e9s au niveau s\u00e9curitaire concernant les deux groupes<br \/>\nde supporters bordelais, les Ultramarines et North Gate. Si Bruno<br \/>\nIrles et le coach adverse, Yoann Brugeaud, se sont montr\u00e9s heureux<br \/>\nde l\u2019ambiance et de la bonne tenue des supporters des Girondins, de<br \/>\nnombreuses personnes autour de la rencontre aussi. Mais \u00e9galement<br \/>\npour le c\u00f4t\u00e9 financier qui fut une r\u00e9ussite\u2026<\/p>\n<p>En effet, bien qu\u2019il n\u2019y ait pas de d\u00e9compte officiel et que la<br \/>\npresse rapporte le nombre de 3500 supporters (environ) pr\u00e9sents<br \/>\nsamedi soir, ces personnes ont permis de contribuer au redressement<br \/>\nfutur \u2013 on l\u2019esp\u00e8re \u2013 de Bergerac.<\/p>\n<p>Comme le veut la tradition, le plus gros club a laiss\u00e9 la<br \/>\nrecette au plus petit hier soir, selon nos informations. Pour<br \/>\n\u00eatre pr\u00e9cis, les Girondins de Bordeaux ont juste d\u00e9duis leurs frais<br \/>\nde d\u00e9placement en bus. Un beau geste \u00e0 souligner car encore une<br \/>\nfois, bien que ce soit la \u201ctradition\u201d, il n\u2019y a aucune obligation \u00e0<br \/>\ncela.<\/p>\n<p>Il faut dire que la situation \u00e9conomique actuelle du BPFC est<br \/>\nencore plus compliqu\u00e9e que celle du Club au Scapulaire. Nous<br \/>\nsouhaitons \u00e0 leurs supporters de s\u2019accrocher et que leur club<br \/>\nremonte vite, que ce soit pour le P\u00e9rigord mais \u00e9galement plus<br \/>\nglobalement pour la Nouvelle Aquitaine.<\/p>\n<p style=\"text-align: center;\"><img loading=\"lazy\" decoding=\"async\" class=\"lazy lazy-hidden alignnone size-full wp-image-563836\" data-lazy-type=\"image\" src=\"https:\/\/www.europesays.com\/fr\/wp-content\/uploads\/2025\/09\/bandicam-2025-09-27-20-40-04-555.jpg\" alt=\"\" width=\"1198\" height=\"799\"  \/><\/p>\n","protected":false},"excerpt":{"rendered":"C\u2019est aussi une des raisons de la d\u00e9localisation au stade Gaston-Simounet, plus habitu\u00e9 \u00e0 recevoir du rugby, plut\u00f4t&hellip;\n","protected":false},"author":2,"featured_media":423328,"comment_status":"","ping_status":"","sticky":false,"template":"","format":"standard","meta":{"footnotes":""},"categories":[2817],"tags":[1111,11,1997,1777,674,1011,27,12,2219,25],"class_list":{"0":"post-423327","1":"post","2":"type-post","3":"status-publish","4":"format-standard","5":"has-post-thumbnail","7":"category-bordeaux","8":"tag-actu","9":"tag-actualites","10":"tag-bordeaux","11":"tag-eu","12":"tag-europe","13":"tag-fr","14":"tag-france","15":"tag-news","16":"tag-nouvelle-aquitaine","17":"tag-republique-francaise"},"share_on_mastodon":{"url":"https:\/\/pubeurope.com\/@fr\/115281007137053712","error":""},"_links":{"self":[{"href":"https:\/\/www.europesays.com\/fr\/wp-json\/wp\/v2\/posts\/423327","targetHints":{"allow":["GET"]}}],"collection":[{"href":"https:\/\/www.europesays.com\/fr\/wp-json\/wp\/v2\/posts"}],"about":[{"href":"https:\/\/www.europesays.com\/fr\/wp-json\/wp\/v2\/types\/post"}],"author":[{"embeddable":true,"href":"https:\/\/www.europesays.com\/fr\/wp-json\/wp\/v2\/users\/2"}],"replies":[{"embeddable":true,"href":"https:\/\/www.europesays.com\/fr\/wp-json\/wp\/v2\/comments?post=423327"}],"version-history":[{"count":0,"href":"https:\/\/www.europesays.com\/fr\/wp-json\/wp\/v2\/posts\/423327\/revisions"}],"wp:featuredmedia":[{"embeddable":true,"href":"https:\/\/www.europesays.com\/fr\/wp-json\/wp\/v2\/media\/423328"}],"wp:attachment":[{"href":"https:\/\/www.europesays.com\/fr\/wp-json\/wp\/v2\/media?parent=423327"}],"wp:term":[{"taxonomy":"category","embeddable":true,"href":"https:\/\/www.europesays.com\/fr\/wp-json\/wp\/v2\/categories?post=423327"},{"taxonomy":"post_tag","embeddable":true,"href":"https:\/\/www.europesays.com\/fr\/wp-json\/wp\/v2\/tags?post=423327"}],"curies":[{"name":"wp","href":"https:\/\/api.w.org\/{rel}","templated":true}]}}