{"id":423345,"date":"2025-09-28T08:45:15","date_gmt":"2025-09-28T08:45:15","guid":{"rendered":"https:\/\/www.europesays.com\/fr\/423345\/"},"modified":"2025-09-28T08:45:15","modified_gmt":"2025-09-28T08:45:15","slug":"lactrice-adele-haenel-quitte-la-flottille-humanitaire-qui-se-dirige-vers-gaza-apres-une-avarie-sur-son-navire","status":"publish","type":"post","link":"https:\/\/www.europesays.com\/fr\/423345\/","title":{"rendered":"L&rsquo;actrice Ad\u00e8le Haenel quitte la flottille humanitaire qui se dirige vers Gaza apr\u00e8s une avarie sur son navire"},"content":{"rendered":"\n<p class=\"c-chapo \">\n  Dans une vid\u00e9o post\u00e9e sur son compte Instagram samedi, la com\u00e9dienne d\u00e9clare \u00ab\u00a0devoir quitter la mission maritime, suite au fait que le moteur du bateau\u00a0\u00bb sur lequel elle se trouvait \u00ab\u00a0a cass\u00e9\u00a0\u00bb.\n<\/p>\n<p>            lire plus tard<\/p>\n<p id=\"dialog__title\" class=\"dialog__title\">Pour sauvegarder cet article, connectez-vous ou cr\u00e9ez un compte franceinfo<\/p>\n<p class=\"dialog__description\">Sans paiement. Sans abonnement.<\/p>\n<p>        Fermer la fen\u00eatre d\u2019activation des notifications France Info<\/p>\n<p>            cr\u00e9er votre compte<\/p>\n<p>            se connecter<\/p>\n<p>        Fermer la fen\u00eatre de pr\u00e9sentation<\/p>\n<p>    <img loading=\"lazy\" decoding=\"async\" class=\"signature__image lazyload\" width=\"100\" height=\"100\" data- alt=\"\" src=\"https:\/\/www.europesays.com\/fr\/wp-content\/uploads\/2025\/05\/64a68815cd1a7_placeholder-36b69ec8.png\"\/><\/p>\n<p>    Publi\u00e9 le 28\/09\/2025 09:11<\/p>\n<p>      Mis \u00e0 jour le 28\/09\/2025 10:43<\/p>\n<p>        Temps de lecture : 1min<\/p>\n<p>    <img decoding=\"async\"  alt=\"L'actrice Ad\u00e8le Haenel, \u00e0 Paris, le 3 f\u00e9vrier 2025. (HENRIQUE CAMPOS \/ HANS LUCAS \/ AFP)\" width=\"432\" height=\"243\" src=\"https:\/\/www.europesays.com\/fr\/wp-content\/uploads\/2025\/09\/080-hl-hcampos-2652755-68d8dcfef100e933044237.jpg\" fetchpriority=\"high\"\/><\/p>\n<p>      L&rsquo;actrice Ad\u00e8le Haenel, \u00e0 Paris, le 3 f\u00e9vrier 2025. (HENRIQUE CAMPOS \/ HANS LUCAS \/ AFP)<\/p>\n<p>Fin du p\u00e9riple pour Ad\u00e8le Haenel. L&rsquo;actrice a annonc\u00e9, samedi 27\u00a0septembre, devoir quitter <a href=\"https:\/\/www.franceinfo.fr\/monde\/palestine\/gaza\/l-actrice-francaise-adele-haenel-annonce-rejoindre-la-flottille-pour-gaza-depuis-tunis_7474729.html\" rel=\"noopener noreferrer nofollow\" data-tooltip-url=\"https:\/\/www.franceinfo.fr\/monde\/palestine\/gaza\/l-actrice-francaise-adele-haenel-annonce-rejoindre-la-flottille-pour-gaza-depuis-tunis_7474729.html\" target=\"_blank\">la flottille internationale en route vers Gaza<\/a> en raison d&rsquo;une avarie technique sur son bateau et a appel\u00e9 de nouveau \u00e0 \u00ab\u00a0mettre la pression\u00a0\u00bb sur les gouvernements pour \u00ab\u00a0qu&rsquo;ils mettent un terme au g\u00e9nocide\u00a0\u00bb dans l&rsquo;enclave palestinienne.<\/p>\n<p>L&rsquo;artiste et militante <a href=\"https:\/\/www.franceinfo.fr\/monde\/proche-orient\/israel-palestine\/les-images-sont-insoutenables-l-actrice-francaise-adele-haenel-embarque-sur-la-flottille-humanitaire-pour-gaza_7488649.html\" rel=\"noopener noreferrer nofollow\" data-tooltip-url=\"https:\/\/www.franceinfo.fr\/monde\/proche-orient\/israel-palestine\/les-images-sont-insoutenables-l-actrice-francaise-adele-haenel-embarque-sur-la-flottille-humanitaire-pour-gaza_7488649.html\" target=\"_blank\">avait embarqu\u00e9 d\u00e9but septembre \u00e0 Tunis<\/a> \u00e0 bord de la \u00ab\u00a0Global Sumud Flotilla\u00a0\u00bb. La flottille, qui se pr\u00e9sente comme la \u00ab\u00a0plus grande mission maritime au monde pour briser le blocus isra\u00e9lien ill\u00e9gal de Gaza\u00a0\u00bb, comprend selon ses organisateurs une cinquantaine de bateaux, avec \u00e0 bord plusieurs centaines <a href=\"https:\/\/www.franceinfo.fr\/culture\/flottille-pour-gaza-artistes-et-personnalites-demandent-la-protection-diplomatique-francaise-et-belge_7517656.html\" rel=\"noopener noreferrer nofollow\" data-tooltip-url=\"https:\/\/www.franceinfo.fr\/culture\/flottille-pour-gaza-artistes-et-personnalites-demandent-la-protection-diplomatique-francaise-et-belge_7517656.html\" target=\"_blank\">de militants originaires de plus de 40\u00a0pays<\/a>. Dans une vid\u00e9o post\u00e9e sur son compte Instagram, Ad\u00e8le Haenel d\u00e9clare \u00ab\u00a0devoir quitter la mission maritime, suite au fait que le moteur du bateau\u00a0\u00bb sur lequel elle se trouvait \u00ab\u00a0a cass\u00e9\u00a0\u00bb.<\/p>\n<p>La flottille avait signal\u00e9 vendredi sur le m\u00eame r\u00e9seau social une avarie sur le Family Boat, obligeant les organisateurs \u00e0 redistribuer les passagers sur d&rsquo;autres bateaux. L&rsquo;eurod\u00e9put\u00e9e Rima Hassan a ainsi pr\u00e9cis\u00e9, sur son compte, avoir chang\u00e9 de navire. \u00ab\u00a0J&rsquo;aurais tellement aim\u00e9 aller jusqu&rsquo;au bout de cette mission\u00a0\u00bb, explique Ad\u00e8le Haenel, ajoutant que \u00ab\u00a0ce qui compte, c&rsquo;est que (&#8230;) les camarades qui sont sur la mer apportent l&rsquo;aide humanitaire et brisent le blocus\u00a0\u00bb.<\/p>\n","protected":false},"excerpt":{"rendered":"Dans une vid\u00e9o post\u00e9e sur son compte Instagram samedi, la com\u00e9dienne d\u00e9clare \u00ab\u00a0devoir quitter la mission maritime, suite&hellip;\n","protected":false},"author":2,"featured_media":423346,"comment_status":"","ping_status":"","sticky":false,"template":"","format":"standard","meta":{"footnotes":""},"categories":[1888],"tags":[1111,1928,11,1927,1777,674,1011,27,12,1926,626,1925,25],"class_list":{"0":"post-423345","1":"post","2":"type-post","3":"status-publish","4":"format-standard","5":"has-post-thumbnail","7":"category-paris","8":"tag-actu","9":"tag-actu-paris","10":"tag-actualites","11":"tag-actualites-paris","12":"tag-eu","13":"tag-europe","14":"tag-fr","15":"tag-france","16":"tag-news","17":"tag-news-paris","18":"tag-paris","19":"tag-paris-news","20":"tag-republique-francaise"},"share_on_mastodon":{"url":"https:\/\/pubeurope.com\/@fr\/115281050134203935","error":""},"_links":{"self":[{"href":"https:\/\/www.europesays.com\/fr\/wp-json\/wp\/v2\/posts\/423345","targetHints":{"allow":["GET"]}}],"collection":[{"href":"https:\/\/www.europesays.com\/fr\/wp-json\/wp\/v2\/posts"}],"about":[{"href":"https:\/\/www.europesays.com\/fr\/wp-json\/wp\/v2\/types\/post"}],"author":[{"embeddable":true,"href":"https:\/\/www.europesays.com\/fr\/wp-json\/wp\/v2\/users\/2"}],"replies":[{"embeddable":true,"href":"https:\/\/www.europesays.com\/fr\/wp-json\/wp\/v2\/comments?post=423345"}],"version-history":[{"count":0,"href":"https:\/\/www.europesays.com\/fr\/wp-json\/wp\/v2\/posts\/423345\/revisions"}],"wp:featuredmedia":[{"embeddable":true,"href":"https:\/\/www.europesays.com\/fr\/wp-json\/wp\/v2\/media\/423346"}],"wp:attachment":[{"href":"https:\/\/www.europesays.com\/fr\/wp-json\/wp\/v2\/media?parent=423345"}],"wp:term":[{"taxonomy":"category","embeddable":true,"href":"https:\/\/www.europesays.com\/fr\/wp-json\/wp\/v2\/categories?post=423345"},{"taxonomy":"post_tag","embeddable":true,"href":"https:\/\/www.europesays.com\/fr\/wp-json\/wp\/v2\/tags?post=423345"}],"curies":[{"name":"wp","href":"https:\/\/api.w.org\/{rel}","templated":true}]}}