{"id":423355,"date":"2025-09-28T08:50:13","date_gmt":"2025-09-28T08:50:13","guid":{"rendered":"https:\/\/www.europesays.com\/fr\/423355\/"},"modified":"2025-09-28T08:50:13","modified_gmt":"2025-09-28T08:50:13","slug":"la-russie-lance-une-attaque-massive-sur-lukraine","status":"publish","type":"post","link":"https:\/\/www.europesays.com\/fr\/423355\/","title":{"rendered":"La Russie lance une attaque \u201cmassive\u201d sur l\u2019Ukraine"},"content":{"rendered":"<p class=\"authors latino-300b text-grey-600\">\n<p>  Par\u00a0<br \/>\nLe Nouvel Obs avec AFP<\/p>\n<p class=\"latino-300r text-grey-600 pe-8  border-end-lg\">\n<p>    Publi\u00e9 le\u00a028 septembre 2025 \u00e0 8h24  <\/p>\n<p>      , mis \u00e0 jour le\u00a028 septembre 2025 \u00e0 9h00\n  <\/p>\n<p>              Lecture\u00a0:\u00a01\u00a0min.<\/p>\n<p>      <img fetchpriority=\"high\" decoding=\"async\" class=\"mx-auto\" src=\"data:image\/svg+xml,%3Csvg%20xmlns%3D%27http%3A%2F%2Fwww.w3.org%2F2000%2Fsvg%27%20fill%3D%22%23e4e4e4%22%20viewBox%3D%270%200%20510%20340%27%20width%3D%22510%22%20height%3D%22340%22%3E%3Cpath%20d%3D%27M0%200h510v340H0z%27%2F%3E%3C%2Fsvg%3E\"  loading=\"eager\" width=\"510\" height=\"340\" data-oncrawl-image-size=\"510x340\" alt=\"Un drapeau ukrainien en Allemagne, avril 2025.\"\/>      <\/p>\n<p class=\"latino-100m text-grey-600\">\n            Un drapeau ukrainien en Allemagne, avril 2025.\u00a0MATTHIAS BALK \/ DPA PICTURE-ALLIANCE VIA AFP        <\/p>\n<p>        Lire\u00a0plus\u00a0tard      <\/p>\n<p><a aria-label=\"Nous suivre sur Google News\" href=\"https:\/\/news.google.com\/publications\/CAAqBwgKMJe4nQkw3dFs?hl=fr&amp;gl=FR&amp;ceid=FR%3Afr\" target=\"_blank\" data-piano=\"Page_Article,Sous_date_publi,Nous_suivre_sur_google_news,1er_clic,action\" class=\"btn btn--small btn--tertiary btn--icon-only\" rel=\"nofollow noopener\"><\/p>\n<p>      Google Actualit\u00e9s<br \/>\n  <\/a><\/p>\n<p>  Partager<\/p>\n<p>        Facebook<\/p>\n<p>        Bluesky<\/p>\n<p>        E-mail<\/p>\n<p>        Copier le lien<\/p>\n<p>      Envoyer<\/p>\n<p>      S\u2019abonner    <\/p>\n<p class=\"node__paragraphe antonia-750r text-grey-800 pb-24 pb-md-32\">\nL\u2019Ukraine a accus\u00e9 dimanche la Russie d\u2019avoir lanc\u00e9 dans la nuit une attaque\u00a0\u00ab\u00a0massive\u00a0\u00bb\u00a0avec des centaines de drones et missiles qui ont fait au moins quatre morts et une dizaine de bless\u00e9s.<\/p>\n<p class=\"node__paragraphe antonia-750r text-grey-800 pb-24 pb-md-32\">\n\u00ab\u00a0La Russie a lanc\u00e9 une nouvelle attaque a\u00e9rienne massive sur les villes ukrainiennes pendant que les gens dormaient. Encore une fois, des centaines de drones et de missiles, d\u00e9truisant des immeubles r\u00e9sidentiels et causant des victimes civiles\u00a0\u00bb, a affirm\u00e9 le ministre ukrainien des Affaires \u00e9trang\u00e8res, Andri\u00ef Sybiga, sur le r\u00e9seau social X.<\/p>\n<p class=\"latino-500b text-grey-600 pb-16\">A lire aussi<\/p>\n<p><a href=\"https:\/\/www.nouvelobs.com\/monde\/20250831.OBS107189\/ukraine-l-echec-n-est-pas-la-soumission-des-europeens-aux-etats-unis-c-est-la-manipulation-des-americains-par-poutine.html\" data-article-key=\"20250831.OBS107189\" class=\"link--box flex-grow-1\" data-piano=\"Page_Article,Lire_aussi,,Lien1,navigation\" rel=\"nofollow noopener\" target=\"_blank\"><\/p>\n<p>                <img decoding=\"async\" src=\"data:image\/svg+xml,%3Csvg%20xmlns%3D%27http%3A%2F%2Fwww.w3.org%2F2000%2Fsvg%27%20fill%3D%22%23e4e4e4%22%20viewBox%3D%270%200%20120%2080%27%20width%3D%22120%22%20height%3D%2280%22%3E%3Cpath%20d%3D%27M0%200h120v80H0z%27%2F%3E%3C%2Fsvg%3E\"  width=\"120\" height=\"80\" loading=\"lazy\" alt=\"Donald Trump, Emmanuel Macron, Giorgia Meloni et Friedrich Merz, le 18\u00a0ao\u00fbt \u00e0 la Maison-Blanche.\"\/><\/p>\n<p class=\"latino-300r latino-lg-600m text-grey-800\">\n                      <strong class=\"latino-300b latino-lg-600m text-grey-500\">Entretien\u00a0<\/strong><br \/>\n                    Ukraine\u00a0: \u00ab\u00a0L\u2019\u00e9chec n\u2019est pas\u00a0la soumission des Europ\u00e9ens aux Etats-Unis, c\u2019est la manipulation des Am\u00e9ricains par Poutine\u00a0\u00bb        <\/p>\n<p><\/a><\/p>\n<p class=\"node__paragraphe antonia-750r text-grey-800 pb-24 pb-md-32\">\nLe maire de la capitale, Vitali Klitschko, a pour sa part fait \u00e9tat de six bless\u00e9s, dont cinq ont \u00e9t\u00e9 hospitalis\u00e9s apr\u00e8s une attaque \u00ab\u00a0massive\u00a0\u00bb.<\/p>\n<p class=\"node__paragraphe antonia-750r text-grey-800 pb-24 pb-md-32\">\nLes frappes sur la ville ont fait au moins quatre morts dont une fillette de 12 ans, a indiqu\u00e9 le chef de l\u2019administration militaire de la capitale.<\/p>\n<p>Des incursions dans le ciel polonais<\/p>\n<p class=\"node__paragraphe antonia-750r text-grey-800 pb-24 pb-md-32\">\nLa ville de Zaporijjia, dans le sud-est de l\u2019Ukraine, a \u00e9t\u00e9 frapp\u00e9e \u00ab\u00a0au moins quatre fois\u00a0\u00bb, d\u2019apr\u00e8s le gouverneur de la r\u00e9gion Ivan Fedorov, qui a fait \u00e9tat de quatre bless\u00e9s.<\/p>\n<p class=\"node__paragraphe antonia-750r text-grey-800 pb-24 pb-md-32\">\nKiev accuse Moscou d\u2019avoir coup\u00e9 dans cette r\u00e9gion la centrale nucl\u00e9aire d\u2019Energodar, la plus grande d\u2019Europe, et de chercher \u00e0 la relier au r\u00e9seau russe malgr\u00e9 les risques de s\u00e9curit\u00e9. L\u2019infrastructure a \u00e9t\u00e9 conquise en mars\u00a02022 par les troupes russes.<\/p>\n<p class=\"node__paragraphe antonia-750r text-grey-800 pb-24 pb-md-32\">\nDe son c\u00f4t\u00e9, le minist\u00e8re de la D\u00e9fense russe a d\u00e9clar\u00e9 dimanche que 41 drones ukrainiens avaient \u00e9t\u00e9 abattus dans la nuit.<\/p>\n<p class=\"node__paragraphe antonia-750r text-grey-800 pb-24 pb-md-32\">\nA l\u2019ouest de l\u2019Ukraine, la Pologne voisine a annonc\u00e9 mobiliser son aviation de fa\u00e7on \u00ab\u00a0pr\u00e9ventive\u00a0\u00bb apr\u00e8s les incursions dans son espace a\u00e9rien d\u2019une vingtaine de drones russes, et de trois avions de combat dans le ciel estonien en moins de deux semaines.<\/p>\n<p class=\"latino-500b text-grey-600 pb-16\">A lire aussi<\/p>\n<p><a href=\"https:\/\/www.nouvelobs.com\/monde\/20250912.OBS107592\/reunion-d-urgence-a-l-onu-mobilisation-de-rafale-francais-le-point-sur-la-situation-apres-l-intrusion-de-drones-russes-en-pologne.html\" data-article-key=\"20250912.OBS107592\" class=\"link--box flex-grow-1\" data-piano=\"Page_Article,Lire_aussi,,Lien2,navigation\" rel=\"nofollow noopener\" target=\"_blank\"><\/p>\n<p>                <img decoding=\"async\" src=\"data:image\/svg+xml,%3Csvg%20xmlns%3D%27http%3A%2F%2Fwww.w3.org%2F2000%2Fsvg%27%20fill%3D%22%23e4e4e4%22%20viewBox%3D%270%200%20120%2080%27%20width%3D%22120%22%20height%3D%2280%22%3E%3Cpath%20d%3D%27M0%200h120v80H0z%27%2F%3E%3C%2Fsvg%3E\"  width=\"120\" height=\"79\" loading=\"lazy\" alt=\"L\u2019un des drones abattus en Pologne en milieu de semaine. \"\/><\/p>\n<p class=\"latino-300r latino-lg-600m text-grey-800\">\n                      <strong class=\"latino-300b latino-lg-600m text-grey-500\">R\u00e9cap\u00a0<\/strong><br \/>\n                    R\u00e9union d\u2019urgence \u00e0 l\u2019ONU, mobilisation de Rafale fran\u00e7ais\u2026 Le point sur la situation apr\u00e8s l\u2019intrusion de drones russes en Pologne        <\/p>\n<p><\/a><\/p>\n<p class=\"authors latino-600m text-grey-800\">\n<p>  Par\u00a0<br \/>\nLe Nouvel Obs avec AFP<\/p>\n","protected":false},"excerpt":{"rendered":"Par\u00a0 Le Nouvel Obs avec AFP Publi\u00e9 le\u00a028 septembre 2025 \u00e0 8h24 , mis \u00e0 jour le\u00a028 septembre&hellip;\n","protected":false},"author":2,"featured_media":423356,"comment_status":"","ping_status":"","sticky":false,"template":"","format":"standard","meta":{"footnotes":""},"categories":[1590],"tags":[17,11,834,1777,674,131,9447,17350,74,12,132,220],"class_list":{"0":"post-423355","1":"post","2":"type-post","3":"status-publish","4":"format-standard","5":"has-post-thumbnail","7":"category-ukraine","8":"tag-17","9":"tag-actualites","10":"tag-attaque","11":"tag-eu","12":"tag-europe","13":"tag-guerre-en-ukraine","14":"tag-lance","15":"tag-massive","16":"tag-monde","17":"tag-news","18":"tag-russie","19":"tag-ukraine"},"share_on_mastodon":{"url":"https:\/\/pubeurope.com\/@fr\/115281069628460550","error":""},"_links":{"self":[{"href":"https:\/\/www.europesays.com\/fr\/wp-json\/wp\/v2\/posts\/423355","targetHints":{"allow":["GET"]}}],"collection":[{"href":"https:\/\/www.europesays.com\/fr\/wp-json\/wp\/v2\/posts"}],"about":[{"href":"https:\/\/www.europesays.com\/fr\/wp-json\/wp\/v2\/types\/post"}],"author":[{"embeddable":true,"href":"https:\/\/www.europesays.com\/fr\/wp-json\/wp\/v2\/users\/2"}],"replies":[{"embeddable":true,"href":"https:\/\/www.europesays.com\/fr\/wp-json\/wp\/v2\/comments?post=423355"}],"version-history":[{"count":0,"href":"https:\/\/www.europesays.com\/fr\/wp-json\/wp\/v2\/posts\/423355\/revisions"}],"wp:featuredmedia":[{"embeddable":true,"href":"https:\/\/www.europesays.com\/fr\/wp-json\/wp\/v2\/media\/423356"}],"wp:attachment":[{"href":"https:\/\/www.europesays.com\/fr\/wp-json\/wp\/v2\/media?parent=423355"}],"wp:term":[{"taxonomy":"category","embeddable":true,"href":"https:\/\/www.europesays.com\/fr\/wp-json\/wp\/v2\/categories?post=423355"},{"taxonomy":"post_tag","embeddable":true,"href":"https:\/\/www.europesays.com\/fr\/wp-json\/wp\/v2\/tags?post=423355"}],"curies":[{"name":"wp","href":"https:\/\/api.w.org\/{rel}","templated":true}]}}