{"id":42336,"date":"2025-04-21T20:35:13","date_gmt":"2025-04-21T20:35:13","guid":{"rendered":"https:\/\/www.europesays.com\/fr\/42336\/"},"modified":"2025-04-21T20:35:13","modified_gmt":"2025-04-21T20:35:13","slug":"marseille-ce-restaurant-atypique-detonne-des-plats-genereux-et-faits-maison-a-8-euros","status":"publish","type":"post","link":"https:\/\/www.europesays.com\/fr\/42336\/","title":{"rendered":"Marseille. Ce restaurant atypique d\u00e9tonne, des plats g\u00e9n\u00e9reux et faits-maison \u00e0 8 euros"},"content":{"rendered":"<p>            Par<br \/>\n        <strong><br \/>\n            <a href=\"https:\/\/actu.fr\/auteur\/benjamin-cohenroyer\" title=\"Consulter tous les articles de Benjamin Cohen Royer\" target=\"_blank\" rel=\"noopener\">Benjamin Cohen Royer<\/a><br \/>\n        <\/strong><\/p>\n<p>        Publi\u00e9 le<\/p>\n<p>            21 avr. 2025 \u00e0 16h04        <\/p>\n<p>Au 33 boulevard National, \u00e0 <a href=\"https:\/\/actu.fr\/marseille\/\" target=\"_blank\" rel=\"noopener\">Marseille<\/a>, La Marmite Joyeuse<strong> n\u2019est pas une cantine ordinaire.<\/strong><\/p>\n<p class=\" wall-content\">Sous l\u2019impulsion d\u2019Emmanuelle et de son mari, ce tiers-lieu marseillais allie <strong>repas faits maison, initiatives solidaires<\/strong> et projets culinaires innovants, cr\u00e9ant <strong>un v\u00e9ritable tiers-lieu.<\/strong><\/p>\n<p>Un laboratoire culinaire<\/p>\n<p class=\" wall-content\"><a href=\"https:\/\/lamarmitejoyeuse.com\/\" target=\"_blank\" rel=\"noopener\">La Marmite Joyeuse<\/a> propose \u2013 au-del\u00e0 de ses plats savoureux \u2013 aussi <strong>un espace de coworking culinaire<\/strong>, pour des aspirants restaurateurs avant de se lancer.<\/p>\n<p class=\" wall-content\">\u00ab\u2009Nous accompagnons ceux qui souhaitent se lancer dans la restauration, en leur fournissant les outils n\u00e9cessaires pour r\u00e9ussir\u2009\u00bb, explique Emmanuelle Vidal-Naquet.<\/p>\n<p class=\" wall-content\">Un dispositif qui <strong>favorise l\u2019\u00e9mergence de nouvelles entreprises<\/strong> dans le secteur de la restauration.<\/p>\n<p>Vid\u00e9os : en ce moment sur ActuDes repas accessibles et pour tous<\/p>\n<p class=\" wall-content\">Tout au long de l\u2019ann\u00e9e, <strong>le restaurant propose surtout des plats faits maison \u00e0 8\u00a0euros<\/strong>, \u00ab\u2009prix unique\u2009\u00bb, ajoute Emmanuelle.<\/p>\n<p class=\" wall-content\">Au menu, chaque jour, un plat carn\u00e9 et une alternative v\u00e9g\u00e9tarienne. Avec dessert, pour 2\u00a0euros de plus. \u00ab<strong>\u2009Ce sont des plats de grands-m\u00e8res<\/strong>. Nous voulons que chacun puisse manger sainement, <strong>avec un petit budget\u2009\u00bb<\/strong>, souligne-t-elle.<\/p>\n<p class=\" wall-content\">Cette approche inclusive attire forc\u00e9ment <strong>une client\u00e8le diverse<\/strong>, des travailleurs du quartier, aux personnes en situation de grande pr\u00e9carit\u00e9.\u200b \u00ab<strong>\u2009Si on a un objectif, c\u2019est de voir le plus de monde diff\u00e9rent<\/strong>\u2009\u00bb, assure-t-elle.<\/p>\n<p class=\" wall-content\">Hatim, professeur dans le secondaire et client du restaurant explique ce succ\u00e8s\u2009:<\/p>\n<blockquote class=\"ac-article-quote wall-content\">\n<p>Concr\u00e8tement, c&rsquo;est bon. Et puis il y a une bonne ambiance avec des prix tr\u00e8s abordables. Des plats bons et g\u00e9n\u00e9reux pour 8 euros, c&rsquo;est top. Et au fil des ann\u00e9es, c&rsquo;est devenu un lieu de rendez-vous avec mes amis. Depuis que je connais cette adresse, j&rsquo;ai d\u00fb y d\u00e9penser l&rsquo;\u00e9quivalent de 1000 euros ici.<\/p>\n<p>    <strong\/>\n            <\/p><\/blockquote>\n<p>200 repas en jour<\/p>\n<p class=\" wall-content\">\u00c0 La Marmite Joyeuse, c\u2019est <strong>la cheffe Karima<\/strong> qui est derri\u00e8re les fourneaux.<\/p>\n<p class=\" wall-content\">Ses plats sont simples, g\u00e9n\u00e9reux et inspir\u00e9s de ses <strong>recettes familiales et de ses voyages.<\/strong> Ils se composent aussi au gr\u00e9 des arrivages. \u00ab\u2009Ce qu\u2019on veut, c\u2019est pouvoir montrer qu\u2019on peut produire en quantit\u00e9, avec des produits frais, vari\u00e9s et faits maisons\u2009\u00bb, ajoute la patronne qui estime<strong> vendre 200 repas par jour, \u00ab\u2009juste le midi\u2009\u00bb<\/strong>.<\/p>\n<p>      <img   decoding=\"async\" loading=\"lazy\" src=\"https:\/\/www.europesays.com\/fr\/wp-content\/uploads\/2025\/04\/img-2298-960x640.jpg\" alt=\"dd\" width=\"960\" height=\"640\"\/><br \/>\n    Le restaurant propose deux plats diff\u00e9rents chaque jour. (\u00a9Benjamin Cohen Royer \/ actu Marseille)<\/p>\n<p class=\" wall-content\">Un jour, c\u2019est <strong>couscous v\u00e9g\u00e9tarien<\/strong>, le lendemain, <strong>maf\u00e9<\/strong>. L\u2019objectif est de proposer une cuisine accessible, \u00ab\u2009sans sacrifier la qualit\u00e9 ni le go\u00fbt\u2009\u00bb.\u200b<\/p>\n<p class=\" wall-content\">Cette approche culinaire, centr\u00e9e sur le partage et la convivialit\u00e9, refl\u00e8te les valeurs de La Marmite Joyeuse. \u00ab\u2009Ici, on vient pour se r\u00e9galer, mais aussi pour \u00e9changer, se rencontrer et cr\u00e9er du lien\u2009\u00bb, souligne Emmanuelle.<\/p>\n<p>Des plats suspendus<\/p>\n<p class=\" wall-content\">L\u2019\u00e9tablissement est une association engag\u00e9e. En effet, <strong>la cantine propose des repas suspendus pour les personnes dans le besoin,<\/strong> avec des adh\u00e9sions, \u00e0 prix libre, permettant \u00e0 chacun de soutenir cette initiative.<\/p>\n<p class=\" wall-content\">Le principe est simple : un client commande un repas, mais en paie deux. Le repas sera ensuite offert \u00e0 une personne dans le besoin. Une initiative solidaire permet \u00e0 chacun de contribuer \u00e0 la lutte contre la pr\u00e9carit\u00e9 alimentaire : \u00ab\u2009On distribue au moins six plats suspendus par jour, de la part du restaurant uniquement\u00bb.<\/p>\n<p>      <img   decoding=\"async\" loading=\"lazy\" src=\"https:\/\/www.europesays.com\/fr\/wp-content\/uploads\/2025\/04\/img-2293-960x640.jpg\" alt=\"Le restaurant propose des repas suspendus pour les personnes dans le besoin. \" width=\"960\" height=\"640\"\/><br \/>\n    Le restaurant propose des repas suspendus pour les personnes dans le besoin. (\u00a9Benjamin Cohen Royer)<\/p>\n<p class=\" wall-content\">En effet la Marmite Joyeuse n\u2019a pas r\u00e9ellement d\u2019objectif lucratif, \u00ab\u2009on veut juste que la bo\u00eete tourne et pouvoir payer nos employ\u00e9s et les charges. On a plut\u00f4t <strong>un fonctionnement de type associatif\u2009\u00bb<\/strong>, conclut-elle.<\/p>\n<p class=\" wall-content\">Une philosophie qui fait de ce lieu bien plus qu\u2019un simple restaurant.\u200b<\/p>\n<p>La Marmite Joyeuse, au 33 boulevard National \u00e0 Marseille. Infos au 04 91 07 17 34<\/p>\n<p class=\" wall-content\">Suivez toute l\u2019actualit\u00e9 de vos villes et m\u00e9dias favoris en vous inscrivant \u00e0 <a href=\"https:\/\/moncompte.actu.fr\" title=\"D\u00e9couvez Mon Actu\" rel=\"nofollow noopener\" data-trk=\"{&quot;cta&quot;:{&quot;action&quot;:&quot;https:\\\/\\\/moncompte.actu.fr&quot;,&quot;category&quot;:&quot;mon compte&quot;,&quot;from&quot;:&quot;article footer&quot;,&quot;name&quot;:&quot;Mon actu&quot;,&quot;type&quot;:&quot;cta&quot;}}\" target=\"_blank\">Mon Actu<\/a>.<\/p>\n<ul class=\"ac-article-tag wall-content\">\n<li><a href=\"https:\/\/actu.fr\/tag\/gare-saint-charles\" data-trk=\"{&quot;cta&quot;:{&quot;action&quot;:&quot;Gare Saint Charles&quot;,&quot;category&quot;:&quot;tag&quot;,&quot;from&quot;:&quot;article footer&quot;,&quot;name&quot;:&quot;Gare Saint Charles&quot;,&quot;type&quot;:&quot;cta&quot;}}\" target=\"_blank\" rel=\"noopener\">#Gare Saint Charles<\/a><\/li>\n<li><a href=\"https:\/\/actu.fr\/tag\/restaurant\" data-trk=\"{&quot;cta&quot;:{&quot;action&quot;:&quot;Restaurant&quot;,&quot;category&quot;:&quot;tag&quot;,&quot;from&quot;:&quot;article footer&quot;,&quot;name&quot;:&quot;Restaurant&quot;,&quot;type&quot;:&quot;cta&quot;}}\" target=\"_blank\" rel=\"noopener\">#Restaurant<\/a><\/li>\n<\/ul>\n","protected":false},"excerpt":{"rendered":"Par Benjamin Cohen Royer Publi\u00e9 le 21 avr. 2025 \u00e0 16h04 Au 33 boulevard National, \u00e0 Marseille, La&hellip;\n","protected":false},"author":2,"featured_media":42337,"comment_status":"","ping_status":"","sticky":false,"template":"","format":"standard","meta":{"footnotes":""},"categories":[2814],"tags":[1111,11,1777,674,1011,27,6305,884,12,882,25,1340,104],"class_list":{"0":"post-42336","1":"post","2":"type-post","3":"status-publish","4":"format-standard","5":"has-post-thumbnail","7":"category-marseille","8":"tag-actu","9":"tag-actualites","10":"tag-eu","11":"tag-europe","12":"tag-fr","13":"tag-france","14":"tag-gare-saint-charles","15":"tag-marseille","16":"tag-news","17":"tag-provence-alpes-cote-dazur","18":"tag-republique-francaise","19":"tag-restaurant","20":"tag-societe"},"share_on_mastodon":{"url":"https:\/\/pubeurope.com\/@fr\/114377872099219087","error":""},"_links":{"self":[{"href":"https:\/\/www.europesays.com\/fr\/wp-json\/wp\/v2\/posts\/42336","targetHints":{"allow":["GET"]}}],"collection":[{"href":"https:\/\/www.europesays.com\/fr\/wp-json\/wp\/v2\/posts"}],"about":[{"href":"https:\/\/www.europesays.com\/fr\/wp-json\/wp\/v2\/types\/post"}],"author":[{"embeddable":true,"href":"https:\/\/www.europesays.com\/fr\/wp-json\/wp\/v2\/users\/2"}],"replies":[{"embeddable":true,"href":"https:\/\/www.europesays.com\/fr\/wp-json\/wp\/v2\/comments?post=42336"}],"version-history":[{"count":0,"href":"https:\/\/www.europesays.com\/fr\/wp-json\/wp\/v2\/posts\/42336\/revisions"}],"wp:featuredmedia":[{"embeddable":true,"href":"https:\/\/www.europesays.com\/fr\/wp-json\/wp\/v2\/media\/42337"}],"wp:attachment":[{"href":"https:\/\/www.europesays.com\/fr\/wp-json\/wp\/v2\/media?parent=42336"}],"wp:term":[{"taxonomy":"category","embeddable":true,"href":"https:\/\/www.europesays.com\/fr\/wp-json\/wp\/v2\/categories?post=42336"},{"taxonomy":"post_tag","embeddable":true,"href":"https:\/\/www.europesays.com\/fr\/wp-json\/wp\/v2\/tags?post=42336"}],"curies":[{"name":"wp","href":"https:\/\/api.w.org\/{rel}","templated":true}]}}