{"id":423363,"date":"2025-09-28T08:54:26","date_gmt":"2025-09-28T08:54:26","guid":{"rendered":"https:\/\/www.europesays.com\/fr\/423363\/"},"modified":"2025-09-28T08:54:26","modified_gmt":"2025-09-28T08:54:26","slug":"europe-le-vieux-continent-fait-face-a-un-declin-demographique","status":"publish","type":"post","link":"https:\/\/www.europesays.com\/fr\/423363\/","title":{"rendered":"Europe: le Vieux-Continent fait face \u00e0 un d\u00e9clin d\u00e9mographique"},"content":{"rendered":"<p>D\u00e9clin d\u00e9mographique \u2013 <\/p>\n<p>L\u2019Europe fait face \u00e0 une crise des naissances sans pr\u00e9c\u00e9dent<\/p>\n<p class=\"ContentHead_lead____SsS link_regular__O0hk0 link_externalicon-big__ZdPgo link_externalicon__qcwXs\">Dans presque toutes les r\u00e9gions du continent, le nombre de d\u00e9c\u00e8s d\u00e9passe celui des naissances. O\u00f9 se situe la Suisse en comparaison europ\u00e9enne?<\/p>\n<p><img loading=\"lazy\" decoding=\"async\" src=\"https:\/\/www.europesays.com\/fr\/wp-content\/uploads\/2025\/09\/7dh4JwEDaNBAXKu7jF2aGT.jpg\"  width=\"100\" height=\"100\"  alt=\"Svenson Cornehls\" class=\"AuthorImage_root__WCxj_ ContentMetaInfo_authorimage__Mp4LD AuthorImage_-content-head__3qDob\" style=\"background-color:#858585\"\/><img loading=\"lazy\" decoding=\"async\" src=\"https:\/\/www.europesays.com\/fr\/wp-content\/uploads\/2025\/09\/9hIBA9r_qtBBPe60qxvLNV.jpg\"  width=\"100\" height=\"100\"  alt=\"Marc Brupbacher\" class=\"AuthorImage_root__WCxj_ ContentMetaInfo_authorimage__Mp4LD AuthorImage_-content-head__3qDob\" style=\"background-color:#8B8B8B\"\/>Publi\u00e9: 26.09.2025, 10h36<\/p>\n<p class=\"ArticleParagraph_root__lhFZo ArticleContainer_content-width__FRl7F link_focus__0ZMwx link_externalicon-big__ZdPgo link_externalicon__qcwXs ArticleElement_article-element__q93eL\">La plupart des r\u00e9gions europ\u00e9ennes enregistrent plus de d\u00e9c\u00e8s que de naissances. Dans ces zones, le solde naturel \u2013 c\u2019est-\u00e0-dire la diff\u00e9rence entre naissances et d\u00e9c\u00e8s \u2013 est n\u00e9gatif. On parle alors d\u2019accroissement n\u00e9gatif de la population.<\/p>\n<p class=\"ArticleParagraph_root__lhFZo ArticleContainer_content-width__FRl7F link_focus__0ZMwx link_externalicon-big__ZdPgo link_externalicon__qcwXs ArticleElement_article-element__q93eL\">Cette \u00e9volution d\u00e9mographique, li\u00e9e \u00e0 une baisse du taux de natalit\u00e9 et au vieillissement de la population, repr\u00e9sente un d\u00e9fi majeur pour le Vieux-Continent. Les co\u00fbts des retraites et des soins aux personnes \u00e2g\u00e9es explosent et la p\u00e9nurie de main-d\u2019\u0153uvre se fait sentir. En Suisse aussi, le nombre de personnes en \u00e2ge de travailler va diminuer face \u00e0 une population de retrait\u00e9s toujours plus importante.<\/p>\n<p class=\"ArticleParagraph_root__lhFZo ArticleContainer_content-width__FRl7F link_focus__0ZMwx link_externalicon-big__ZdPgo link_externalicon__qcwXs ArticleElement_article-element__q93eL\">Depuis 2012, la population de l\u2019Union europ\u00e9enne (UE) diminuerait sans apport migratoire. Cette tendance s\u2019est encore accentu\u00e9e ces derni\u00e8res ann\u00e9es. L\u2019an dernier, l\u2019UE a enregistr\u00e9 1,26\u00a0million de d\u00e9c\u00e8s de plus que de naissances. Seule l\u2019ann\u00e9e 2022, marqu\u00e9e par la pand\u00e9mie de Covid, a affich\u00e9 un d\u00e9ficit plus important. En 2024, on a compt\u00e9 quatre d\u00e9c\u00e8s pour trois naissances.<\/p>\n<p>L\u2019Italie perdrait la moiti\u00e9 de sa population sans immigration<\/p>\n<p class=\"ArticleParagraph_root__lhFZo ArticleContainer_content-width__FRl7F link_focus__0ZMwx link_externalicon-big__ZdPgo link_externalicon__qcwXs ArticleElement_article-element__q93eL\">Les pays qui enregistrent la plus forte baisse d\u00e9mographique se trouvent surtout en Europe de l\u2019Est et du Sud. Les plus touch\u00e9s sont la Lettonie, la Lituanie, la Bulgarie et la Gr\u00e8ce. Le solde naturel est \u00e9galement en forte baisse en Italie, en Roumanie, en Estonie, en Hongrie, en Pologne et en Serbie.<\/p>\n<p class=\"ArticleParagraph_root__lhFZo ArticleContainer_content-width__FRl7F link_focus__0ZMwx link_externalicon-big__ZdPgo link_externalicon__qcwXs ArticleElement_article-element__q93eL\">La premi\u00e8re ministre italienne, <a class=\"HtmlText_root__A1OSq\" href=\"https:\/\/www.tdg.ch\/italie-meloni-est-la-plus-maligne-des-populistes-de-droite-409624672293\" rel=\"nofollow noopener\" target=\"_blank\">Giorgia Meloni,<\/a> a fait de la lutte contre l\u2019immigration l\u2019une de ses priorit\u00e9s. Son pays a pourtant l\u2019un des taux de natalit\u00e9 les plus bas d\u2019Europe. Sans immigration, la population diminuerait de plus de moiti\u00e9 d\u2019ici \u00e0 la fin du si\u00e8cle.<\/p>\n<p class=\"ArticleParagraph_root__lhFZo ArticleContainer_content-width__FRl7F link_focus__0ZMwx link_externalicon-big__ZdPgo link_externalicon__qcwXs ArticleElement_article-element__q93eL\">Seuls quelques pays d\u2019Europe de l\u2019Ouest et du Nord affichent encore un solde naturel positif, mais leur nombre diminue d\u2019ann\u00e9e en ann\u00e9e. C\u2019est le cas de petits \u00c9tats comme le Luxembourg, Chypre, Malte, l\u2019Islande, l\u2019Albanie ou le Mont\u00e9n\u00e9gro, mais aussi de plus grands pays comme l\u2019Irlande, la Norv\u00e8ge, la Su\u00e8de et la France.<\/p>\n<p class=\"ArticleParagraph_root__lhFZo ArticleContainer_content-width__FRl7F link_focus__0ZMwx link_externalicon-big__ZdPgo link_externalicon__qcwXs ArticleElement_article-element__q93eL\">On observe \u00e9galement des diff\u00e9rences r\u00e9gionales \u00e0 l\u2019int\u00e9rieur de chaque pays. En Suisse, des cantons comme Zurich, Fribourg, Vaud ou Gen\u00e8ve enregistrent un solde positif, en raison d\u2019une population relativement jeune et d\u2019une proportion plus \u00e9lev\u00e9e de femmes en \u00e2ge d\u2019avoir des enfants. Cette tendance s\u2019explique surtout par la forte immigration.<\/p>\n<p class=\"ArticleParagraph_root__lhFZo ArticleContainer_content-width__FRl7F link_focus__0ZMwx link_externalicon-big__ZdPgo link_externalicon__qcwXs ArticleElement_article-element__q93eL\">\u00c0 l\u2019inverse, les cantons de Berne, des Grisons, de B\u00e2le et du Tessin ont une population plus \u00e2g\u00e9e, ce qui entra\u00eene moins de naissances et davantage de d\u00e9c\u00e8s.<\/p>\n<p class=\"ArticleParagraph_root__lhFZo ArticleContainer_content-width__FRl7F link_focus__0ZMwx link_externalicon-big__ZdPgo link_externalicon__qcwXs ArticleElement_article-element__q93eL\">Si la population europ\u00e9enne augmente encore l\u00e9g\u00e8rement aujourd\u2019hui, c\u2019est uniquement gr\u00e2ce \u00e0 l\u2019immigration. Cependant, les flux migratoires actuels ne suffiront pas \u00e0 pas \u00e0 maintenir la population europ\u00e9enne \u00e0 un niveau stable. L\u2019Europe risque donc de conna\u00eetre un d\u00e9clin d\u00e9mographique important dans les prochaines d\u00e9cennies.<\/p>\n<p class=\"ArticleParagraph_root__lhFZo ArticleContainer_content-width__FRl7F link_focus__0ZMwx link_externalicon-big__ZdPgo link_externalicon__qcwXs ArticleElement_article-element__q93eL\">D\u2019ici \u00e0 2070, m\u00eame avec une immigration nette comparable au niveau actuel \u2013 soit 1,2\u00a0million de personnes suppl\u00e9mentaires par an \u2013, la population pourrait tomber \u00e0 432\u00a0millions d\u2019habitants (contre 451\u00a0millions actuellement), selon les projections d\u00e9mographiques d\u2019Eurostat. Sans immigration, la population de l\u2019UE reculerait d\u2019un peu plus de 20% pour atteindre 358\u00a0millions d\u2019habitants.<\/p>\n<p class=\"ArticleParagraph_root__lhFZo ArticleContainer_content-width__FRl7F link_focus__0ZMwx link_externalicon-big__ZdPgo link_externalicon__qcwXs ArticleElement_article-element__q93eL\">Ce n\u2019est qu\u2019avec une immigration nette sensiblement plus \u00e9lev\u00e9e qu\u2019aujourd\u2019hui, soit environ un tiers de plus que le niveau actuel, qu\u2019une l\u00e9g\u00e8re hausse de 3,1% serait envisageable, portant la population de l\u2019UE \u00e0 470\u00a0millions d\u2019habitants d\u2019ici \u00e0 la fin du si\u00e8cle.<\/p>\n<p class=\"ArticleParagraph_root__lhFZo ArticleContainer_content-width__FRl7F link_focus__0ZMwx link_externalicon-big__ZdPgo link_externalicon__qcwXs ArticleElement_article-element__q93eL\">La Suisse fait partie des rares pays europ\u00e9ens dont la population continuerait \u00e0 augmenter si l\u2019immigration restait au niveau actuel. Le cap des <a class=\"HtmlText_root__A1OSq\" href=\"https:\/\/www.tdg.ch\/suisse-les-effets-reels-de-limmigration-sur-notre-economie-545424044604\" rel=\"nofollow noopener\" target=\"_blank\">10\u00a0millions d\u2019habitants<\/a> pourrait ainsi \u00eatre atteint d\u2019ici \u00e0 quelques d\u00e9cennies. Sans immigration, en revanche, la population tomberait \u00e0 moins de 6\u00a0millions d\u2019ici \u00e0 2100.<\/p>\n<p class=\"ArticleParagraph_root__lhFZo ArticleContainer_content-width__FRl7F link_focus__0ZMwx link_externalicon-big__ZdPgo link_externalicon__qcwXs ArticleElement_article-element__q93eL\">Alors que la population totale de l\u2019UE est en diminution, le nombre de personnes de plus de 65\u00a0ans augmente de mani\u00e8re exponentielle. Ce groupe devrait repr\u00e9senter 32,5% de la population d\u2019ici \u00e0 la fin du si\u00e8cle, contre 21,8% actuellement. \u00c0 l\u2019inverse, la tranche d\u2019\u00e2ge des 15 \u00e0 65\u00a0ans perdra environ neuf points de pourcentage sur la m\u00eame p\u00e9riode.<\/p>\n<p>La migration ne peut pas tout r\u00e9soudre<\/p>\n<p class=\"ArticleParagraph_root__lhFZo ArticleContainer_content-width__FRl7F link_focus__0ZMwx link_externalicon-big__ZdPgo link_externalicon__qcwXs ArticleElement_article-element__q93eL\">La baisse d\u00e9mographique se traduira par moins d\u2019\u00e9l\u00e8ves, moins d\u2019actifs, moins de contribuables et moins de consommateurs. Le vieillissement de l\u2019Europe mettra les syst\u00e8mes sociaux \u00e0 rude \u00e9preuve.<\/p>\n<p class=\"ArticleParagraph_root__lhFZo ArticleContainer_content-width__FRl7F link_focus__0ZMwx link_externalicon-big__ZdPgo link_externalicon__qcwXs ArticleElement_article-element__q93eL\">La migration n\u2019est toutefois pas une solution miracle face aux d\u00e9fis d\u00e9mographiques. Si elle peut effectivement att\u00e9nuer la pression d\u00e9mographique, elle risque aussi d\u2019aggraver certains probl\u00e8mes, notamment lorsque l\u2019int\u00e9gration sur le march\u00e9 du travail et dans la soci\u00e9t\u00e9 n\u2019est pas r\u00e9ussie.<\/p>\n<p class=\"ArticleParagraph_root__lhFZo ArticleContainer_content-width__FRl7F link_focus__0ZMwx link_externalicon-big__ZdPgo link_externalicon__qcwXs ArticleElement_article-element__q93eL\">Par ailleurs, le d\u00e9clin d\u00e9mographique n\u2019est pas un ph\u00e9nom\u00e8ne propre \u00e0 l\u2019Europe. Selon les tendances actuelles, les pays qui connaissent traditionnellement une forte \u00e9migration seront eux aussi confront\u00e9s \u00e0 cette probl\u00e9matique \u00e0 l\u2019avenir.<\/p>\n<p class=\"ArticleParagraph_root__lhFZo ArticleContainer_content-width__FRl7F link_focus__0ZMwx link_externalicon-big__ZdPgo link_externalicon__qcwXs ArticleElement_article-element__q93eL\">Quoi qu\u2019il en soit, le vieillissement et le d\u00e9clin d\u00e9mographique des populations obligeront l\u2019Europe \u00e0 repenser et \u00e0 adapter ses mod\u00e8les sociaux et \u00e9conomiques.<\/p>\n<p>Traduit de l\u2019allemand par Laura Antonietti.<\/p>\n<p class=\"DynamicTeaser_boxtitle__B6piN\">Plus sur la d\u00e9mographie suisse<\/p>\n<p>Newsletter<\/p>\n<p>\u00abDerni\u00e8res nouvelles\u00bb<\/p>\n<p>Vous voulez rester au top de l\u2019info? \u00abTribune de Gen\u00e8ve\u00bb vous propose deux rendez-vous par jour, directement dans votre bo\u00eete e-mail. Pour ne rien rater de ce qui se passe dans votre canton, en Suisse ou dans le monde.<\/p>\n<p><a class=\"NewsletterBox_more__FNemz link_underlinelink__K5Zr0\" href=\"https:\/\/www.tdg.ch\/nos-newsletters\" rel=\"nofollow noopener\" target=\"_blank\">Autres newsletters<\/a><\/p>\n<p>Se connecter<strong>Marc Brupbacher<\/strong> dirige l&rsquo;unit\u00e9 Storytelling de Tamedia \u00e0 Zurich. En plus de l&rsquo;\u00e9quipe interactive, il est \u00e9galement responsable des blogs. Auparavant, il a offici\u00e9, entre autres, comme chef de l&rsquo;actualit\u00e9 et comme chef d&rsquo;\u00e9dition. Il \u00e9crit essentiellement des articles fond\u00e9s sur des donn\u00e9es \u2013 depuis 2020, surtout sur la crise du coronavirus.<a class=\"ArticleAuthorBio_moreinfo__cqyvz link_underlinelink__K5Zr0\" rel=\"author nofollow noopener\" href=\"https:\/\/www.tdg.ch\/author\/83371228\/marc-brupbacher\" target=\"_blank\">Plus d&rsquo;infos<\/a><a href=\"https:\/\/twitter.com\/marcbrup\" rel=\"nofollow noopener\" target=\"_blank\">@MarcBrup<\/a><strong>Svenson Cornehls<\/strong> est datajournaliste chez Tamedia \u00e0 Zurich. Apr\u00e8s une formation d&rsquo;informaticien, il a \u00e9tudi\u00e9 les sciences politiques \u00e0 Zurich. Depuis 2019, il \u00e9tablit des liens et raconte des histoires gr\u00e2ce \u00e0 ses recherches assist\u00e9es par ordinateur.<a class=\"ArticleAuthorBio_moreinfo__cqyvz link_underlinelink__K5Zr0\" rel=\"author nofollow noopener\" href=\"https:\/\/www.tdg.ch\/author\/38525508\/svenson-cornehls\" target=\"_blank\">Plus d&rsquo;infos<\/a><\/p>\n<p class=\"Feedback_root__fr_Mi ArticleContainer_content-width__FRl7F\">Vous avez trouv\u00e9 une erreur?<a href=\"mailto:tes_correction@tamedia.ch?subject=Avis%20d'erreur%20%7C%20Marc%20Brupbacher%20%7C%20L%E2%80%99Europe%20fait%20face%20%C3%A0%20une%20crise%20des%20naissances%20sans%20pr%C3%A9c%C3%A9dent&amp;body=J'ai%20trouv%C3%A9%20une%20erreur%20dans%20cet%20article%3A%20https%3A%2F%2Fwww.24heures.ch%2Feurope-le-vieux-continent-fait-face-a-un-declin-demographique-938158729217\" class=\"Feedback_feedbacklink__VyDCi link_underlinelink__K5Zr0\">Merci de nous la signaler.<\/a><\/p>\n<p>128 commentaires<\/p>\n<p><script async src=\"https:\/\/platform.twitter.com\/widgets.js\" charset=\"utf-8\"><\/script><\/p>\n","protected":false},"excerpt":{"rendered":"D\u00e9clin d\u00e9mographique \u2013 L\u2019Europe fait face \u00e0 une crise des naissances sans pr\u00e9c\u00e9dent Dans presque toutes les r\u00e9gions&hellip;\n","protected":false},"author":2,"featured_media":423364,"comment_status":"","ping_status":"","sticky":false,"template":"","format":"standard","meta":{"footnotes":""},"categories":[1586],"tags":[11,1777,674,1011,27,12,25,2300,43946],"class_list":{"0":"post-423363","1":"post","2":"type-post","3":"status-publish","4":"format-standard","5":"has-post-thumbnail","7":"category-europe","8":"tag-actualites","9":"tag-eu","10":"tag-europe","11":"tag-fr","12":"tag-france","13":"tag-news","14":"tag-republique-francaise","15":"tag-stats-seo","16":"tag-stats-traduction"},"share_on_mastodon":{"url":"https:\/\/pubeurope.com\/@fr\/115281085706640957","error":""},"_links":{"self":[{"href":"https:\/\/www.europesays.com\/fr\/wp-json\/wp\/v2\/posts\/423363","targetHints":{"allow":["GET"]}}],"collection":[{"href":"https:\/\/www.europesays.com\/fr\/wp-json\/wp\/v2\/posts"}],"about":[{"href":"https:\/\/www.europesays.com\/fr\/wp-json\/wp\/v2\/types\/post"}],"author":[{"embeddable":true,"href":"https:\/\/www.europesays.com\/fr\/wp-json\/wp\/v2\/users\/2"}],"replies":[{"embeddable":true,"href":"https:\/\/www.europesays.com\/fr\/wp-json\/wp\/v2\/comments?post=423363"}],"version-history":[{"count":0,"href":"https:\/\/www.europesays.com\/fr\/wp-json\/wp\/v2\/posts\/423363\/revisions"}],"wp:featuredmedia":[{"embeddable":true,"href":"https:\/\/www.europesays.com\/fr\/wp-json\/wp\/v2\/media\/423364"}],"wp:attachment":[{"href":"https:\/\/www.europesays.com\/fr\/wp-json\/wp\/v2\/media?parent=423363"}],"wp:term":[{"taxonomy":"category","embeddable":true,"href":"https:\/\/www.europesays.com\/fr\/wp-json\/wp\/v2\/categories?post=423363"},{"taxonomy":"post_tag","embeddable":true,"href":"https:\/\/www.europesays.com\/fr\/wp-json\/wp\/v2\/tags?post=423363"}],"curies":[{"name":"wp","href":"https:\/\/api.w.org\/{rel}","templated":true}]}}