{"id":423369,"date":"2025-09-28T08:57:19","date_gmt":"2025-09-28T08:57:19","guid":{"rendered":"https:\/\/www.europesays.com\/fr\/423369\/"},"modified":"2025-09-28T08:57:19","modified_gmt":"2025-09-28T08:57:19","slug":"ce-que-cache-le-retour-de-michel-barnier-dans-le-jeu-politique","status":"publish","type":"post","link":"https:\/\/www.europesays.com\/fr\/423369\/","title":{"rendered":"Ce que cache le retour de Michel Barnier dans le jeu politique"},"content":{"rendered":"<p>        <img decoding=\"async\" loading=\"lazy\" src=\"https:\/\/www.europesays.com\/fr\/wp-content\/uploads\/2025\/09\/31bf0d4_1729419403256-000-36kc8n7.jpg\"  width=\"728\" height=\"409\" alt=\"Michel Barnier photographi\u00e9 \u00e0 Vintimille, le 18\u00a0octobre 2024\"\/>  <\/p>\n<p>VALERY HACHE \/ AFP<\/p>\n<p>Michel Barnier photographi\u00e9 \u00e0 Vintimille, le 18\u00a0octobre 2024<\/p>\n<p class=\"asset asset-text\">POLITIQUE &#8211; Un peu moins d\u2019un an apr\u00e8s avoir \u00e9t\u00e9 censur\u00e9, <a href=\"https:\/\/www.huffingtonpost.fr\/politique\/article\/a-paris-une-election-legislative-partielle-sur-mesure-pour-michel-barnier_255049.html\" target=\"_blank\" rel=\"noopener\">Michel Barnier<\/a> est en pole position pour faire son grand retour \u00e0 l\u2019Assembl\u00e9e nationale. Le pr\u00e9d\u00e9cesseur de <a href=\"https:\/\/www.huffingtonpost.fr\/politique\/article\/a-matignon-sebastien-lecornu-a-deja-battu-un-record-apres-17-jours-en-poste_255280.html\" target=\"_blank\" rel=\"noopener\">Fran\u00e7ois Bayrou<\/a> affronte la candidate socialiste <a href=\"https:\/\/www.huffingtonpost.fr\/politique\/article\/legislative-partielle-a-paris-michel-barnier-largement-en-tete-du-1er-tour-voici-qui-il-affrontera-au-second-tour_255094.html\" target=\"_blank\" rel=\"noopener\">Fr\u00e9d\u00e9rique Bredin<\/a>, ce dimanche 28\u00a0septembre, pour le second tour de la l\u00e9gislative partielle de la 2e circonscription de Paris. L\u2019\u00e9lection du d\u00e9put\u00e9 macroniste Jean Laussucq a, quant \u00e0 elle, \u00e9t\u00e9 invalid\u00e9e pour irr\u00e9gularit\u00e9s dans ses comptes de campagne.<\/p>\n<p class=\"asset asset-text\">D\u00e9j\u00e0 en t\u00eate au premier tour, celui qui a d\u00e9j\u00e0 \u00e9t\u00e9 \u00e9lu plusieurs fois d\u00e9put\u00e9 de Savoie, pourrait b\u00e9n\u00e9ficier d\u2019un report partiel des voix obtenues par les candidats du RN Thierry Mariani, arriv\u00e9 en troisi\u00e8me (7\u00a0%), et Reconqu\u00eate Hilaire Bouy\u00e9 (6\u00a0%).<\/p>\n<p class=\"asset asset-text\">Alors que le scrutin a \u00e9t\u00e9 largement boud\u00e9 par les \u00e9lecteurs de la circonscription \u2013 un quart seulement a vot\u00e9 \u2013 sa concurrente socialiste temp\u00e8re l\u2019\u00e9clat de son opposant. Fr\u00e9d\u00e9rique Bredin estimait cette semaine qu\u2019il l\u2019aurait d\u00fb l\u2019emporter d\u00e8s le premier tour, \u00ab\u00a0mais il symbolise l\u2019\u00e9chec gouvernemental et les gens en ont assez de cette crise permanente\u00a0\u00bb.<\/p>\n<p class=\"asset asset-text\">Engonc\u00e9 dans le costume de monsieur Brexit avant sa nomination par Emmanuel Maron, le Savoyard a visiblement repris go\u00fbt \u00e0 la vie politique fran\u00e7aise et ses lumi\u00e8res. En juin dernier, il a m\u00eame publi\u00e9 un livre sur ses trois mois \u00e0 Matignon et fait une tourn\u00e9e de d\u00e9dicaces. \u00ab\u00a0Les Fran\u00e7ais que je croise estiment que j\u2019ai \u00e9t\u00e9 digne. J\u2019ai dit la v\u00e9rit\u00e9, notamment sur la situation budg\u00e9taire\u00a0\u00bb, d\u00e9fendait-il en juin \u00e0<a href=\"https:\/\/www.ouest-france.fr\/politique\/michel-barnier\/entretien-michel-barnier-je-vois-mal-comment-on-va-pouvoir-tenir-encore-deux-ans-871f2894-4317-11f0-b321-9f4333574570\" target=\"_blank\" rel=\"noopener\" title=\"Nouvelle fen\u00eatre\"> Ouest-France<\/a>.<\/p>\n<p>                     Lanc\u00e9 dans ses ambitions pr\u00e9sidentielles\u00a0?    <\/p>\n<p class=\"asset asset-text\">Un d\u00e9sir pour le septuag\u00e9naire de ne pas retomber aux oubliettes, et de prendre d\u00e9j\u00e0 l\u2019espace pour plus tard\u00a0? Dans ce m\u00eame entretien, Michel Barnier dissimule \u00e0 peine ses ambitions pour 2027, plaidant pour \u00ab\u00a0un candidat de la droite r\u00e9publicaine capable de rassembler au centre\u00a0\u00bb. Lui\u00a0? Il dit vouloir participer aux d\u00e9bats sans \u00ab\u00a0personnaliser\u00a0\u00bb les choses, et n\u2019exclut rien, pas m\u00eame son \u00ab\u00a0destin\u00a0\u00bb. \u00ab\u00a0On a tous une part de destin. Nous verrons bien quelles seront les circonstances qui feront qu\u2019on aura besoin de moi\u00a0\u00bb, disait-il encore au <a href=\"https:\/\/www.lepoint.fr\/politique\/michel-barnier-et-la-presidentielle-de-2027-je-reste-pret-a-servir-mon-pays-02-06-2025-2591090_20.php\" target=\"_blank\" rel=\"noopener\" title=\"Nouvelle fen\u00eatre\">Point<\/a> au mois de juin.<\/p>\n<p class=\"asset asset-text\">Ce come-back politique \u00e0 Paris ne s\u2019est pas fait sans fracas au sein de LR, et a irrit\u00e9 la ministre de la Culture Rachida Dati qui a menac\u00e9 de s\u2019y pr\u00e9senter aussi. Les observateurs ont pr\u00eat\u00e9 aux deux des intentions de transformer cette partielle en tremplin vers les municipales de 2026. Une id\u00e9e qu\u2019avait d\u2019ailleurs caress\u00e9 un temps Michel Barnier en 2008, pour succ\u00e9der \u00e0 Bertrand Delano\u00eb, comme le raconte ici le <a href=\"https:\/\/www.lefigaro.fr\/politique\/quand-michel-barnier-songeait-a-devenir-maire-de-paris-20250922\" target=\"_blank\" rel=\"noopener\" title=\"Nouvelle fen\u00eatre\">Figaro<\/a>. C\u2019est finalement la maire du VIIe arrondissement qui a \u00e9t\u00e9 investie officiellement par son parti pour la course \u00e0 l\u2019H\u00f4tel de ville parisien. Moyennant son retrait de la l\u00e9gislative partielle.<\/p>\n<p class=\"asset asset-text\">Dans le bloc central, on voit aussi dans cette candidature de Michel Barnier une man\u0153uvre de Bruno Retailleau afin de contrebalancer le poids de Laurent Wauquiez, pr\u00e9sident du groupe LR \u00e0 l\u2019Assembl\u00e9e. \u00ab\u00a0Barnier, c\u2019est plus pour emb\u00eater Laurent Wauquiez que Rachida Dati. Avoir un poids lourd dans le groupe, fid\u00e8le \u00e0 Bruno Retailleau, c\u2019est pratique\u00a0\u00bb, commentait aupr\u00e8s de <a href=\"https:\/\/lcp.fr\/actualites\/comment-les-trois-legislatives-partielles-a-venir-crispent-au-sein-meme-des-coalitions\" target=\"_blank\" rel=\"noopener\" title=\"Nouvelle fen\u00eatre\">LCP<\/a> en plein juillet un cadre de Renaissance. \u00ab\u00a0En attendant de pouvoir g\u00e9rer l\u2019ambition pr\u00e9sidentielle de Barnier, Retailleau s\u2019est dit que c\u2019\u00e9tait une bonne id\u00e9e de mettre ce b\u00e2ton dans les roues de Wauquiez\u00a0\u00bb, abonde un proche de Laurent Wauquiez aupr\u00e8s du <a href=\"https:\/\/www.lemonde.fr\/politique\/article\/2025\/09\/26\/legislative-partielle-a-paris-michel-barnier-la-campagne-d-un-ex-pret-a-replonger-dans-le-chaudron-de-l-assemblee-nationale_6643006_823448.html\" target=\"_blank\" rel=\"noopener\" title=\"Nouvelle fen\u00eatre\">Monde<\/a>.<\/p>\n<p class=\"asset asset-text\">Une candidature aussi pour grignoter du terrain aux macronistes dans le contexte fragment\u00e9 du bloc central. S\u2019il est \u00e9lu, Michel Barnier deviendra le premier d\u00e9put\u00e9 LR de Paris, alors que les 18 circonscriptions de la capitale sont partag\u00e9es depuis 2022 entre la gauche et les macronistes. Dans les rangs attalistes, l\u2019absence de candidat maison n\u2019avait d\u2019ailleurs pas \u00e9t\u00e9 sans susciter des d\u00e9convenues, alors dans une Assembl\u00e9e morcel\u00e9e o\u00f9 chaque si\u00e8ge compte. Les proches du patron de Renaissance renvoient eux, dans <a href=\"https:\/\/www.lesechos.fr\/politique-societe\/politique\/a-paris-la-legislative-partielle-marque-un-retour-du-clivage-gauche-droite-2187438\" target=\"_blank\" rel=\"noopener\" title=\"Nouvelle fen\u00eatre\">Les \u00c9chos<\/a>, \u00e0 \u00ab\u00a0une prime \u00e0 la clart\u00e9 et \u00e0 l\u2019apaisement\u00a0\u00bb.<\/p>\n","protected":false},"excerpt":{"rendered":"VALERY HACHE \/ AFP Michel Barnier photographi\u00e9 \u00e0 Vintimille, le 18\u00a0octobre 2024 POLITIQUE &#8211; Un peu moins d\u2019un&hellip;\n","protected":false},"author":2,"featured_media":423370,"comment_status":"","ping_status":"","sticky":false,"template":"","format":"standard","meta":{"footnotes":""},"categories":[2],"tags":[11,1011,27,39207,6319,27636,12,626,316,25],"class_list":{"0":"post-423369","1":"post","2":"type-post","3":"status-publish","4":"format-standard","5":"has-post-thumbnail","7":"category-actualites","8":"tag-actualites","9":"tag-fr","10":"tag-france","11":"tag-legislative-partielle","12":"tag-les-republicains","13":"tag-michel-barnier","14":"tag-news","15":"tag-paris","16":"tag-politique","17":"tag-republique-francaise"},"share_on_mastodon":{"url":"https:\/\/pubeurope.com\/@fr\/115281097259474087","error":""},"_links":{"self":[{"href":"https:\/\/www.europesays.com\/fr\/wp-json\/wp\/v2\/posts\/423369","targetHints":{"allow":["GET"]}}],"collection":[{"href":"https:\/\/www.europesays.com\/fr\/wp-json\/wp\/v2\/posts"}],"about":[{"href":"https:\/\/www.europesays.com\/fr\/wp-json\/wp\/v2\/types\/post"}],"author":[{"embeddable":true,"href":"https:\/\/www.europesays.com\/fr\/wp-json\/wp\/v2\/users\/2"}],"replies":[{"embeddable":true,"href":"https:\/\/www.europesays.com\/fr\/wp-json\/wp\/v2\/comments?post=423369"}],"version-history":[{"count":0,"href":"https:\/\/www.europesays.com\/fr\/wp-json\/wp\/v2\/posts\/423369\/revisions"}],"wp:featuredmedia":[{"embeddable":true,"href":"https:\/\/www.europesays.com\/fr\/wp-json\/wp\/v2\/media\/423370"}],"wp:attachment":[{"href":"https:\/\/www.europesays.com\/fr\/wp-json\/wp\/v2\/media?parent=423369"}],"wp:term":[{"taxonomy":"category","embeddable":true,"href":"https:\/\/www.europesays.com\/fr\/wp-json\/wp\/v2\/categories?post=423369"},{"taxonomy":"post_tag","embeddable":true,"href":"https:\/\/www.europesays.com\/fr\/wp-json\/wp\/v2\/tags?post=423369"}],"curies":[{"name":"wp","href":"https:\/\/api.w.org\/{rel}","templated":true}]}}